{"id":7824,"date":"2025-09-08T11:45:24","date_gmt":"2025-09-08T09:45:24","guid":{"rendered":"http:\/\/tt-bruchhausen.de\/Web\/?p=7824"},"modified":"2025-09-11T16:43:29","modified_gmt":"2025-09-11T14:43:29","slug":"jungen-13-starten-souveraen-in-die-neue-saison","status":"publish","type":"post","link":"http:\/\/tt-bruchhausen.de\/Web\/jungen-13-starten-souveraen-in-die-neue-saison\/","title":{"rendered":"Jungen 13 starten souver\u00e4n in die neue Saison"},"content":{"rendered":"<p class=\"p1\"><span class=\"s1\">Nachdem bereits die beiden \u00e4lteren TuS-Jugendteams sehr erfolgreich in die neue Saison gestartet sind, wollten dies nun unsere neuen Jungen 13 nat\u00fcrlich gerne nachmachen.<br \/>\n<\/span>In ihrem ersten Spiel der Saison 2025\/26 war daf\u00fcr nun der TuS Sundern zu Gast im Entendorf. Der TuS schickte f\u00fcr dieses Spiel Ben Leben und die Br\u00fcder Niko und Felix Mertens ins Rennen, und alle sollten ihre Sache gegen \u00e4ltere Gegner gut machen.<\/p>\n<p><img decoding=\"async\" class=\"alignnone size-medium wp-image-7836\" src=\"http:\/\/tt-bruchhausen.de\/Web\/wp-content\/uploads\/2025\/09\/IMG_5869-300x225.jpeg\" alt=\"\" width=\"300\" height=\"225\" srcset=\"http:\/\/tt-bruchhausen.de\/Web\/wp-content\/uploads\/2025\/09\/IMG_5869-300x225.jpeg 300w, http:\/\/tt-bruchhausen.de\/Web\/wp-content\/uploads\/2025\/09\/IMG_5869-768x576.jpeg 768w, http:\/\/tt-bruchhausen.de\/Web\/wp-content\/uploads\/2025\/09\/IMG_5869-1365x1024.jpeg 1365w, http:\/\/tt-bruchhausen.de\/Web\/wp-content\/uploads\/2025\/09\/IMG_5869-1536x1152.jpeg 1536w\" sizes=\"(max-width: 300px) 100vw, 300px\" \/><br \/>\n<i>Start in die Jungen 13 Bezirksoberliga: Felix, Niko und Ben mit Maskottchen Mr. Pommes<\/i><\/p>\n<p class=\"p1\"><span class=\"s1\">Da beide Mannschaften jeweils zu dritt antraten, startete das Spiel mit einem Doppel. Dieses wurde beim TuS mit Ben und Niko bekleidet, die bereits in der vergangenen Saison bei den Jungen 11 zusammen Doppel gespielt hatten. Beide machten ihre Sache sehr gut und l\u00f6sten die Pflichtaufgabe souver\u00e4n in drei S\u00e4tzen.<\/span><\/p>\n<p><img decoding=\"async\" class=\"alignnone size-medium wp-image-7837\" src=\"http:\/\/tt-bruchhausen.de\/Web\/wp-content\/uploads\/2025\/09\/IMG_5871-300x225.jpeg\" alt=\"\" width=\"300\" height=\"225\" srcset=\"http:\/\/tt-bruchhausen.de\/Web\/wp-content\/uploads\/2025\/09\/IMG_5871-300x225.jpeg 300w, http:\/\/tt-bruchhausen.de\/Web\/wp-content\/uploads\/2025\/09\/IMG_5871-768x576.jpeg 768w, http:\/\/tt-bruchhausen.de\/Web\/wp-content\/uploads\/2025\/09\/IMG_5871-1365x1024.jpeg 1365w, http:\/\/tt-bruchhausen.de\/Web\/wp-content\/uploads\/2025\/09\/IMG_5871-1536x1152.jpeg 1536w\" sizes=\"(max-width: 300px) 100vw, 300px\" \/><br \/>\n<i>Der erste Punkt der Saison durch Ben und Niko<\/i><\/p>\n<p class=\"p1\"><span class=\"s1\">Am Nachbartisch trat mit Felix unser j\u00fcngster Spieler an die Platte, und auch er machte seine Sache wirklich sehr gut. Trotz deutlichem Gr\u00f6\u00dfenunterschied gewann er die ersten beiden S\u00e4tze souver\u00e4n, doch dann spielte sein Gegner vermehrt f\u00fcr ihn fiese kurze B\u00e4lle, sodass er den Satz knapp abgab. Auch im vierten Satz spielte sein Gegner diese B\u00e4lle, doch Felix konnte mit starken R\u00fcckschl\u00e4gen und cleveren Aufschl\u00e4gen dagegen halten und nicht nur den Satz, sondern auch das Spiel f\u00fcr sich entscheiden.<\/span><\/p>\n<p class=\"p1\"><span class=\"s1\">Beim Stand von 2:0 aus Sicht des TuS war nun unser oberes Paarkreuz, bestehend aus Ben und Niko gefordert, und beide machten da weiter, wo sie mit ihrem gemeinsamen Doppel aufgeh\u00f6rt hatten. Beide siegten wie bereits im Doppel souver\u00e4n in drei S\u00e4tzen und stellten somit auf 4:0 f\u00fcr den TuS.<\/span><\/p>\n<p><img decoding=\"async\" class=\"alignnone size-medium wp-image-7839\" src=\"http:\/\/tt-bruchhausen.de\/Web\/wp-content\/uploads\/2025\/09\/IMG_5878-300x225.jpeg\" alt=\"\" width=\"300\" height=\"225\" srcset=\"http:\/\/tt-bruchhausen.de\/Web\/wp-content\/uploads\/2025\/09\/IMG_5878-300x225.jpeg 300w, http:\/\/tt-bruchhausen.de\/Web\/wp-content\/uploads\/2025\/09\/IMG_5878-768x576.jpeg 768w, http:\/\/tt-bruchhausen.de\/Web\/wp-content\/uploads\/2025\/09\/IMG_5878-1365x1024.jpeg 1365w, http:\/\/tt-bruchhausen.de\/Web\/wp-content\/uploads\/2025\/09\/IMG_5878-1536x1152.jpeg 1536w\" sizes=\"(max-width: 300px) 100vw, 300px\" \/><br \/>\n<i>Starke Leistung gegen Sundern: Ben<\/i><\/p>\n<p class=\"p1\"><span class=\"s1\">Nun kam es zu Mertens-Power im Doppelpack, denn Felix und Niko traten gleichzeitig gegen ihre Gegner an die Platten.<\/span><\/p>\n<p class=\"p1\"><span class=\"s1\">Nach seinem ersten Sieg gegen einen deutlich \u00e4lteren Gegner hatte Felix Selbstvertrauen getankt und machte ein ganz starkes Spiel gegen seinen erneut deutlich gr\u00f6\u00dferen Gegner: er lie\u00df kaum etwas anbrennen und gewann souver\u00e4n in drei S\u00e4tzen.<br \/>\n<\/span>Sein \u00e4lterer Bruder Niko tat ihm dies nach und siegte ebenfalls in drei S\u00e4tzen, sodass die beiden Br\u00fcder auf 6:0 f\u00fcr den TuS stellten &#8211; der erste Sieg der Saison war also schon mal gesichert.<\/p>\n<p><img decoding=\"async\" class=\"alignnone size-medium wp-image-7838\" src=\"http:\/\/tt-bruchhausen.de\/Web\/wp-content\/uploads\/2025\/09\/IMG_5876-300x225.jpeg\" alt=\"\" width=\"300\" height=\"225\" srcset=\"http:\/\/tt-bruchhausen.de\/Web\/wp-content\/uploads\/2025\/09\/IMG_5876-300x225.jpeg 300w, http:\/\/tt-bruchhausen.de\/Web\/wp-content\/uploads\/2025\/09\/IMG_5876-768x576.jpeg 768w, http:\/\/tt-bruchhausen.de\/Web\/wp-content\/uploads\/2025\/09\/IMG_5876-1365x1024.jpeg 1365w, http:\/\/tt-bruchhausen.de\/Web\/wp-content\/uploads\/2025\/09\/IMG_5876-1536x1152.jpeg 1536w\" sizes=\"(max-width: 300px) 100vw, 300px\" \/><br \/>\n<i>Sorgte f\u00fcr den Punkt zum Sieg: Niko<\/i><\/p>\n<p class=\"p1\"><span class=\"s1\">Die zwei Punkte waren ihnen also schon mal sicher gewesen, jetzt ging es nur noch darum, wie hoch dieser ausfallen w\u00fcrde.<br \/>\n<\/span>Ben war nun im Duell der Top-Leute gefordert gewesen, und auch Ben kn\u00fcpfte an seine starke Leistung aus seinem ersten Spiel an. Ohne Satzverlust sicherte er den siebten Punkt des TuS.<br \/>\nIn seinem letzten Einzel des Tages spielte Niko noch mal sehr stark auf, gewann souver\u00e4n in drei S\u00e4tzen und bescherte den TuS-Youngstern den achten Punkt.<\/p>\n<p class=\"p1\"><span class=\"s1\">In den letzten beiden Spielen des Tages waren nun Felix und Ben in den \u201e\u00dcberkreuz-Spielen\u201c gefordert, und beide kn\u00fcpften an ihren bisher gezeigten Leistungen nahtlos an.<br \/>\n<\/span>Felix machte ein starkes Spiel gegen den Sunderner Spitzenspieler, lie\u00df kaum Chancen zu und siegte am Ende glatt in drei S\u00e4tzen.<\/p>\n<p><img decoding=\"async\" class=\"alignnone size-medium wp-image-7840\" src=\"http:\/\/tt-bruchhausen.de\/Web\/wp-content\/uploads\/2025\/09\/IMG_5873-300x225.jpeg\" alt=\"\" width=\"300\" height=\"225\" srcset=\"http:\/\/tt-bruchhausen.de\/Web\/wp-content\/uploads\/2025\/09\/IMG_5873-300x225.jpeg 300w, http:\/\/tt-bruchhausen.de\/Web\/wp-content\/uploads\/2025\/09\/IMG_5873-768x576.jpeg 768w, http:\/\/tt-bruchhausen.de\/Web\/wp-content\/uploads\/2025\/09\/IMG_5873-1365x1024.jpeg 1365w, http:\/\/tt-bruchhausen.de\/Web\/wp-content\/uploads\/2025\/09\/IMG_5873-1536x1152.jpeg 1536w\" sizes=\"(max-width: 300px) 100vw, 300px\" \/><br \/>\n<i>Starke Leistung gegen die \u00c4lteren: Felix<\/i><\/p>\n<p class=\"p1\"><span class=\"s1\">Auch Ben blieb im letzten Einzel des Tages ohne Satzverlust und sorgte mit seinem Sieg zum 10:0-Endstand f\u00fcr den TuS.<\/span><\/p>\n<p><img decoding=\"async\" class=\"alignnone size-medium wp-image-7841\" src=\"http:\/\/tt-bruchhausen.de\/Web\/wp-content\/uploads\/2025\/09\/IMG_5879-300x225.jpeg\" alt=\"\" width=\"300\" height=\"225\" srcset=\"http:\/\/tt-bruchhausen.de\/Web\/wp-content\/uploads\/2025\/09\/IMG_5879-300x225.jpeg 300w, http:\/\/tt-bruchhausen.de\/Web\/wp-content\/uploads\/2025\/09\/IMG_5879-768x576.jpeg 768w, http:\/\/tt-bruchhausen.de\/Web\/wp-content\/uploads\/2025\/09\/IMG_5879-1365x1024.jpeg 1365w, http:\/\/tt-bruchhausen.de\/Web\/wp-content\/uploads\/2025\/09\/IMG_5879-1536x1152.jpeg 1536w\" sizes=\"(max-width: 300px) 100vw, 300px\" \/><br \/>\n<i>Kantersieg zum Start: Unsere Jungen 13 Ben, Niko und Felix<\/i><\/p>\n<p class=\"p1\"><span class=\"s1\">Damit starteten nun auch die Jungen 13 durch ein starkes Spiel aller Spieler mit einem Erfolgserlebnis in die neue Saison. Bis zu ihrem n\u00e4chsten Spiel m\u00fcssen sich unsere Youngster allerdings noch etwas gedulden, denn das steigt erst in zwei Wochen gegen den SV Holzen <\/span><\/p>\n","protected":false},"excerpt":{"rendered":"<p>Nachdem bereits die beiden \u00e4lteren TuS-Jugendteams sehr erfolgreich in die neue Saison gestartet sind, wollten dies nun unsere neuen Jungen 13 nat\u00fcrlich gerne nachmachen. In  [&#8230;]<\/p>\n","protected":false},"author":7,"featured_media":7841,"comment_status":"open","ping_status":"open","sticky":false,"template":"","format":"standard","meta":{"kia_subtitle":"","_themeisle_gutenberg_block_has_review":false,"footnotes":""},"categories":[6],"tags":[],"class_list":["post-7824","post","type-post","status-publish","format-standard","has-post-thumbnail","hentry","category-1-nachwuchs"],"yoast_head":"<!-- This site is optimized with the Yoast SEO plugin v28.4 - https:\/\/yoast.com\/product\/yoast-seo-wordpress\/ -->\n<title>Jungen 13 starten souver\u00e4n in die neue Saison - TuS Bruchhausen 02 - TT Abteilung<\/title>\n<meta name=\"robots\" content=\"index, follow, max-snippet:-1, max-image-preview:large, max-video-preview:-1\" \/>\n<link rel=\"canonical\" href=\"http:\/\/tt-bruchhausen.de\/Web\/jungen-13-starten-souveraen-in-die-neue-saison\/\" \/>\n<meta property=\"og:locale\" content=\"de_DE\" \/>\n<meta property=\"og:type\" content=\"article\" \/>\n<meta property=\"og:title\" content=\"Jungen 13 starten souver\u00e4n in die neue Saison - TuS Bruchhausen 02 - TT Abteilung\" \/>\n<meta property=\"og:description\" content=\"Nachdem bereits die beiden \u00e4lteren TuS-Jugendteams sehr erfolgreich in die neue Saison gestartet sind, wollten dies nun unsere neuen Jungen 13 nat\u00fcrlich gerne nachmachen. In [...]\" \/>\n<meta property=\"og:url\" content=\"http:\/\/tt-bruchhausen.de\/Web\/jungen-13-starten-souveraen-in-die-neue-saison\/\" \/>\n<meta property=\"og:site_name\" content=\"TuS Bruchhausen 02 - TT Abteilung\" \/>\n<meta property=\"article:published_time\" content=\"2025-09-08T09:45:24+00:00\" \/>\n<meta property=\"article:modified_time\" content=\"2025-09-11T14:43:29+00:00\" \/>\n<meta property=\"og:image\" content=\"http:\/\/tt-bruchhausen.de\/Web\/wp-content\/uploads\/2025\/09\/IMG_5879-scaled.jpeg\" \/>\n\t<meta property=\"og:image:width\" content=\"2560\" \/>\n\t<meta property=\"og:image:height\" content=\"1920\" \/>\n\t<meta property=\"og:image:type\" content=\"image\/jpeg\" \/>\n<meta name=\"author\" content=\"MK\" \/>\n<meta name=\"twitter:card\" content=\"summary_large_image\" \/>\n<meta name=\"twitter:label1\" content=\"Verfasst von\" \/>\n\t<meta name=\"twitter:data1\" content=\"MK\" \/>\n\t<meta name=\"twitter:label2\" content=\"Gesch\u00e4tzte Lesezeit\" \/>\n\t<meta name=\"twitter:data2\" content=\"3\u00a0Minuten\" \/>\n<script type=\"application\/ld+json\" class=\"yoast-schema-graph\">{\"@context\":\"https:\\\/\\\/schema.org\",\"@graph\":[{\"@type\":\"Article\",\"@id\":\"http:\\\/\\\/tt-bruchhausen.de\\\/Web\\\/jungen-13-starten-souveraen-in-die-neue-saison\\\/#article\",\"isPartOf\":{\"@id\":\"http:\\\/\\\/tt-bruchhausen.de\\\/Web\\\/jungen-13-starten-souveraen-in-die-neue-saison\\\/\"},\"author\":{\"name\":\"MK\",\"@id\":\"http:\\\/\\\/tt-bruchhausen.de\\\/Web\\\/#\\\/schema\\\/person\\\/8c5d35e003f430988a311361f303e3e2\"},\"headline\":\"Jungen 13 starten souver\u00e4n in die neue Saison\",\"datePublished\":\"2025-09-08T09:45:24+00:00\",\"dateModified\":\"2025-09-11T14:43:29+00:00\",\"mainEntityOfPage\":{\"@id\":\"http:\\\/\\\/tt-bruchhausen.de\\\/Web\\\/jungen-13-starten-souveraen-in-die-neue-saison\\\/\"},\"wordCount\":613,\"commentCount\":0,\"image\":{\"@id\":\"http:\\\/\\\/tt-bruchhausen.de\\\/Web\\\/jungen-13-starten-souveraen-in-die-neue-saison\\\/#primaryimage\"},\"thumbnailUrl\":\"http:\\\/\\\/tt-bruchhausen.de\\\/Web\\\/wp-content\\\/uploads\\\/2025\\\/09\\\/IMG_5879-scaled.jpeg\",\"articleSection\":[\"Nachwuchs\"],\"inLanguage\":\"de\",\"potentialAction\":[{\"@type\":\"CommentAction\",\"name\":\"Comment\",\"target\":[\"http:\\\/\\\/tt-bruchhausen.de\\\/Web\\\/jungen-13-starten-souveraen-in-die-neue-saison\\\/#respond\"]}]},{\"@type\":\"WebPage\",\"@id\":\"http:\\\/\\\/tt-bruchhausen.de\\\/Web\\\/jungen-13-starten-souveraen-in-die-neue-saison\\\/\",\"url\":\"http:\\\/\\\/tt-bruchhausen.de\\\/Web\\\/jungen-13-starten-souveraen-in-die-neue-saison\\\/\",\"name\":\"Jungen 13 starten souver\u00e4n in die neue Saison - TuS Bruchhausen 02 - TT Abteilung\",\"isPartOf\":{\"@id\":\"http:\\\/\\\/tt-bruchhausen.de\\\/Web\\\/#website\"},\"primaryImageOfPage\":{\"@id\":\"http:\\\/\\\/tt-bruchhausen.de\\\/Web\\\/jungen-13-starten-souveraen-in-die-neue-saison\\\/#primaryimage\"},\"image\":{\"@id\":\"http:\\\/\\\/tt-bruchhausen.de\\\/Web\\\/jungen-13-starten-souveraen-in-die-neue-saison\\\/#primaryimage\"},\"thumbnailUrl\":\"http:\\\/\\\/tt-bruchhausen.de\\\/Web\\\/wp-content\\\/uploads\\\/2025\\\/09\\\/IMG_5879-scaled.jpeg\",\"datePublished\":\"2025-09-08T09:45:24+00:00\",\"dateModified\":\"2025-09-11T14:43:29+00:00\",\"author\":{\"@id\":\"http:\\\/\\\/tt-bruchhausen.de\\\/Web\\\/#\\\/schema\\\/person\\\/8c5d35e003f430988a311361f303e3e2\"},\"breadcrumb\":{\"@id\":\"http:\\\/\\\/tt-bruchhausen.de\\\/Web\\\/jungen-13-starten-souveraen-in-die-neue-saison\\\/#breadcrumb\"},\"inLanguage\":\"de\",\"potentialAction\":[{\"@type\":\"ReadAction\",\"target\":[\"http:\\\/\\\/tt-bruchhausen.de\\\/Web\\\/jungen-13-starten-souveraen-in-die-neue-saison\\\/\"]}]},{\"@type\":\"ImageObject\",\"inLanguage\":\"de\",\"@id\":\"http:\\\/\\\/tt-bruchhausen.de\\\/Web\\\/jungen-13-starten-souveraen-in-die-neue-saison\\\/#primaryimage\",\"url\":\"http:\\\/\\\/tt-bruchhausen.de\\\/Web\\\/wp-content\\\/uploads\\\/2025\\\/09\\\/IMG_5879-scaled.jpeg\",\"contentUrl\":\"http:\\\/\\\/tt-bruchhausen.de\\\/Web\\\/wp-content\\\/uploads\\\/2025\\\/09\\\/IMG_5879-scaled.jpeg\",\"width\":2560,\"height\":1920},{\"@type\":\"BreadcrumbList\",\"@id\":\"http:\\\/\\\/tt-bruchhausen.de\\\/Web\\\/jungen-13-starten-souveraen-in-die-neue-saison\\\/#breadcrumb\",\"itemListElement\":[{\"@type\":\"ListItem\",\"position\":1,\"name\":\"Start\",\"item\":\"http:\\\/\\\/tt-bruchhausen.de\\\/Web\\\/\"},{\"@type\":\"ListItem\",\"position\":2,\"name\":\"Jungen 13 starten souver\u00e4n in die neue Saison\"}]},{\"@type\":\"WebSite\",\"@id\":\"http:\\\/\\\/tt-bruchhausen.de\\\/Web\\\/#website\",\"url\":\"http:\\\/\\\/tt-bruchhausen.de\\\/Web\\\/\",\"name\":\"TuS Bruchhausen 02 - TT Abteilung\",\"description\":\"Tischtennis im Entondorf\",\"potentialAction\":[{\"@type\":\"SearchAction\",\"target\":{\"@type\":\"EntryPoint\",\"urlTemplate\":\"http:\\\/\\\/tt-bruchhausen.de\\\/Web\\\/?s={search_term_string}\"},\"query-input\":{\"@type\":\"PropertyValueSpecification\",\"valueRequired\":true,\"valueName\":\"search_term_string\"}}],\"inLanguage\":\"de\"},{\"@type\":\"Person\",\"@id\":\"http:\\\/\\\/tt-bruchhausen.de\\\/Web\\\/#\\\/schema\\\/person\\\/8c5d35e003f430988a311361f303e3e2\",\"name\":\"MK\",\"image\":{\"@type\":\"ImageObject\",\"inLanguage\":\"de\",\"@id\":\"https:\\\/\\\/secure.gravatar.com\\\/avatar\\\/b08fdd492f94f070b6fff67dfa1643dae8c7e60b0708012bd8990eddba27596c?s=96&d=mm&r=g\",\"url\":\"https:\\\/\\\/secure.gravatar.com\\\/avatar\\\/b08fdd492f94f070b6fff67dfa1643dae8c7e60b0708012bd8990eddba27596c?s=96&d=mm&r=g\",\"contentUrl\":\"https:\\\/\\\/secure.gravatar.com\\\/avatar\\\/b08fdd492f94f070b6fff67dfa1643dae8c7e60b0708012bd8990eddba27596c?s=96&d=mm&r=g\",\"caption\":\"MK\"},\"sameAs\":[\"http:\\\/\\\/tt-bruchhausen.de\"],\"url\":\"http:\\\/\\\/tt-bruchhausen.de\\\/Web\\\/author\\\/mk\\\/\"}]}<\/script>\n<!-- \/ Yoast SEO plugin. -->","yoast_head_json":{"title":"Jungen 13 starten souver\u00e4n in die neue Saison - TuS Bruchhausen 02 - TT Abteilung","robots":{"index":"index","follow":"follow","max-snippet":"max-snippet:-1","max-image-preview":"max-image-preview:large","max-video-preview":"max-video-preview:-1"},"canonical":"http:\/\/tt-bruchhausen.de\/Web\/jungen-13-starten-souveraen-in-die-neue-saison\/","og_locale":"de_DE","og_type":"article","og_title":"Jungen 13 starten souver\u00e4n in die neue Saison - TuS Bruchhausen 02 - TT Abteilung","og_description":"Nachdem bereits die beiden \u00e4lteren TuS-Jugendteams sehr erfolgreich in die neue Saison gestartet sind, wollten dies nun unsere neuen Jungen 13 nat\u00fcrlich gerne nachmachen. In [...]","og_url":"http:\/\/tt-bruchhausen.de\/Web\/jungen-13-starten-souveraen-in-die-neue-saison\/","og_site_name":"TuS Bruchhausen 02 - TT Abteilung","article_published_time":"2025-09-08T09:45:24+00:00","article_modified_time":"2025-09-11T14:43:29+00:00","og_image":[{"width":2560,"height":1920,"url":"http:\/\/tt-bruchhausen.de\/Web\/wp-content\/uploads\/2025\/09\/IMG_5879-scaled.jpeg","type":"image\/jpeg"}],"author":"MK","twitter_card":"summary_large_image","twitter_misc":{"Verfasst von":"MK","Gesch\u00e4tzte Lesezeit":"3\u00a0Minuten"},"schema":{"@context":"https:\/\/schema.org","@graph":[{"@type":"Article","@id":"http:\/\/tt-bruchhausen.de\/Web\/jungen-13-starten-souveraen-in-die-neue-saison\/#article","isPartOf":{"@id":"http:\/\/tt-bruchhausen.de\/Web\/jungen-13-starten-souveraen-in-die-neue-saison\/"},"author":{"name":"MK","@id":"http:\/\/tt-bruchhausen.de\/Web\/#\/schema\/person\/8c5d35e003f430988a311361f303e3e2"},"headline":"Jungen 13 starten souver\u00e4n in die neue Saison","datePublished":"2025-09-08T09:45:24+00:00","dateModified":"2025-09-11T14:43:29+00:00","mainEntityOfPage":{"@id":"http:\/\/tt-bruchhausen.de\/Web\/jungen-13-starten-souveraen-in-die-neue-saison\/"},"wordCount":613,"commentCount":0,"image":{"@id":"http:\/\/tt-bruchhausen.de\/Web\/jungen-13-starten-souveraen-in-die-neue-saison\/#primaryimage"},"thumbnailUrl":"http:\/\/tt-bruchhausen.de\/Web\/wp-content\/uploads\/2025\/09\/IMG_5879-scaled.jpeg","articleSection":["Nachwuchs"],"inLanguage":"de","potentialAction":[{"@type":"CommentAction","name":"Comment","target":["http:\/\/tt-bruchhausen.de\/Web\/jungen-13-starten-souveraen-in-die-neue-saison\/#respond"]}]},{"@type":"WebPage","@id":"http:\/\/tt-bruchhausen.de\/Web\/jungen-13-starten-souveraen-in-die-neue-saison\/","url":"http:\/\/tt-bruchhausen.de\/Web\/jungen-13-starten-souveraen-in-die-neue-saison\/","name":"Jungen 13 starten souver\u00e4n in die neue Saison - TuS Bruchhausen 02 - TT Abteilung","isPartOf":{"@id":"http:\/\/tt-bruchhausen.de\/Web\/#website"},"primaryImageOfPage":{"@id":"http:\/\/tt-bruchhausen.de\/Web\/jungen-13-starten-souveraen-in-die-neue-saison\/#primaryimage"},"image":{"@id":"http:\/\/tt-bruchhausen.de\/Web\/jungen-13-starten-souveraen-in-die-neue-saison\/#primaryimage"},"thumbnailUrl":"http:\/\/tt-bruchhausen.de\/Web\/wp-content\/uploads\/2025\/09\/IMG_5879-scaled.jpeg","datePublished":"2025-09-08T09:45:24+00:00","dateModified":"2025-09-11T14:43:29+00:00","author":{"@id":"http:\/\/tt-bruchhausen.de\/Web\/#\/schema\/person\/8c5d35e003f430988a311361f303e3e2"},"breadcrumb":{"@id":"http:\/\/tt-bruchhausen.de\/Web\/jungen-13-starten-souveraen-in-die-neue-saison\/#breadcrumb"},"inLanguage":"de","potentialAction":[{"@type":"ReadAction","target":["http:\/\/tt-bruchhausen.de\/Web\/jungen-13-starten-souveraen-in-die-neue-saison\/"]}]},{"@type":"ImageObject","inLanguage":"de","@id":"http:\/\/tt-bruchhausen.de\/Web\/jungen-13-starten-souveraen-in-die-neue-saison\/#primaryimage","url":"http:\/\/tt-bruchhausen.de\/Web\/wp-content\/uploads\/2025\/09\/IMG_5879-scaled.jpeg","contentUrl":"http:\/\/tt-bruchhausen.de\/Web\/wp-content\/uploads\/2025\/09\/IMG_5879-scaled.jpeg","width":2560,"height":1920},{"@type":"BreadcrumbList","@id":"http:\/\/tt-bruchhausen.de\/Web\/jungen-13-starten-souveraen-in-die-neue-saison\/#breadcrumb","itemListElement":[{"@type":"ListItem","position":1,"name":"Start","item":"http:\/\/tt-bruchhausen.de\/Web\/"},{"@type":"ListItem","position":2,"name":"Jungen 13 starten souver\u00e4n in die neue Saison"}]},{"@type":"WebSite","@id":"http:\/\/tt-bruchhausen.de\/Web\/#website","url":"http:\/\/tt-bruchhausen.de\/Web\/","name":"TuS Bruchhausen 02 - TT Abteilung","description":"Tischtennis im Entondorf","potentialAction":[{"@type":"SearchAction","target":{"@type":"EntryPoint","urlTemplate":"http:\/\/tt-bruchhausen.de\/Web\/?s={search_term_string}"},"query-input":{"@type":"PropertyValueSpecification","valueRequired":true,"valueName":"search_term_string"}}],"inLanguage":"de"},{"@type":"Person","@id":"http:\/\/tt-bruchhausen.de\/Web\/#\/schema\/person\/8c5d35e003f430988a311361f303e3e2","name":"MK","image":{"@type":"ImageObject","inLanguage":"de","@id":"https:\/\/secure.gravatar.com\/avatar\/b08fdd492f94f070b6fff67dfa1643dae8c7e60b0708012bd8990eddba27596c?s=96&d=mm&r=g","url":"https:\/\/secure.gravatar.com\/avatar\/b08fdd492f94f070b6fff67dfa1643dae8c7e60b0708012bd8990eddba27596c?s=96&d=mm&r=g","contentUrl":"https:\/\/secure.gravatar.com\/avatar\/b08fdd492f94f070b6fff67dfa1643dae8c7e60b0708012bd8990eddba27596c?s=96&d=mm&r=g","caption":"MK"},"sameAs":["http:\/\/tt-bruchhausen.de"],"url":"http:\/\/tt-bruchhausen.de\/Web\/author\/mk\/"}]}},"_links":{"self":[{"href":"http:\/\/tt-bruchhausen.de\/Web\/wp-json\/wp\/v2\/posts\/7824","targetHints":{"allow":["GET"]}}],"collection":[{"href":"http:\/\/tt-bruchhausen.de\/Web\/wp-json\/wp\/v2\/posts"}],"about":[{"href":"http:\/\/tt-bruchhausen.de\/Web\/wp-json\/wp\/v2\/types\/post"}],"author":[{"embeddable":true,"href":"http:\/\/tt-bruchhausen.de\/Web\/wp-json\/wp\/v2\/users\/7"}],"replies":[{"embeddable":true,"href":"http:\/\/tt-bruchhausen.de\/Web\/wp-json\/wp\/v2\/comments?post=7824"}],"version-history":[{"count":2,"href":"http:\/\/tt-bruchhausen.de\/Web\/wp-json\/wp\/v2\/posts\/7824\/revisions"}],"predecessor-version":[{"id":7842,"href":"http:\/\/tt-bruchhausen.de\/Web\/wp-json\/wp\/v2\/posts\/7824\/revisions\/7842"}],"wp:featuredmedia":[{"embeddable":true,"href":"http:\/\/tt-bruchhausen.de\/Web\/wp-json\/wp\/v2\/media\/7841"}],"wp:attachment":[{"href":"http:\/\/tt-bruchhausen.de\/Web\/wp-json\/wp\/v2\/media?parent=7824"}],"wp:term":[{"taxonomy":"category","embeddable":true,"href":"http:\/\/tt-bruchhausen.de\/Web\/wp-json\/wp\/v2\/categories?post=7824"},{"taxonomy":"post_tag","embeddable":true,"href":"http:\/\/tt-bruchhausen.de\/Web\/wp-json\/wp\/v2\/tags?post=7824"}],"curies":[{"name":"wp","href":"https:\/\/api.w.org\/{rel}","templated":true}]}}