{"id":7722,"date":"2025-07-18T11:42:04","date_gmt":"2025-07-18T09:42:04","guid":{"rendered":"http:\/\/tt-bruchhausen.de\/Web\/?p=7722"},"modified":"2025-08-11T14:58:43","modified_gmt":"2025-08-11T12:58:43","slug":"tusler-mischt-beim-bambini-cup-nord-mit","status":"publish","type":"post","link":"http:\/\/tt-bruchhausen.de\/Web\/tusler-mischt-beim-bambini-cup-nord-mit\/","title":{"rendered":"TuSler mischt beim Bambini-Cup Nord mit"},"content":{"rendered":"<p class=\"p1\"><span class=\"s1\">Zum ersten Mal in der Geschichte des TuS nahm in Person von unserem j\u00fcngsten Nachwuchsspieler Felix Mertens einer unserer Nachwuchsakteure am Bambini-Cup Nord des WTTV teil. Dabei wurde Felix nicht nur im Tischtennis gefordert, sondern auch in verschiedenen Geschicklichkeits\u00fcbungen. Aus beiden Wettbewerben wurde am Ende dann die Gesamtplatzierung berechnet, so dass es f\u00fcr ihn gleich in doppelter Hinsicht spannend wurde.<\/span><\/p>\n<p><img decoding=\"async\" class=\"alignnone size-medium wp-image-7723\" src=\"http:\/\/tt-bruchhausen.de\/Web\/wp-content\/uploads\/2025\/07\/IMG_4942-300x225.jpeg\" alt=\"\" width=\"300\" height=\"225\" srcset=\"http:\/\/tt-bruchhausen.de\/Web\/wp-content\/uploads\/2025\/07\/IMG_4942-300x225.jpeg 300w, http:\/\/tt-bruchhausen.de\/Web\/wp-content\/uploads\/2025\/07\/IMG_4942-768x576.jpeg 768w, http:\/\/tt-bruchhausen.de\/Web\/wp-content\/uploads\/2025\/07\/IMG_4942-1365x1024.jpeg 1365w, http:\/\/tt-bruchhausen.de\/Web\/wp-content\/uploads\/2025\/07\/IMG_4942-1536x1152.jpeg 1536w\" sizes=\"(max-width: 300px) 100vw, 300px\" \/><br \/>\n<i>Die Teilnehmer des diesj\u00e4hrigen Bambini-Cups in B\u00fcren<\/i><\/p>\n<p class=\"p1\"><span class=\"s1\">Los ging es f\u00fcr Felix, der in der j\u00fcngsten Jungenklasse (Jungen 9, Jahrg\u00e4nge 2016 und j\u00fcnger) startete und auch dort noch zu den j\u00fcngsten Teilnehmern &#8211; er darf auch im n\u00e4chsten Jahr noch mal in dieser Altersklasse starten &#8211; geh\u00f6rte, mit den Geschicklichkeits\u00fcbungen.<br \/>\n<\/span>Dort zeigte Felix gute Leistungen und erk\u00e4mpfte sich in den f\u00fcr ihn neuen \u00dcbungen gute Ergebnisse.<\/p>\n<p><img decoding=\"async\" class=\"alignnone size-medium wp-image-7724\" src=\"http:\/\/tt-bruchhausen.de\/Web\/wp-content\/uploads\/2025\/07\/BCD5956F-C860-4E84-8355-0CF5F48D92EC-225x300.jpeg\" alt=\"\" width=\"225\" height=\"300\" srcset=\"http:\/\/tt-bruchhausen.de\/Web\/wp-content\/uploads\/2025\/07\/BCD5956F-C860-4E84-8355-0CF5F48D92EC-225x300.jpeg 225w, http:\/\/tt-bruchhausen.de\/Web\/wp-content\/uploads\/2025\/07\/BCD5956F-C860-4E84-8355-0CF5F48D92EC-768x1024.jpeg 768w, http:\/\/tt-bruchhausen.de\/Web\/wp-content\/uploads\/2025\/07\/BCD5956F-C860-4E84-8355-0CF5F48D92EC-1152x1536.jpeg 1152w, http:\/\/tt-bruchhausen.de\/Web\/wp-content\/uploads\/2025\/07\/BCD5956F-C860-4E84-8355-0CF5F48D92EC-1536x2048.jpeg 1536w, http:\/\/tt-bruchhausen.de\/Web\/wp-content\/uploads\/2025\/07\/BCD5956F-C860-4E84-8355-0CF5F48D92EC-scaled.jpeg 1920w\" sizes=\"(max-width: 225px) 100vw, 225px\" \/> <img decoding=\"async\" class=\"alignnone size-medium wp-image-7725\" src=\"http:\/\/tt-bruchhausen.de\/Web\/wp-content\/uploads\/2025\/07\/6A7D131B-E12A-4CC3-B369-01646E057C6E-225x300.jpeg\" alt=\"\" width=\"225\" height=\"300\" srcset=\"http:\/\/tt-bruchhausen.de\/Web\/wp-content\/uploads\/2025\/07\/6A7D131B-E12A-4CC3-B369-01646E057C6E-225x300.jpeg 225w, http:\/\/tt-bruchhausen.de\/Web\/wp-content\/uploads\/2025\/07\/6A7D131B-E12A-4CC3-B369-01646E057C6E-768x1024.jpeg 768w, http:\/\/tt-bruchhausen.de\/Web\/wp-content\/uploads\/2025\/07\/6A7D131B-E12A-4CC3-B369-01646E057C6E-1152x1536.jpeg 1152w, http:\/\/tt-bruchhausen.de\/Web\/wp-content\/uploads\/2025\/07\/6A7D131B-E12A-4CC3-B369-01646E057C6E.jpeg 1440w\" sizes=\"(max-width: 225px) 100vw, 225px\" \/><br \/>\n<i>Felix in Aktion<\/i><\/p>\n<p class=\"p1\"><span class=\"s1\">Nach einer kurzen Pause ging es f\u00fcr ihn dann weiter mit dem Tischtenniswettbewerb. Zwar merkte man ihm ein wenig an, dass die Geschicklichkeits\u00fcbungen schon einige Kr\u00e4fte gekostet haben, doch er biss sich nat\u00fcrlich trotzdem durch die Gruppenphase und k\u00e4mpfte gegen starke (und teilweise deutlich gr\u00f6\u00dfere \ud83d\ude09 ) Gegner um jeden Ball. Verdienter Lohn war ein deutlicher 3:0-Erfolg, wodurch er in der anschlie\u00dfenden Platzierungsrunde um die Pl\u00e4tze 5-8 k\u00e4mpfte.<\/span><\/p>\n<p><img decoding=\"async\" class=\"alignnone size-medium wp-image-7726\" src=\"http:\/\/tt-bruchhausen.de\/Web\/wp-content\/uploads\/2025\/07\/B9A28340-FF69-4BFC-A21A-ADE6D4593407-225x300.jpeg\" alt=\"\" width=\"225\" height=\"300\" srcset=\"http:\/\/tt-bruchhausen.de\/Web\/wp-content\/uploads\/2025\/07\/B9A28340-FF69-4BFC-A21A-ADE6D4593407-225x300.jpeg 225w, http:\/\/tt-bruchhausen.de\/Web\/wp-content\/uploads\/2025\/07\/B9A28340-FF69-4BFC-A21A-ADE6D4593407-768x1024.jpeg 768w, http:\/\/tt-bruchhausen.de\/Web\/wp-content\/uploads\/2025\/07\/B9A28340-FF69-4BFC-A21A-ADE6D4593407-1152x1536.jpeg 1152w, http:\/\/tt-bruchhausen.de\/Web\/wp-content\/uploads\/2025\/07\/B9A28340-FF69-4BFC-A21A-ADE6D4593407-1536x2048.jpeg 1536w, http:\/\/tt-bruchhausen.de\/Web\/wp-content\/uploads\/2025\/07\/B9A28340-FF69-4BFC-A21A-ADE6D4593407-scaled.jpeg 1920w\" sizes=\"(max-width: 225px) 100vw, 225px\" \/><\/p>\n<p class=\"p1\"><span class=\"s1\">Dort konnte er zwar mit immer mehr schwindenden Kr\u00e4ften leider kein Spiel mehr f\u00fcr sich entscheiden, doch auch dort zeigte er gute Leistungen und machte es seinen Gegnern phasenweise nicht gerade leicht.<\/span><\/p>\n<p><img decoding=\"async\" class=\"alignnone size-medium wp-image-7727\" src=\"http:\/\/tt-bruchhausen.de\/Web\/wp-content\/uploads\/2025\/07\/D5B3F6D0-ABB1-4511-AC9D-4112720F212B-300x225.jpeg\" alt=\"\" width=\"300\" height=\"225\" srcset=\"http:\/\/tt-bruchhausen.de\/Web\/wp-content\/uploads\/2025\/07\/D5B3F6D0-ABB1-4511-AC9D-4112720F212B-300x225.jpeg 300w, http:\/\/tt-bruchhausen.de\/Web\/wp-content\/uploads\/2025\/07\/D5B3F6D0-ABB1-4511-AC9D-4112720F212B-768x576.jpeg 768w, http:\/\/tt-bruchhausen.de\/Web\/wp-content\/uploads\/2025\/07\/D5B3F6D0-ABB1-4511-AC9D-4112720F212B-1365x1024.jpeg 1365w, http:\/\/tt-bruchhausen.de\/Web\/wp-content\/uploads\/2025\/07\/D5B3F6D0-ABB1-4511-AC9D-4112720F212B-1536x1152.jpeg 1536w\" sizes=\"(max-width: 300px) 100vw, 300px\" \/><br \/>\n<i>Felix (hinten) gab alles<\/i><\/p>\n<p class=\"p1\"><span class=\"s1\">Am Ende belegte er bei den Geschicklichkeits\u00fcbungen einen starken 6. Platz, und beim Tischtennis einen guten 8. Platz, wodurch sich in der Gesamtwertung ein guter 7. Platz ergab &#8211; f\u00fcr das erste Mal bei dieser Art von Turnier kann sich diese Platzierung durchaus sehen lassen \ud83d\ude42<\/span><\/p>\n<p><img decoding=\"async\" class=\"alignnone size-medium wp-image-7728\" src=\"http:\/\/tt-bruchhausen.de\/Web\/wp-content\/uploads\/2025\/07\/5AAB7770-EE44-49FE-881D-EEF545D2AA9F-225x300.jpeg\" alt=\"\" width=\"225\" height=\"300\" srcset=\"http:\/\/tt-bruchhausen.de\/Web\/wp-content\/uploads\/2025\/07\/5AAB7770-EE44-49FE-881D-EEF545D2AA9F-225x300.jpeg 225w, http:\/\/tt-bruchhausen.de\/Web\/wp-content\/uploads\/2025\/07\/5AAB7770-EE44-49FE-881D-EEF545D2AA9F-768x1024.jpeg 768w, http:\/\/tt-bruchhausen.de\/Web\/wp-content\/uploads\/2025\/07\/5AAB7770-EE44-49FE-881D-EEF545D2AA9F-1152x1536.jpeg 1152w, http:\/\/tt-bruchhausen.de\/Web\/wp-content\/uploads\/2025\/07\/5AAB7770-EE44-49FE-881D-EEF545D2AA9F-1536x2048.jpeg 1536w, http:\/\/tt-bruchhausen.de\/Web\/wp-content\/uploads\/2025\/07\/5AAB7770-EE44-49FE-881D-EEF545D2AA9F-scaled.jpeg 1920w\" sizes=\"(max-width: 225px) 100vw, 225px\" \/><\/p>\n","protected":false},"excerpt":{"rendered":"<p>Zum ersten Mal in der Geschichte des TuS nahm in Person von unserem j\u00fcngsten Nachwuchsspieler Felix Mertens einer unserer Nachwuchsakteure am Bambini-Cup Nord des WTTV  [&#8230;]<\/p>\n","protected":false},"author":7,"featured_media":7728,"comment_status":"open","ping_status":"open","sticky":false,"template":"","format":"standard","meta":{"kia_subtitle":"","_themeisle_gutenberg_block_has_review":false,"footnotes":""},"categories":[6,12],"tags":[],"class_list":["post-7722","post","type-post","status-publish","format-standard","has-post-thumbnail","hentry","category-1-nachwuchs","category-1-turniere"],"yoast_head":"<!-- This site is optimized with the Yoast SEO plugin v28.4 - https:\/\/yoast.com\/product\/yoast-seo-wordpress\/ -->\n<title>TuSler mischt beim Bambini-Cup Nord mit - TuS Bruchhausen 02 - TT Abteilung<\/title>\n<meta name=\"robots\" content=\"index, follow, max-snippet:-1, max-image-preview:large, max-video-preview:-1\" \/>\n<link rel=\"canonical\" href=\"http:\/\/tt-bruchhausen.de\/Web\/tusler-mischt-beim-bambini-cup-nord-mit\/\" \/>\n<meta property=\"og:locale\" content=\"de_DE\" \/>\n<meta property=\"og:type\" content=\"article\" \/>\n<meta property=\"og:title\" content=\"TuSler mischt beim Bambini-Cup Nord mit - TuS Bruchhausen 02 - TT Abteilung\" \/>\n<meta property=\"og:description\" content=\"Zum ersten Mal in der Geschichte des TuS nahm in Person von unserem j\u00fcngsten Nachwuchsspieler Felix Mertens einer unserer Nachwuchsakteure am Bambini-Cup Nord des WTTV [...]\" \/>\n<meta property=\"og:url\" content=\"http:\/\/tt-bruchhausen.de\/Web\/tusler-mischt-beim-bambini-cup-nord-mit\/\" \/>\n<meta property=\"og:site_name\" content=\"TuS Bruchhausen 02 - TT Abteilung\" \/>\n<meta property=\"article:published_time\" content=\"2025-07-18T09:42:04+00:00\" \/>\n<meta property=\"article:modified_time\" content=\"2025-08-11T12:58:43+00:00\" \/>\n<meta property=\"og:image\" content=\"http:\/\/tt-bruchhausen.de\/Web\/wp-content\/uploads\/2025\/07\/5AAB7770-EE44-49FE-881D-EEF545D2AA9F-scaled.jpeg\" \/>\n\t<meta property=\"og:image:width\" content=\"1920\" \/>\n\t<meta property=\"og:image:height\" content=\"2560\" \/>\n\t<meta property=\"og:image:type\" content=\"image\/jpeg\" \/>\n<meta name=\"author\" content=\"MK\" \/>\n<meta name=\"twitter:card\" content=\"summary_large_image\" \/>\n<meta name=\"twitter:label1\" content=\"Verfasst von\" \/>\n\t<meta name=\"twitter:data1\" content=\"MK\" \/>\n\t<meta name=\"twitter:label2\" content=\"Gesch\u00e4tzte Lesezeit\" \/>\n\t<meta name=\"twitter:data2\" content=\"1\u00a0Minute\" \/>\n<script type=\"application\/ld+json\" class=\"yoast-schema-graph\">{\"@context\":\"https:\\\/\\\/schema.org\",\"@graph\":[{\"@type\":\"Article\",\"@id\":\"http:\\\/\\\/tt-bruchhausen.de\\\/Web\\\/tusler-mischt-beim-bambini-cup-nord-mit\\\/#article\",\"isPartOf\":{\"@id\":\"http:\\\/\\\/tt-bruchhausen.de\\\/Web\\\/tusler-mischt-beim-bambini-cup-nord-mit\\\/\"},\"author\":{\"name\":\"MK\",\"@id\":\"http:\\\/\\\/tt-bruchhausen.de\\\/Web\\\/#\\\/schema\\\/person\\\/8c5d35e003f430988a311361f303e3e2\"},\"headline\":\"TuSler mischt beim Bambini-Cup Nord mit\",\"datePublished\":\"2025-07-18T09:42:04+00:00\",\"dateModified\":\"2025-08-11T12:58:43+00:00\",\"mainEntityOfPage\":{\"@id\":\"http:\\\/\\\/tt-bruchhausen.de\\\/Web\\\/tusler-mischt-beim-bambini-cup-nord-mit\\\/\"},\"wordCount\":305,\"commentCount\":0,\"image\":{\"@id\":\"http:\\\/\\\/tt-bruchhausen.de\\\/Web\\\/tusler-mischt-beim-bambini-cup-nord-mit\\\/#primaryimage\"},\"thumbnailUrl\":\"http:\\\/\\\/tt-bruchhausen.de\\\/Web\\\/wp-content\\\/uploads\\\/2025\\\/07\\\/5AAB7770-EE44-49FE-881D-EEF545D2AA9F-scaled.jpeg\",\"articleSection\":[\"Nachwuchs\",\"Turniere\"],\"inLanguage\":\"de\",\"potentialAction\":[{\"@type\":\"CommentAction\",\"name\":\"Comment\",\"target\":[\"http:\\\/\\\/tt-bruchhausen.de\\\/Web\\\/tusler-mischt-beim-bambini-cup-nord-mit\\\/#respond\"]}]},{\"@type\":\"WebPage\",\"@id\":\"http:\\\/\\\/tt-bruchhausen.de\\\/Web\\\/tusler-mischt-beim-bambini-cup-nord-mit\\\/\",\"url\":\"http:\\\/\\\/tt-bruchhausen.de\\\/Web\\\/tusler-mischt-beim-bambini-cup-nord-mit\\\/\",\"name\":\"TuSler mischt beim Bambini-Cup Nord mit - TuS Bruchhausen 02 - TT Abteilung\",\"isPartOf\":{\"@id\":\"http:\\\/\\\/tt-bruchhausen.de\\\/Web\\\/#website\"},\"primaryImageOfPage\":{\"@id\":\"http:\\\/\\\/tt-bruchhausen.de\\\/Web\\\/tusler-mischt-beim-bambini-cup-nord-mit\\\/#primaryimage\"},\"image\":{\"@id\":\"http:\\\/\\\/tt-bruchhausen.de\\\/Web\\\/tusler-mischt-beim-bambini-cup-nord-mit\\\/#primaryimage\"},\"thumbnailUrl\":\"http:\\\/\\\/tt-bruchhausen.de\\\/Web\\\/wp-content\\\/uploads\\\/2025\\\/07\\\/5AAB7770-EE44-49FE-881D-EEF545D2AA9F-scaled.jpeg\",\"datePublished\":\"2025-07-18T09:42:04+00:00\",\"dateModified\":\"2025-08-11T12:58:43+00:00\",\"author\":{\"@id\":\"http:\\\/\\\/tt-bruchhausen.de\\\/Web\\\/#\\\/schema\\\/person\\\/8c5d35e003f430988a311361f303e3e2\"},\"breadcrumb\":{\"@id\":\"http:\\\/\\\/tt-bruchhausen.de\\\/Web\\\/tusler-mischt-beim-bambini-cup-nord-mit\\\/#breadcrumb\"},\"inLanguage\":\"de\",\"potentialAction\":[{\"@type\":\"ReadAction\",\"target\":[\"http:\\\/\\\/tt-bruchhausen.de\\\/Web\\\/tusler-mischt-beim-bambini-cup-nord-mit\\\/\"]}]},{\"@type\":\"ImageObject\",\"inLanguage\":\"de\",\"@id\":\"http:\\\/\\\/tt-bruchhausen.de\\\/Web\\\/tusler-mischt-beim-bambini-cup-nord-mit\\\/#primaryimage\",\"url\":\"http:\\\/\\\/tt-bruchhausen.de\\\/Web\\\/wp-content\\\/uploads\\\/2025\\\/07\\\/5AAB7770-EE44-49FE-881D-EEF545D2AA9F-scaled.jpeg\",\"contentUrl\":\"http:\\\/\\\/tt-bruchhausen.de\\\/Web\\\/wp-content\\\/uploads\\\/2025\\\/07\\\/5AAB7770-EE44-49FE-881D-EEF545D2AA9F-scaled.jpeg\",\"width\":1920,\"height\":2560},{\"@type\":\"BreadcrumbList\",\"@id\":\"http:\\\/\\\/tt-bruchhausen.de\\\/Web\\\/tusler-mischt-beim-bambini-cup-nord-mit\\\/#breadcrumb\",\"itemListElement\":[{\"@type\":\"ListItem\",\"position\":1,\"name\":\"Start\",\"item\":\"http:\\\/\\\/tt-bruchhausen.de\\\/Web\\\/\"},{\"@type\":\"ListItem\",\"position\":2,\"name\":\"TuSler mischt beim Bambini-Cup Nord mit\"}]},{\"@type\":\"WebSite\",\"@id\":\"http:\\\/\\\/tt-bruchhausen.de\\\/Web\\\/#website\",\"url\":\"http:\\\/\\\/tt-bruchhausen.de\\\/Web\\\/\",\"name\":\"TuS Bruchhausen 02 - TT Abteilung\",\"description\":\"Tischtennis im Entondorf\",\"potentialAction\":[{\"@type\":\"SearchAction\",\"target\":{\"@type\":\"EntryPoint\",\"urlTemplate\":\"http:\\\/\\\/tt-bruchhausen.de\\\/Web\\\/?s={search_term_string}\"},\"query-input\":{\"@type\":\"PropertyValueSpecification\",\"valueRequired\":true,\"valueName\":\"search_term_string\"}}],\"inLanguage\":\"de\"},{\"@type\":\"Person\",\"@id\":\"http:\\\/\\\/tt-bruchhausen.de\\\/Web\\\/#\\\/schema\\\/person\\\/8c5d35e003f430988a311361f303e3e2\",\"name\":\"MK\",\"image\":{\"@type\":\"ImageObject\",\"inLanguage\":\"de\",\"@id\":\"https:\\\/\\\/secure.gravatar.com\\\/avatar\\\/b08fdd492f94f070b6fff67dfa1643dae8c7e60b0708012bd8990eddba27596c?s=96&d=mm&r=g\",\"url\":\"https:\\\/\\\/secure.gravatar.com\\\/avatar\\\/b08fdd492f94f070b6fff67dfa1643dae8c7e60b0708012bd8990eddba27596c?s=96&d=mm&r=g\",\"contentUrl\":\"https:\\\/\\\/secure.gravatar.com\\\/avatar\\\/b08fdd492f94f070b6fff67dfa1643dae8c7e60b0708012bd8990eddba27596c?s=96&d=mm&r=g\",\"caption\":\"MK\"},\"sameAs\":[\"http:\\\/\\\/tt-bruchhausen.de\"],\"url\":\"http:\\\/\\\/tt-bruchhausen.de\\\/Web\\\/author\\\/mk\\\/\"}]}<\/script>\n<!-- \/ Yoast SEO plugin. -->","yoast_head_json":{"title":"TuSler mischt beim Bambini-Cup Nord mit - TuS Bruchhausen 02 - TT Abteilung","robots":{"index":"index","follow":"follow","max-snippet":"max-snippet:-1","max-image-preview":"max-image-preview:large","max-video-preview":"max-video-preview:-1"},"canonical":"http:\/\/tt-bruchhausen.de\/Web\/tusler-mischt-beim-bambini-cup-nord-mit\/","og_locale":"de_DE","og_type":"article","og_title":"TuSler mischt beim Bambini-Cup Nord mit - TuS Bruchhausen 02 - TT Abteilung","og_description":"Zum ersten Mal in der Geschichte des TuS nahm in Person von unserem j\u00fcngsten Nachwuchsspieler Felix Mertens einer unserer Nachwuchsakteure am Bambini-Cup Nord des WTTV [...]","og_url":"http:\/\/tt-bruchhausen.de\/Web\/tusler-mischt-beim-bambini-cup-nord-mit\/","og_site_name":"TuS Bruchhausen 02 - TT Abteilung","article_published_time":"2025-07-18T09:42:04+00:00","article_modified_time":"2025-08-11T12:58:43+00:00","og_image":[{"width":1920,"height":2560,"url":"http:\/\/tt-bruchhausen.de\/Web\/wp-content\/uploads\/2025\/07\/5AAB7770-EE44-49FE-881D-EEF545D2AA9F-scaled.jpeg","type":"image\/jpeg"}],"author":"MK","twitter_card":"summary_large_image","twitter_misc":{"Verfasst von":"MK","Gesch\u00e4tzte Lesezeit":"1\u00a0Minute"},"schema":{"@context":"https:\/\/schema.org","@graph":[{"@type":"Article","@id":"http:\/\/tt-bruchhausen.de\/Web\/tusler-mischt-beim-bambini-cup-nord-mit\/#article","isPartOf":{"@id":"http:\/\/tt-bruchhausen.de\/Web\/tusler-mischt-beim-bambini-cup-nord-mit\/"},"author":{"name":"MK","@id":"http:\/\/tt-bruchhausen.de\/Web\/#\/schema\/person\/8c5d35e003f430988a311361f303e3e2"},"headline":"TuSler mischt beim Bambini-Cup Nord mit","datePublished":"2025-07-18T09:42:04+00:00","dateModified":"2025-08-11T12:58:43+00:00","mainEntityOfPage":{"@id":"http:\/\/tt-bruchhausen.de\/Web\/tusler-mischt-beim-bambini-cup-nord-mit\/"},"wordCount":305,"commentCount":0,"image":{"@id":"http:\/\/tt-bruchhausen.de\/Web\/tusler-mischt-beim-bambini-cup-nord-mit\/#primaryimage"},"thumbnailUrl":"http:\/\/tt-bruchhausen.de\/Web\/wp-content\/uploads\/2025\/07\/5AAB7770-EE44-49FE-881D-EEF545D2AA9F-scaled.jpeg","articleSection":["Nachwuchs","Turniere"],"inLanguage":"de","potentialAction":[{"@type":"CommentAction","name":"Comment","target":["http:\/\/tt-bruchhausen.de\/Web\/tusler-mischt-beim-bambini-cup-nord-mit\/#respond"]}]},{"@type":"WebPage","@id":"http:\/\/tt-bruchhausen.de\/Web\/tusler-mischt-beim-bambini-cup-nord-mit\/","url":"http:\/\/tt-bruchhausen.de\/Web\/tusler-mischt-beim-bambini-cup-nord-mit\/","name":"TuSler mischt beim Bambini-Cup Nord mit - TuS Bruchhausen 02 - TT Abteilung","isPartOf":{"@id":"http:\/\/tt-bruchhausen.de\/Web\/#website"},"primaryImageOfPage":{"@id":"http:\/\/tt-bruchhausen.de\/Web\/tusler-mischt-beim-bambini-cup-nord-mit\/#primaryimage"},"image":{"@id":"http:\/\/tt-bruchhausen.de\/Web\/tusler-mischt-beim-bambini-cup-nord-mit\/#primaryimage"},"thumbnailUrl":"http:\/\/tt-bruchhausen.de\/Web\/wp-content\/uploads\/2025\/07\/5AAB7770-EE44-49FE-881D-EEF545D2AA9F-scaled.jpeg","datePublished":"2025-07-18T09:42:04+00:00","dateModified":"2025-08-11T12:58:43+00:00","author":{"@id":"http:\/\/tt-bruchhausen.de\/Web\/#\/schema\/person\/8c5d35e003f430988a311361f303e3e2"},"breadcrumb":{"@id":"http:\/\/tt-bruchhausen.de\/Web\/tusler-mischt-beim-bambini-cup-nord-mit\/#breadcrumb"},"inLanguage":"de","potentialAction":[{"@type":"ReadAction","target":["http:\/\/tt-bruchhausen.de\/Web\/tusler-mischt-beim-bambini-cup-nord-mit\/"]}]},{"@type":"ImageObject","inLanguage":"de","@id":"http:\/\/tt-bruchhausen.de\/Web\/tusler-mischt-beim-bambini-cup-nord-mit\/#primaryimage","url":"http:\/\/tt-bruchhausen.de\/Web\/wp-content\/uploads\/2025\/07\/5AAB7770-EE44-49FE-881D-EEF545D2AA9F-scaled.jpeg","contentUrl":"http:\/\/tt-bruchhausen.de\/Web\/wp-content\/uploads\/2025\/07\/5AAB7770-EE44-49FE-881D-EEF545D2AA9F-scaled.jpeg","width":1920,"height":2560},{"@type":"BreadcrumbList","@id":"http:\/\/tt-bruchhausen.de\/Web\/tusler-mischt-beim-bambini-cup-nord-mit\/#breadcrumb","itemListElement":[{"@type":"ListItem","position":1,"name":"Start","item":"http:\/\/tt-bruchhausen.de\/Web\/"},{"@type":"ListItem","position":2,"name":"TuSler mischt beim Bambini-Cup Nord mit"}]},{"@type":"WebSite","@id":"http:\/\/tt-bruchhausen.de\/Web\/#website","url":"http:\/\/tt-bruchhausen.de\/Web\/","name":"TuS Bruchhausen 02 - TT Abteilung","description":"Tischtennis im Entondorf","potentialAction":[{"@type":"SearchAction","target":{"@type":"EntryPoint","urlTemplate":"http:\/\/tt-bruchhausen.de\/Web\/?s={search_term_string}"},"query-input":{"@type":"PropertyValueSpecification","valueRequired":true,"valueName":"search_term_string"}}],"inLanguage":"de"},{"@type":"Person","@id":"http:\/\/tt-bruchhausen.de\/Web\/#\/schema\/person\/8c5d35e003f430988a311361f303e3e2","name":"MK","image":{"@type":"ImageObject","inLanguage":"de","@id":"https:\/\/secure.gravatar.com\/avatar\/b08fdd492f94f070b6fff67dfa1643dae8c7e60b0708012bd8990eddba27596c?s=96&d=mm&r=g","url":"https:\/\/secure.gravatar.com\/avatar\/b08fdd492f94f070b6fff67dfa1643dae8c7e60b0708012bd8990eddba27596c?s=96&d=mm&r=g","contentUrl":"https:\/\/secure.gravatar.com\/avatar\/b08fdd492f94f070b6fff67dfa1643dae8c7e60b0708012bd8990eddba27596c?s=96&d=mm&r=g","caption":"MK"},"sameAs":["http:\/\/tt-bruchhausen.de"],"url":"http:\/\/tt-bruchhausen.de\/Web\/author\/mk\/"}]}},"_links":{"self":[{"href":"http:\/\/tt-bruchhausen.de\/Web\/wp-json\/wp\/v2\/posts\/7722","targetHints":{"allow":["GET"]}}],"collection":[{"href":"http:\/\/tt-bruchhausen.de\/Web\/wp-json\/wp\/v2\/posts"}],"about":[{"href":"http:\/\/tt-bruchhausen.de\/Web\/wp-json\/wp\/v2\/types\/post"}],"author":[{"embeddable":true,"href":"http:\/\/tt-bruchhausen.de\/Web\/wp-json\/wp\/v2\/users\/7"}],"replies":[{"embeddable":true,"href":"http:\/\/tt-bruchhausen.de\/Web\/wp-json\/wp\/v2\/comments?post=7722"}],"version-history":[{"count":1,"href":"http:\/\/tt-bruchhausen.de\/Web\/wp-json\/wp\/v2\/posts\/7722\/revisions"}],"predecessor-version":[{"id":7729,"href":"http:\/\/tt-bruchhausen.de\/Web\/wp-json\/wp\/v2\/posts\/7722\/revisions\/7729"}],"wp:featuredmedia":[{"embeddable":true,"href":"http:\/\/tt-bruchhausen.de\/Web\/wp-json\/wp\/v2\/media\/7728"}],"wp:attachment":[{"href":"http:\/\/tt-bruchhausen.de\/Web\/wp-json\/wp\/v2\/media?parent=7722"}],"wp:term":[{"taxonomy":"category","embeddable":true,"href":"http:\/\/tt-bruchhausen.de\/Web\/wp-json\/wp\/v2\/categories?post=7722"},{"taxonomy":"post_tag","embeddable":true,"href":"http:\/\/tt-bruchhausen.de\/Web\/wp-json\/wp\/v2\/tags?post=7722"}],"curies":[{"name":"wp","href":"https:\/\/api.w.org\/{rel}","templated":true}]}}