{"id":7695,"date":"2025-06-11T10:29:43","date_gmt":"2025-06-11T08:29:43","guid":{"rendered":"http:\/\/tt-bruchhausen.de\/Web\/?p=7695"},"modified":"2025-06-11T10:29:57","modified_gmt":"2025-06-11T08:29:57","slug":"tus-duo-startet-bei-bezirksendrangliste","status":"publish","type":"post","link":"http:\/\/tt-bruchhausen.de\/Web\/tus-duo-startet-bei-bezirksendrangliste\/","title":{"rendered":"TuS-Duo startet bei Bezirksendrangliste"},"content":{"rendered":"<p class=\"p1\"><span class=\"s1\">In Person von Charlotte Kraft und Felix Mertens hatten sich in diesem Jahr zwei TuS-Youngster f\u00fcr die Bezirksendrangliste des Bezirks Westfalen-Mitte, die nun in B\u00f6nen ausgetragen wurde, qualifiziert.<\/span><\/p>\n<p class=\"p1\"><span class=\"s1\">Los ging es am Samstag aus TuS-Sicht mit den M\u00e4dchen 13, wo Charlotte Kraft ihr erstes Turnier au\u00dferhalb der Mini-Meisterschaften f\u00fcr den TuS spielte. Da sie erst in der kommenden Saison im Mannschaftsspielbetrieb an den Start geht, ging es f\u00fcr sie nun erstmal darum, erste Erfahrungen bei einem Turnier und gegen ihr unbekannte Gegnerinnen zu sammeln.<\/span><\/p>\n<p><img decoding=\"async\" class=\"alignnone size-medium wp-image-7696\" src=\"http:\/\/tt-bruchhausen.de\/Web\/wp-content\/uploads\/2025\/06\/B1E9E53D-07F7-4833-87B9-6C2F9DF43D8B-225x300.jpeg\" alt=\"\" width=\"225\" height=\"300\" srcset=\"http:\/\/tt-bruchhausen.de\/Web\/wp-content\/uploads\/2025\/06\/B1E9E53D-07F7-4833-87B9-6C2F9DF43D8B-225x300.jpeg 225w, http:\/\/tt-bruchhausen.de\/Web\/wp-content\/uploads\/2025\/06\/B1E9E53D-07F7-4833-87B9-6C2F9DF43D8B-768x1024.jpeg 768w, http:\/\/tt-bruchhausen.de\/Web\/wp-content\/uploads\/2025\/06\/B1E9E53D-07F7-4833-87B9-6C2F9DF43D8B-1152x1536.jpeg 1152w, http:\/\/tt-bruchhausen.de\/Web\/wp-content\/uploads\/2025\/06\/B1E9E53D-07F7-4833-87B9-6C2F9DF43D8B-1536x2048.jpeg 1536w, http:\/\/tt-bruchhausen.de\/Web\/wp-content\/uploads\/2025\/06\/B1E9E53D-07F7-4833-87B9-6C2F9DF43D8B-scaled.jpeg 1920w\" sizes=\"(max-width: 225px) 100vw, 225px\" \/><br \/>\n<i>Charlotte startete bei den M\u00e4dchen 13<\/i><\/p>\n<p class=\"p1\"><span class=\"s1\">Am Ende eines langen Turniertages mit H\u00f6hen und Tiefen, konnte Charlotte einen Sieg einfahren und damit den 8. Platz belegen.<\/span><\/p>\n<p><img decoding=\"async\" class=\"alignnone size-medium wp-image-7699\" src=\"http:\/\/tt-bruchhausen.de\/Web\/wp-content\/uploads\/2025\/06\/490C3B58-6ECE-467D-805B-E91F0F3D54BC-300x225.jpeg\" alt=\"\" width=\"300\" height=\"225\" srcset=\"http:\/\/tt-bruchhausen.de\/Web\/wp-content\/uploads\/2025\/06\/490C3B58-6ECE-467D-805B-E91F0F3D54BC-300x225.jpeg 300w, http:\/\/tt-bruchhausen.de\/Web\/wp-content\/uploads\/2025\/06\/490C3B58-6ECE-467D-805B-E91F0F3D54BC-768x576.jpeg 768w, http:\/\/tt-bruchhausen.de\/Web\/wp-content\/uploads\/2025\/06\/490C3B58-6ECE-467D-805B-E91F0F3D54BC-1365x1024.jpeg 1365w, http:\/\/tt-bruchhausen.de\/Web\/wp-content\/uploads\/2025\/06\/490C3B58-6ECE-467D-805B-E91F0F3D54BC-1536x1152.jpeg 1536w\" sizes=\"(max-width: 300px) 100vw, 300px\" \/><\/p>\n<p><img decoding=\"async\" class=\"alignnone size-medium wp-image-7697\" src=\"http:\/\/tt-bruchhausen.de\/Web\/wp-content\/uploads\/2025\/06\/F4354E7A-D491-4416-A119-685AC2B79383-225x300.jpeg\" alt=\"\" width=\"225\" height=\"300\" srcset=\"http:\/\/tt-bruchhausen.de\/Web\/wp-content\/uploads\/2025\/06\/F4354E7A-D491-4416-A119-685AC2B79383-225x300.jpeg 225w, http:\/\/tt-bruchhausen.de\/Web\/wp-content\/uploads\/2025\/06\/F4354E7A-D491-4416-A119-685AC2B79383-768x1024.jpeg 768w, http:\/\/tt-bruchhausen.de\/Web\/wp-content\/uploads\/2025\/06\/F4354E7A-D491-4416-A119-685AC2B79383-1152x1536.jpeg 1152w, http:\/\/tt-bruchhausen.de\/Web\/wp-content\/uploads\/2025\/06\/F4354E7A-D491-4416-A119-685AC2B79383-1536x2048.jpeg 1536w, http:\/\/tt-bruchhausen.de\/Web\/wp-content\/uploads\/2025\/06\/F4354E7A-D491-4416-A119-685AC2B79383-scaled.jpeg 1920w\" sizes=\"(max-width: 225px) 100vw, 225px\" \/><br \/>\n<i>Charlotte unter den Top 10 im Bezirk<\/i><\/p>\n<p class=\"p1\"><span class=\"s1\">Am zweiten Tag der Endrunde vertrat nun unser j\u00fcngster Nachwuchsspieler Felix Mertens die TuS-Farben bei den Jungen 11. Da auch Felix zum einen lediglich in den Mannschaftsspielen der Jungen 11 zum Einsatz gekommen ist, und er auch noch zwei weitere Jahre bei den Jungen 11 spielen kann, ging es auch f\u00fcr ihn darum erste Erfahrungen auf Turnieren zu sammeln. Dabei zeigte er mit seinen 7 Jahren aber, dass er schon jetzt mit den \u00e4lteren Gegnern mithalten und sie ab und zu \u00e4rgern kann.<\/span><\/p>\n<p><img decoding=\"async\" class=\"alignnone size-medium wp-image-7698\" src=\"http:\/\/tt-bruchhausen.de\/Web\/wp-content\/uploads\/2025\/06\/F130E12B-4463-41F7-930D-30A303A2BCAF-225x300.jpeg\" alt=\"\" width=\"225\" height=\"300\" srcset=\"http:\/\/tt-bruchhausen.de\/Web\/wp-content\/uploads\/2025\/06\/F130E12B-4463-41F7-930D-30A303A2BCAF-225x300.jpeg 225w, http:\/\/tt-bruchhausen.de\/Web\/wp-content\/uploads\/2025\/06\/F130E12B-4463-41F7-930D-30A303A2BCAF-768x1024.jpeg 768w, http:\/\/tt-bruchhausen.de\/Web\/wp-content\/uploads\/2025\/06\/F130E12B-4463-41F7-930D-30A303A2BCAF-1152x1536.jpeg 1152w, http:\/\/tt-bruchhausen.de\/Web\/wp-content\/uploads\/2025\/06\/F130E12B-4463-41F7-930D-30A303A2BCAF-1536x2048.jpeg 1536w, http:\/\/tt-bruchhausen.de\/Web\/wp-content\/uploads\/2025\/06\/F130E12B-4463-41F7-930D-30A303A2BCAF-scaled.jpeg 1920w\" sizes=\"(max-width: 225px) 100vw, 225px\" \/><br \/>\n<i>Felix startete bei den Jungen 11<\/i><\/p>\n<p class=\"p1\"><span class=\"s1\">Mit zwei Siegen belegte er am Ende als j\u00fcngster Spieler im Feld einen tollen 7. Platz und rundete damit das Wochenende in B\u00f6nen f\u00fcr den TuS ab.<\/span><\/p>\n<p class=\"p1\"><span class=\"s1\"><img decoding=\"async\" class=\"alignnone size-medium wp-image-7700\" src=\"http:\/\/tt-bruchhausen.de\/Web\/wp-content\/uploads\/2025\/06\/93DB9F19-7747-43EE-8606-A816353FDAD7-300x225.jpeg\" alt=\"\" width=\"300\" height=\"225\" srcset=\"http:\/\/tt-bruchhausen.de\/Web\/wp-content\/uploads\/2025\/06\/93DB9F19-7747-43EE-8606-A816353FDAD7-300x225.jpeg 300w, http:\/\/tt-bruchhausen.de\/Web\/wp-content\/uploads\/2025\/06\/93DB9F19-7747-43EE-8606-A816353FDAD7-768x576.jpeg 768w, http:\/\/tt-bruchhausen.de\/Web\/wp-content\/uploads\/2025\/06\/93DB9F19-7747-43EE-8606-A816353FDAD7-1365x1024.jpeg 1365w, http:\/\/tt-bruchhausen.de\/Web\/wp-content\/uploads\/2025\/06\/93DB9F19-7747-43EE-8606-A816353FDAD7-1536x1152.jpeg 1536w\" sizes=\"(max-width: 300px) 100vw, 300px\" \/><br \/>\n<\/span><\/p>\n<p class=\"p1\"><span class=\"s1\"><img decoding=\"async\" class=\"alignnone size-medium wp-image-7701\" src=\"http:\/\/tt-bruchhausen.de\/Web\/wp-content\/uploads\/2025\/06\/7144488A-2410-4899-8A89-1515F391B15F-225x300.jpeg\" alt=\"\" width=\"225\" height=\"300\" srcset=\"http:\/\/tt-bruchhausen.de\/Web\/wp-content\/uploads\/2025\/06\/7144488A-2410-4899-8A89-1515F391B15F-225x300.jpeg 225w, http:\/\/tt-bruchhausen.de\/Web\/wp-content\/uploads\/2025\/06\/7144488A-2410-4899-8A89-1515F391B15F-768x1024.jpeg 768w, http:\/\/tt-bruchhausen.de\/Web\/wp-content\/uploads\/2025\/06\/7144488A-2410-4899-8A89-1515F391B15F-1152x1536.jpeg 1152w, http:\/\/tt-bruchhausen.de\/Web\/wp-content\/uploads\/2025\/06\/7144488A-2410-4899-8A89-1515F391B15F-1536x2048.jpeg 1536w, http:\/\/tt-bruchhausen.de\/Web\/wp-content\/uploads\/2025\/06\/7144488A-2410-4899-8A89-1515F391B15F-scaled.jpeg 1920w\" sizes=\"(max-width: 225px) 100vw, 225px\" \/><br \/>\n<i>Ebenfalls unter den Top 10 im Bezirk: Felix<\/i><\/span><\/p>\n<p><i>Der TuS gratuliert an dieser Stelle nat\u00fcrlich gerne zum Erreichten und ist m\u00e4chtig stolz auf seine Youngster :).<\/i><\/p>\n<p><img decoding=\"async\" class=\"alignnone size-medium wp-image-7702\" src=\"http:\/\/tt-bruchhausen.de\/Web\/wp-content\/uploads\/2025\/06\/97674690-F351-4FCF-8F52-4AE2D15618AF-225x300.jpeg\" alt=\"\" width=\"225\" height=\"300\" srcset=\"http:\/\/tt-bruchhausen.de\/Web\/wp-content\/uploads\/2025\/06\/97674690-F351-4FCF-8F52-4AE2D15618AF-225x300.jpeg 225w, http:\/\/tt-bruchhausen.de\/Web\/wp-content\/uploads\/2025\/06\/97674690-F351-4FCF-8F52-4AE2D15618AF-768x1024.jpeg 768w, http:\/\/tt-bruchhausen.de\/Web\/wp-content\/uploads\/2025\/06\/97674690-F351-4FCF-8F52-4AE2D15618AF-1152x1536.jpeg 1152w, http:\/\/tt-bruchhausen.de\/Web\/wp-content\/uploads\/2025\/06\/97674690-F351-4FCF-8F52-4AE2D15618AF-1536x2048.jpeg 1536w, http:\/\/tt-bruchhausen.de\/Web\/wp-content\/uploads\/2025\/06\/97674690-F351-4FCF-8F52-4AE2D15618AF-scaled.jpeg 1920w\" sizes=\"(max-width: 225px) 100vw, 225px\" \/><br \/>\n<i>Top in B\u00f6nen: Charlotte und Felix<\/i><\/p>\n","protected":false},"excerpt":{"rendered":"<p>In Person von Charlotte Kraft und Felix Mertens hatten sich in diesem Jahr zwei TuS-Youngster f\u00fcr die Bezirksendrangliste des Bezirks Westfalen-Mitte, die nun in B\u00f6nen  [&#8230;]<\/p>\n","protected":false},"author":7,"featured_media":7704,"comment_status":"open","ping_status":"open","sticky":false,"template":"","format":"standard","meta":{"kia_subtitle":"","_themeisle_gutenberg_block_has_review":false,"footnotes":""},"categories":[6,12],"tags":[],"class_list":["post-7695","post","type-post","status-publish","format-standard","has-post-thumbnail","hentry","category-1-nachwuchs","category-1-turniere"],"yoast_head":"<!-- This site is optimized with the Yoast SEO plugin v28.4 - https:\/\/yoast.com\/product\/yoast-seo-wordpress\/ -->\n<title>TuS-Duo startet bei Bezirksendrangliste - TuS Bruchhausen 02 - TT Abteilung<\/title>\n<meta name=\"robots\" content=\"index, follow, max-snippet:-1, max-image-preview:large, max-video-preview:-1\" \/>\n<link rel=\"canonical\" href=\"http:\/\/tt-bruchhausen.de\/Web\/tus-duo-startet-bei-bezirksendrangliste\/\" \/>\n<meta property=\"og:locale\" content=\"de_DE\" \/>\n<meta property=\"og:type\" content=\"article\" \/>\n<meta property=\"og:title\" content=\"TuS-Duo startet bei Bezirksendrangliste - TuS Bruchhausen 02 - TT Abteilung\" \/>\n<meta property=\"og:description\" content=\"In Person von Charlotte Kraft und Felix Mertens hatten sich in diesem Jahr zwei TuS-Youngster f\u00fcr die Bezirksendrangliste des Bezirks Westfalen-Mitte, die nun in B\u00f6nen [...]\" \/>\n<meta property=\"og:url\" content=\"http:\/\/tt-bruchhausen.de\/Web\/tus-duo-startet-bei-bezirksendrangliste\/\" \/>\n<meta property=\"og:site_name\" content=\"TuS Bruchhausen 02 - TT Abteilung\" \/>\n<meta property=\"article:published_time\" content=\"2025-06-11T08:29:43+00:00\" \/>\n<meta property=\"article:modified_time\" content=\"2025-06-11T08:29:57+00:00\" \/>\n<meta property=\"og:image\" content=\"http:\/\/tt-bruchhausen.de\/Web\/wp-content\/uploads\/2025\/06\/67D7BA72-BB21-4CCF-9CB1-35AAE16B6843-scaled.jpeg\" \/>\n\t<meta property=\"og:image:width\" content=\"2560\" \/>\n\t<meta property=\"og:image:height\" content=\"1441\" \/>\n\t<meta property=\"og:image:type\" content=\"image\/jpeg\" \/>\n<meta name=\"author\" content=\"MK\" \/>\n<meta name=\"twitter:card\" content=\"summary_large_image\" \/>\n<meta name=\"twitter:label1\" content=\"Verfasst von\" \/>\n\t<meta name=\"twitter:data1\" content=\"MK\" \/>\n\t<meta name=\"twitter:label2\" content=\"Gesch\u00e4tzte Lesezeit\" \/>\n\t<meta name=\"twitter:data2\" content=\"1\u00a0Minute\" \/>\n<script type=\"application\/ld+json\" class=\"yoast-schema-graph\">{\"@context\":\"https:\\\/\\\/schema.org\",\"@graph\":[{\"@type\":\"Article\",\"@id\":\"http:\\\/\\\/tt-bruchhausen.de\\\/Web\\\/tus-duo-startet-bei-bezirksendrangliste\\\/#article\",\"isPartOf\":{\"@id\":\"http:\\\/\\\/tt-bruchhausen.de\\\/Web\\\/tus-duo-startet-bei-bezirksendrangliste\\\/\"},\"author\":{\"name\":\"MK\",\"@id\":\"http:\\\/\\\/tt-bruchhausen.de\\\/Web\\\/#\\\/schema\\\/person\\\/8c5d35e003f430988a311361f303e3e2\"},\"headline\":\"TuS-Duo startet bei Bezirksendrangliste\",\"datePublished\":\"2025-06-11T08:29:43+00:00\",\"dateModified\":\"2025-06-11T08:29:57+00:00\",\"mainEntityOfPage\":{\"@id\":\"http:\\\/\\\/tt-bruchhausen.de\\\/Web\\\/tus-duo-startet-bei-bezirksendrangliste\\\/\"},\"wordCount\":273,\"commentCount\":0,\"image\":{\"@id\":\"http:\\\/\\\/tt-bruchhausen.de\\\/Web\\\/tus-duo-startet-bei-bezirksendrangliste\\\/#primaryimage\"},\"thumbnailUrl\":\"http:\\\/\\\/tt-bruchhausen.de\\\/Web\\\/wp-content\\\/uploads\\\/2025\\\/06\\\/67D7BA72-BB21-4CCF-9CB1-35AAE16B6843-scaled.jpeg\",\"articleSection\":[\"Nachwuchs\",\"Turniere\"],\"inLanguage\":\"de\",\"potentialAction\":[{\"@type\":\"CommentAction\",\"name\":\"Comment\",\"target\":[\"http:\\\/\\\/tt-bruchhausen.de\\\/Web\\\/tus-duo-startet-bei-bezirksendrangliste\\\/#respond\"]}]},{\"@type\":\"WebPage\",\"@id\":\"http:\\\/\\\/tt-bruchhausen.de\\\/Web\\\/tus-duo-startet-bei-bezirksendrangliste\\\/\",\"url\":\"http:\\\/\\\/tt-bruchhausen.de\\\/Web\\\/tus-duo-startet-bei-bezirksendrangliste\\\/\",\"name\":\"TuS-Duo startet bei Bezirksendrangliste - TuS Bruchhausen 02 - TT Abteilung\",\"isPartOf\":{\"@id\":\"http:\\\/\\\/tt-bruchhausen.de\\\/Web\\\/#website\"},\"primaryImageOfPage\":{\"@id\":\"http:\\\/\\\/tt-bruchhausen.de\\\/Web\\\/tus-duo-startet-bei-bezirksendrangliste\\\/#primaryimage\"},\"image\":{\"@id\":\"http:\\\/\\\/tt-bruchhausen.de\\\/Web\\\/tus-duo-startet-bei-bezirksendrangliste\\\/#primaryimage\"},\"thumbnailUrl\":\"http:\\\/\\\/tt-bruchhausen.de\\\/Web\\\/wp-content\\\/uploads\\\/2025\\\/06\\\/67D7BA72-BB21-4CCF-9CB1-35AAE16B6843-scaled.jpeg\",\"datePublished\":\"2025-06-11T08:29:43+00:00\",\"dateModified\":\"2025-06-11T08:29:57+00:00\",\"author\":{\"@id\":\"http:\\\/\\\/tt-bruchhausen.de\\\/Web\\\/#\\\/schema\\\/person\\\/8c5d35e003f430988a311361f303e3e2\"},\"breadcrumb\":{\"@id\":\"http:\\\/\\\/tt-bruchhausen.de\\\/Web\\\/tus-duo-startet-bei-bezirksendrangliste\\\/#breadcrumb\"},\"inLanguage\":\"de\",\"potentialAction\":[{\"@type\":\"ReadAction\",\"target\":[\"http:\\\/\\\/tt-bruchhausen.de\\\/Web\\\/tus-duo-startet-bei-bezirksendrangliste\\\/\"]}]},{\"@type\":\"ImageObject\",\"inLanguage\":\"de\",\"@id\":\"http:\\\/\\\/tt-bruchhausen.de\\\/Web\\\/tus-duo-startet-bei-bezirksendrangliste\\\/#primaryimage\",\"url\":\"http:\\\/\\\/tt-bruchhausen.de\\\/Web\\\/wp-content\\\/uploads\\\/2025\\\/06\\\/67D7BA72-BB21-4CCF-9CB1-35AAE16B6843-scaled.jpeg\",\"contentUrl\":\"http:\\\/\\\/tt-bruchhausen.de\\\/Web\\\/wp-content\\\/uploads\\\/2025\\\/06\\\/67D7BA72-BB21-4CCF-9CB1-35AAE16B6843-scaled.jpeg\",\"width\":2560,\"height\":1441},{\"@type\":\"BreadcrumbList\",\"@id\":\"http:\\\/\\\/tt-bruchhausen.de\\\/Web\\\/tus-duo-startet-bei-bezirksendrangliste\\\/#breadcrumb\",\"itemListElement\":[{\"@type\":\"ListItem\",\"position\":1,\"name\":\"Start\",\"item\":\"http:\\\/\\\/tt-bruchhausen.de\\\/Web\\\/\"},{\"@type\":\"ListItem\",\"position\":2,\"name\":\"TuS-Duo startet bei Bezirksendrangliste\"}]},{\"@type\":\"WebSite\",\"@id\":\"http:\\\/\\\/tt-bruchhausen.de\\\/Web\\\/#website\",\"url\":\"http:\\\/\\\/tt-bruchhausen.de\\\/Web\\\/\",\"name\":\"TuS Bruchhausen 02 - TT Abteilung\",\"description\":\"Tischtennis im Entondorf\",\"potentialAction\":[{\"@type\":\"SearchAction\",\"target\":{\"@type\":\"EntryPoint\",\"urlTemplate\":\"http:\\\/\\\/tt-bruchhausen.de\\\/Web\\\/?s={search_term_string}\"},\"query-input\":{\"@type\":\"PropertyValueSpecification\",\"valueRequired\":true,\"valueName\":\"search_term_string\"}}],\"inLanguage\":\"de\"},{\"@type\":\"Person\",\"@id\":\"http:\\\/\\\/tt-bruchhausen.de\\\/Web\\\/#\\\/schema\\\/person\\\/8c5d35e003f430988a311361f303e3e2\",\"name\":\"MK\",\"image\":{\"@type\":\"ImageObject\",\"inLanguage\":\"de\",\"@id\":\"https:\\\/\\\/secure.gravatar.com\\\/avatar\\\/b08fdd492f94f070b6fff67dfa1643dae8c7e60b0708012bd8990eddba27596c?s=96&d=mm&r=g\",\"url\":\"https:\\\/\\\/secure.gravatar.com\\\/avatar\\\/b08fdd492f94f070b6fff67dfa1643dae8c7e60b0708012bd8990eddba27596c?s=96&d=mm&r=g\",\"contentUrl\":\"https:\\\/\\\/secure.gravatar.com\\\/avatar\\\/b08fdd492f94f070b6fff67dfa1643dae8c7e60b0708012bd8990eddba27596c?s=96&d=mm&r=g\",\"caption\":\"MK\"},\"sameAs\":[\"http:\\\/\\\/tt-bruchhausen.de\"],\"url\":\"http:\\\/\\\/tt-bruchhausen.de\\\/Web\\\/author\\\/mk\\\/\"}]}<\/script>\n<!-- \/ Yoast SEO plugin. -->","yoast_head_json":{"title":"TuS-Duo startet bei Bezirksendrangliste - TuS Bruchhausen 02 - TT Abteilung","robots":{"index":"index","follow":"follow","max-snippet":"max-snippet:-1","max-image-preview":"max-image-preview:large","max-video-preview":"max-video-preview:-1"},"canonical":"http:\/\/tt-bruchhausen.de\/Web\/tus-duo-startet-bei-bezirksendrangliste\/","og_locale":"de_DE","og_type":"article","og_title":"TuS-Duo startet bei Bezirksendrangliste - TuS Bruchhausen 02 - TT Abteilung","og_description":"In Person von Charlotte Kraft und Felix Mertens hatten sich in diesem Jahr zwei TuS-Youngster f\u00fcr die Bezirksendrangliste des Bezirks Westfalen-Mitte, die nun in B\u00f6nen [...]","og_url":"http:\/\/tt-bruchhausen.de\/Web\/tus-duo-startet-bei-bezirksendrangliste\/","og_site_name":"TuS Bruchhausen 02 - TT Abteilung","article_published_time":"2025-06-11T08:29:43+00:00","article_modified_time":"2025-06-11T08:29:57+00:00","og_image":[{"width":2560,"height":1441,"url":"http:\/\/tt-bruchhausen.de\/Web\/wp-content\/uploads\/2025\/06\/67D7BA72-BB21-4CCF-9CB1-35AAE16B6843-scaled.jpeg","type":"image\/jpeg"}],"author":"MK","twitter_card":"summary_large_image","twitter_misc":{"Verfasst von":"MK","Gesch\u00e4tzte Lesezeit":"1\u00a0Minute"},"schema":{"@context":"https:\/\/schema.org","@graph":[{"@type":"Article","@id":"http:\/\/tt-bruchhausen.de\/Web\/tus-duo-startet-bei-bezirksendrangliste\/#article","isPartOf":{"@id":"http:\/\/tt-bruchhausen.de\/Web\/tus-duo-startet-bei-bezirksendrangliste\/"},"author":{"name":"MK","@id":"http:\/\/tt-bruchhausen.de\/Web\/#\/schema\/person\/8c5d35e003f430988a311361f303e3e2"},"headline":"TuS-Duo startet bei Bezirksendrangliste","datePublished":"2025-06-11T08:29:43+00:00","dateModified":"2025-06-11T08:29:57+00:00","mainEntityOfPage":{"@id":"http:\/\/tt-bruchhausen.de\/Web\/tus-duo-startet-bei-bezirksendrangliste\/"},"wordCount":273,"commentCount":0,"image":{"@id":"http:\/\/tt-bruchhausen.de\/Web\/tus-duo-startet-bei-bezirksendrangliste\/#primaryimage"},"thumbnailUrl":"http:\/\/tt-bruchhausen.de\/Web\/wp-content\/uploads\/2025\/06\/67D7BA72-BB21-4CCF-9CB1-35AAE16B6843-scaled.jpeg","articleSection":["Nachwuchs","Turniere"],"inLanguage":"de","potentialAction":[{"@type":"CommentAction","name":"Comment","target":["http:\/\/tt-bruchhausen.de\/Web\/tus-duo-startet-bei-bezirksendrangliste\/#respond"]}]},{"@type":"WebPage","@id":"http:\/\/tt-bruchhausen.de\/Web\/tus-duo-startet-bei-bezirksendrangliste\/","url":"http:\/\/tt-bruchhausen.de\/Web\/tus-duo-startet-bei-bezirksendrangliste\/","name":"TuS-Duo startet bei Bezirksendrangliste - TuS Bruchhausen 02 - TT Abteilung","isPartOf":{"@id":"http:\/\/tt-bruchhausen.de\/Web\/#website"},"primaryImageOfPage":{"@id":"http:\/\/tt-bruchhausen.de\/Web\/tus-duo-startet-bei-bezirksendrangliste\/#primaryimage"},"image":{"@id":"http:\/\/tt-bruchhausen.de\/Web\/tus-duo-startet-bei-bezirksendrangliste\/#primaryimage"},"thumbnailUrl":"http:\/\/tt-bruchhausen.de\/Web\/wp-content\/uploads\/2025\/06\/67D7BA72-BB21-4CCF-9CB1-35AAE16B6843-scaled.jpeg","datePublished":"2025-06-11T08:29:43+00:00","dateModified":"2025-06-11T08:29:57+00:00","author":{"@id":"http:\/\/tt-bruchhausen.de\/Web\/#\/schema\/person\/8c5d35e003f430988a311361f303e3e2"},"breadcrumb":{"@id":"http:\/\/tt-bruchhausen.de\/Web\/tus-duo-startet-bei-bezirksendrangliste\/#breadcrumb"},"inLanguage":"de","potentialAction":[{"@type":"ReadAction","target":["http:\/\/tt-bruchhausen.de\/Web\/tus-duo-startet-bei-bezirksendrangliste\/"]}]},{"@type":"ImageObject","inLanguage":"de","@id":"http:\/\/tt-bruchhausen.de\/Web\/tus-duo-startet-bei-bezirksendrangliste\/#primaryimage","url":"http:\/\/tt-bruchhausen.de\/Web\/wp-content\/uploads\/2025\/06\/67D7BA72-BB21-4CCF-9CB1-35AAE16B6843-scaled.jpeg","contentUrl":"http:\/\/tt-bruchhausen.de\/Web\/wp-content\/uploads\/2025\/06\/67D7BA72-BB21-4CCF-9CB1-35AAE16B6843-scaled.jpeg","width":2560,"height":1441},{"@type":"BreadcrumbList","@id":"http:\/\/tt-bruchhausen.de\/Web\/tus-duo-startet-bei-bezirksendrangliste\/#breadcrumb","itemListElement":[{"@type":"ListItem","position":1,"name":"Start","item":"http:\/\/tt-bruchhausen.de\/Web\/"},{"@type":"ListItem","position":2,"name":"TuS-Duo startet bei Bezirksendrangliste"}]},{"@type":"WebSite","@id":"http:\/\/tt-bruchhausen.de\/Web\/#website","url":"http:\/\/tt-bruchhausen.de\/Web\/","name":"TuS Bruchhausen 02 - TT Abteilung","description":"Tischtennis im Entondorf","potentialAction":[{"@type":"SearchAction","target":{"@type":"EntryPoint","urlTemplate":"http:\/\/tt-bruchhausen.de\/Web\/?s={search_term_string}"},"query-input":{"@type":"PropertyValueSpecification","valueRequired":true,"valueName":"search_term_string"}}],"inLanguage":"de"},{"@type":"Person","@id":"http:\/\/tt-bruchhausen.de\/Web\/#\/schema\/person\/8c5d35e003f430988a311361f303e3e2","name":"MK","image":{"@type":"ImageObject","inLanguage":"de","@id":"https:\/\/secure.gravatar.com\/avatar\/b08fdd492f94f070b6fff67dfa1643dae8c7e60b0708012bd8990eddba27596c?s=96&d=mm&r=g","url":"https:\/\/secure.gravatar.com\/avatar\/b08fdd492f94f070b6fff67dfa1643dae8c7e60b0708012bd8990eddba27596c?s=96&d=mm&r=g","contentUrl":"https:\/\/secure.gravatar.com\/avatar\/b08fdd492f94f070b6fff67dfa1643dae8c7e60b0708012bd8990eddba27596c?s=96&d=mm&r=g","caption":"MK"},"sameAs":["http:\/\/tt-bruchhausen.de"],"url":"http:\/\/tt-bruchhausen.de\/Web\/author\/mk\/"}]}},"_links":{"self":[{"href":"http:\/\/tt-bruchhausen.de\/Web\/wp-json\/wp\/v2\/posts\/7695","targetHints":{"allow":["GET"]}}],"collection":[{"href":"http:\/\/tt-bruchhausen.de\/Web\/wp-json\/wp\/v2\/posts"}],"about":[{"href":"http:\/\/tt-bruchhausen.de\/Web\/wp-json\/wp\/v2\/types\/post"}],"author":[{"embeddable":true,"href":"http:\/\/tt-bruchhausen.de\/Web\/wp-json\/wp\/v2\/users\/7"}],"replies":[{"embeddable":true,"href":"http:\/\/tt-bruchhausen.de\/Web\/wp-json\/wp\/v2\/comments?post=7695"}],"version-history":[{"count":2,"href":"http:\/\/tt-bruchhausen.de\/Web\/wp-json\/wp\/v2\/posts\/7695\/revisions"}],"predecessor-version":[{"id":7705,"href":"http:\/\/tt-bruchhausen.de\/Web\/wp-json\/wp\/v2\/posts\/7695\/revisions\/7705"}],"wp:featuredmedia":[{"embeddable":true,"href":"http:\/\/tt-bruchhausen.de\/Web\/wp-json\/wp\/v2\/media\/7704"}],"wp:attachment":[{"href":"http:\/\/tt-bruchhausen.de\/Web\/wp-json\/wp\/v2\/media?parent=7695"}],"wp:term":[{"taxonomy":"category","embeddable":true,"href":"http:\/\/tt-bruchhausen.de\/Web\/wp-json\/wp\/v2\/categories?post=7695"},{"taxonomy":"post_tag","embeddable":true,"href":"http:\/\/tt-bruchhausen.de\/Web\/wp-json\/wp\/v2\/tags?post=7695"}],"curies":[{"name":"wp","href":"https:\/\/api.w.org\/{rel}","templated":true}]}}