{"id":7491,"date":"2025-03-04T20:24:28","date_gmt":"2025-03-04T18:24:28","guid":{"rendered":"http:\/\/tt-bruchhausen.de\/Web\/?p=7491"},"modified":"2025-03-04T20:24:28","modified_gmt":"2025-03-04T18:24:28","slug":"16-05-25-abteilungsversammlung-bei-koerner","status":"publish","type":"post","link":"http:\/\/tt-bruchhausen.de\/Web\/16-05-25-abteilungsversammlung-bei-koerner\/","title":{"rendered":"16.05.25 Abteilungsversammlung bei K\u00f6rner"},"content":{"rendered":"<p>Am 16.Mai 2025 findet unsere j\u00e4hrliche Versammlung statt. 19 Uhr an gewohnter Stelle, also due Dorfsch\u00e4nke K\u00f6rner.<\/p>\n<p>Themen sind klar, ob es bez\u00fcglich Speisen und Getr\u00e4nke Sponsoring geben wird, darf gern beim Abteilungsleiter erfragt werden. \ud83d\ude42<\/p>\n<p>Es wird um rege Teilnahme gebeten, da es richtungsweisende Dinge zu besprechen gilt.<\/p>\n<p>&nbsp;<\/p>\n<p><img decoding=\"async\" class=\"alignnone size-full wp-image-5788\" src=\"http:\/\/tt-bruchhausen.de\/Web\/wp-content\/uploads\/2022\/01\/wttv_ehrung_walter_coels.jpg\" alt=\"\" width=\"283\" height=\"403\" srcset=\"http:\/\/tt-bruchhausen.de\/Web\/wp-content\/uploads\/2022\/01\/wttv_ehrung_walter_coels-211x300.jpg 211w, http:\/\/tt-bruchhausen.de\/Web\/wp-content\/uploads\/2022\/01\/wttv_ehrung_walter_coels.jpg 283w\" sizes=\"(max-width: 283px) 100vw, 283px\" \/><\/p>\n<p>&nbsp;<\/p>\n","protected":false},"excerpt":{"rendered":"<p>Am 16.Mai 2025 findet unsere j\u00e4hrliche Versammlung statt. 19 Uhr an gewohnter Stelle, also due Dorfsch\u00e4nke K\u00f6rner. Themen sind klar, ob es bez\u00fcglich Speisen und  [&#8230;]<\/p>\n","protected":false},"author":1,"featured_media":0,"comment_status":"open","ping_status":"open","sticky":false,"template":"","format":"standard","meta":{"kia_subtitle":"","_themeisle_gutenberg_block_has_review":false,"footnotes":""},"categories":[15],"tags":[],"class_list":["post-7491","post","type-post","status-publish","format-standard","hentry","category-1-termine"],"yoast_head":"<!-- This site is optimized with the Yoast SEO plugin v28.4 - https:\/\/yoast.com\/product\/yoast-seo-wordpress\/ -->\n<title>16.05.25 Abteilungsversammlung bei K\u00f6rner - TuS Bruchhausen 02 - TT Abteilung<\/title>\n<meta name=\"robots\" content=\"index, follow, max-snippet:-1, max-image-preview:large, max-video-preview:-1\" \/>\n<link rel=\"canonical\" href=\"http:\/\/tt-bruchhausen.de\/Web\/16-05-25-abteilungsversammlung-bei-koerner\/\" \/>\n<meta property=\"og:locale\" content=\"de_DE\" \/>\n<meta property=\"og:type\" content=\"article\" \/>\n<meta property=\"og:title\" content=\"16.05.25 Abteilungsversammlung bei K\u00f6rner - TuS Bruchhausen 02 - TT Abteilung\" \/>\n<meta property=\"og:description\" content=\"Am 16.Mai 2025 findet unsere j\u00e4hrliche Versammlung statt. 19 Uhr an gewohnter Stelle, also due Dorfsch\u00e4nke K\u00f6rner. Themen sind klar, ob es bez\u00fcglich Speisen und [...]\" \/>\n<meta property=\"og:url\" content=\"http:\/\/tt-bruchhausen.de\/Web\/16-05-25-abteilungsversammlung-bei-koerner\/\" \/>\n<meta property=\"og:site_name\" content=\"TuS Bruchhausen 02 - TT Abteilung\" \/>\n<meta property=\"article:published_time\" content=\"2025-03-04T18:24:28+00:00\" \/>\n<meta property=\"og:image\" content=\"http:\/\/tt-bruchhausen.de\/Web\/wp-content\/uploads\/2022\/01\/wttv_ehrung_walter_coels.jpg\" \/>\n<meta name=\"author\" content=\"hcoels\" \/>\n<meta name=\"twitter:card\" content=\"summary_large_image\" \/>\n<meta name=\"twitter:label1\" content=\"Verfasst von\" \/>\n\t<meta name=\"twitter:data1\" content=\"hcoels\" \/>\n<script type=\"application\/ld+json\" class=\"yoast-schema-graph\">{\"@context\":\"https:\\\/\\\/schema.org\",\"@graph\":[{\"@type\":\"Article\",\"@id\":\"http:\\\/\\\/tt-bruchhausen.de\\\/Web\\\/16-05-25-abteilungsversammlung-bei-koerner\\\/#article\",\"isPartOf\":{\"@id\":\"http:\\\/\\\/tt-bruchhausen.de\\\/Web\\\/16-05-25-abteilungsversammlung-bei-koerner\\\/\"},\"author\":{\"name\":\"hcoels\",\"@id\":\"http:\\\/\\\/tt-bruchhausen.de\\\/Web\\\/#\\\/schema\\\/person\\\/5b848b23f9d6f6b51911da8dca8673d4\"},\"headline\":\"16.05.25 Abteilungsversammlung bei K\u00f6rner\",\"datePublished\":\"2025-03-04T18:24:28+00:00\",\"mainEntityOfPage\":{\"@id\":\"http:\\\/\\\/tt-bruchhausen.de\\\/Web\\\/16-05-25-abteilungsversammlung-bei-koerner\\\/\"},\"wordCount\":57,\"commentCount\":0,\"image\":{\"@id\":\"http:\\\/\\\/tt-bruchhausen.de\\\/Web\\\/16-05-25-abteilungsversammlung-bei-koerner\\\/#primaryimage\"},\"thumbnailUrl\":\"http:\\\/\\\/tt-bruchhausen.de\\\/Web\\\/wp-content\\\/uploads\\\/2022\\\/01\\\/wttv_ehrung_walter_coels.jpg\",\"articleSection\":[\"Termine\"],\"inLanguage\":\"de\",\"potentialAction\":[{\"@type\":\"CommentAction\",\"name\":\"Comment\",\"target\":[\"http:\\\/\\\/tt-bruchhausen.de\\\/Web\\\/16-05-25-abteilungsversammlung-bei-koerner\\\/#respond\"]}]},{\"@type\":\"WebPage\",\"@id\":\"http:\\\/\\\/tt-bruchhausen.de\\\/Web\\\/16-05-25-abteilungsversammlung-bei-koerner\\\/\",\"url\":\"http:\\\/\\\/tt-bruchhausen.de\\\/Web\\\/16-05-25-abteilungsversammlung-bei-koerner\\\/\",\"name\":\"16.05.25 Abteilungsversammlung bei K\u00f6rner - TuS Bruchhausen 02 - TT Abteilung\",\"isPartOf\":{\"@id\":\"http:\\\/\\\/tt-bruchhausen.de\\\/Web\\\/#website\"},\"primaryImageOfPage\":{\"@id\":\"http:\\\/\\\/tt-bruchhausen.de\\\/Web\\\/16-05-25-abteilungsversammlung-bei-koerner\\\/#primaryimage\"},\"image\":{\"@id\":\"http:\\\/\\\/tt-bruchhausen.de\\\/Web\\\/16-05-25-abteilungsversammlung-bei-koerner\\\/#primaryimage\"},\"thumbnailUrl\":\"http:\\\/\\\/tt-bruchhausen.de\\\/Web\\\/wp-content\\\/uploads\\\/2022\\\/01\\\/wttv_ehrung_walter_coels.jpg\",\"datePublished\":\"2025-03-04T18:24:28+00:00\",\"author\":{\"@id\":\"http:\\\/\\\/tt-bruchhausen.de\\\/Web\\\/#\\\/schema\\\/person\\\/5b848b23f9d6f6b51911da8dca8673d4\"},\"breadcrumb\":{\"@id\":\"http:\\\/\\\/tt-bruchhausen.de\\\/Web\\\/16-05-25-abteilungsversammlung-bei-koerner\\\/#breadcrumb\"},\"inLanguage\":\"de\",\"potentialAction\":[{\"@type\":\"ReadAction\",\"target\":[\"http:\\\/\\\/tt-bruchhausen.de\\\/Web\\\/16-05-25-abteilungsversammlung-bei-koerner\\\/\"]}]},{\"@type\":\"ImageObject\",\"inLanguage\":\"de\",\"@id\":\"http:\\\/\\\/tt-bruchhausen.de\\\/Web\\\/16-05-25-abteilungsversammlung-bei-koerner\\\/#primaryimage\",\"url\":\"http:\\\/\\\/tt-bruchhausen.de\\\/Web\\\/wp-content\\\/uploads\\\/2022\\\/01\\\/wttv_ehrung_walter_coels.jpg\",\"contentUrl\":\"http:\\\/\\\/tt-bruchhausen.de\\\/Web\\\/wp-content\\\/uploads\\\/2022\\\/01\\\/wttv_ehrung_walter_coels.jpg\",\"width\":283,\"height\":403},{\"@type\":\"BreadcrumbList\",\"@id\":\"http:\\\/\\\/tt-bruchhausen.de\\\/Web\\\/16-05-25-abteilungsversammlung-bei-koerner\\\/#breadcrumb\",\"itemListElement\":[{\"@type\":\"ListItem\",\"position\":1,\"name\":\"Start\",\"item\":\"http:\\\/\\\/tt-bruchhausen.de\\\/Web\\\/\"},{\"@type\":\"ListItem\",\"position\":2,\"name\":\"16.05.25 Abteilungsversammlung bei K\u00f6rner\"}]},{\"@type\":\"WebSite\",\"@id\":\"http:\\\/\\\/tt-bruchhausen.de\\\/Web\\\/#website\",\"url\":\"http:\\\/\\\/tt-bruchhausen.de\\\/Web\\\/\",\"name\":\"TuS Bruchhausen 02 - TT Abteilung\",\"description\":\"Tischtennis im Entondorf\",\"potentialAction\":[{\"@type\":\"SearchAction\",\"target\":{\"@type\":\"EntryPoint\",\"urlTemplate\":\"http:\\\/\\\/tt-bruchhausen.de\\\/Web\\\/?s={search_term_string}\"},\"query-input\":{\"@type\":\"PropertyValueSpecification\",\"valueRequired\":true,\"valueName\":\"search_term_string\"}}],\"inLanguage\":\"de\"},{\"@type\":\"Person\",\"@id\":\"http:\\\/\\\/tt-bruchhausen.de\\\/Web\\\/#\\\/schema\\\/person\\\/5b848b23f9d6f6b51911da8dca8673d4\",\"name\":\"hcoels\",\"image\":{\"@type\":\"ImageObject\",\"inLanguage\":\"de\",\"@id\":\"https:\\\/\\\/secure.gravatar.com\\\/avatar\\\/d351b66730ed647c7cd787c95779789fdef9e11e0073d715b25d18ba342bb98e?s=96&d=mm&r=g\",\"url\":\"https:\\\/\\\/secure.gravatar.com\\\/avatar\\\/d351b66730ed647c7cd787c95779789fdef9e11e0073d715b25d18ba342bb98e?s=96&d=mm&r=g\",\"contentUrl\":\"https:\\\/\\\/secure.gravatar.com\\\/avatar\\\/d351b66730ed647c7cd787c95779789fdef9e11e0073d715b25d18ba342bb98e?s=96&d=mm&r=g\",\"caption\":\"hcoels\"},\"sameAs\":[\"http:\\\/\\\/www.musikzirkus.eu\"],\"url\":\"http:\\\/\\\/tt-bruchhausen.de\\\/Web\\\/author\\\/hcoels\\\/\"}]}<\/script>\n<!-- \/ Yoast SEO plugin. -->","yoast_head_json":{"title":"16.05.25 Abteilungsversammlung bei K\u00f6rner - TuS Bruchhausen 02 - TT Abteilung","robots":{"index":"index","follow":"follow","max-snippet":"max-snippet:-1","max-image-preview":"max-image-preview:large","max-video-preview":"max-video-preview:-1"},"canonical":"http:\/\/tt-bruchhausen.de\/Web\/16-05-25-abteilungsversammlung-bei-koerner\/","og_locale":"de_DE","og_type":"article","og_title":"16.05.25 Abteilungsversammlung bei K\u00f6rner - TuS Bruchhausen 02 - TT Abteilung","og_description":"Am 16.Mai 2025 findet unsere j\u00e4hrliche Versammlung statt. 19 Uhr an gewohnter Stelle, also due Dorfsch\u00e4nke K\u00f6rner. Themen sind klar, ob es bez\u00fcglich Speisen und [...]","og_url":"http:\/\/tt-bruchhausen.de\/Web\/16-05-25-abteilungsversammlung-bei-koerner\/","og_site_name":"TuS Bruchhausen 02 - TT Abteilung","article_published_time":"2025-03-04T18:24:28+00:00","og_image":[{"url":"http:\/\/tt-bruchhausen.de\/Web\/wp-content\/uploads\/2022\/01\/wttv_ehrung_walter_coels.jpg","type":"","width":"","height":""}],"author":"hcoels","twitter_card":"summary_large_image","twitter_misc":{"Verfasst von":"hcoels"},"schema":{"@context":"https:\/\/schema.org","@graph":[{"@type":"Article","@id":"http:\/\/tt-bruchhausen.de\/Web\/16-05-25-abteilungsversammlung-bei-koerner\/#article","isPartOf":{"@id":"http:\/\/tt-bruchhausen.de\/Web\/16-05-25-abteilungsversammlung-bei-koerner\/"},"author":{"name":"hcoels","@id":"http:\/\/tt-bruchhausen.de\/Web\/#\/schema\/person\/5b848b23f9d6f6b51911da8dca8673d4"},"headline":"16.05.25 Abteilungsversammlung bei K\u00f6rner","datePublished":"2025-03-04T18:24:28+00:00","mainEntityOfPage":{"@id":"http:\/\/tt-bruchhausen.de\/Web\/16-05-25-abteilungsversammlung-bei-koerner\/"},"wordCount":57,"commentCount":0,"image":{"@id":"http:\/\/tt-bruchhausen.de\/Web\/16-05-25-abteilungsversammlung-bei-koerner\/#primaryimage"},"thumbnailUrl":"http:\/\/tt-bruchhausen.de\/Web\/wp-content\/uploads\/2022\/01\/wttv_ehrung_walter_coels.jpg","articleSection":["Termine"],"inLanguage":"de","potentialAction":[{"@type":"CommentAction","name":"Comment","target":["http:\/\/tt-bruchhausen.de\/Web\/16-05-25-abteilungsversammlung-bei-koerner\/#respond"]}]},{"@type":"WebPage","@id":"http:\/\/tt-bruchhausen.de\/Web\/16-05-25-abteilungsversammlung-bei-koerner\/","url":"http:\/\/tt-bruchhausen.de\/Web\/16-05-25-abteilungsversammlung-bei-koerner\/","name":"16.05.25 Abteilungsversammlung bei K\u00f6rner - TuS Bruchhausen 02 - TT Abteilung","isPartOf":{"@id":"http:\/\/tt-bruchhausen.de\/Web\/#website"},"primaryImageOfPage":{"@id":"http:\/\/tt-bruchhausen.de\/Web\/16-05-25-abteilungsversammlung-bei-koerner\/#primaryimage"},"image":{"@id":"http:\/\/tt-bruchhausen.de\/Web\/16-05-25-abteilungsversammlung-bei-koerner\/#primaryimage"},"thumbnailUrl":"http:\/\/tt-bruchhausen.de\/Web\/wp-content\/uploads\/2022\/01\/wttv_ehrung_walter_coels.jpg","datePublished":"2025-03-04T18:24:28+00:00","author":{"@id":"http:\/\/tt-bruchhausen.de\/Web\/#\/schema\/person\/5b848b23f9d6f6b51911da8dca8673d4"},"breadcrumb":{"@id":"http:\/\/tt-bruchhausen.de\/Web\/16-05-25-abteilungsversammlung-bei-koerner\/#breadcrumb"},"inLanguage":"de","potentialAction":[{"@type":"ReadAction","target":["http:\/\/tt-bruchhausen.de\/Web\/16-05-25-abteilungsversammlung-bei-koerner\/"]}]},{"@type":"ImageObject","inLanguage":"de","@id":"http:\/\/tt-bruchhausen.de\/Web\/16-05-25-abteilungsversammlung-bei-koerner\/#primaryimage","url":"http:\/\/tt-bruchhausen.de\/Web\/wp-content\/uploads\/2022\/01\/wttv_ehrung_walter_coels.jpg","contentUrl":"http:\/\/tt-bruchhausen.de\/Web\/wp-content\/uploads\/2022\/01\/wttv_ehrung_walter_coels.jpg","width":283,"height":403},{"@type":"BreadcrumbList","@id":"http:\/\/tt-bruchhausen.de\/Web\/16-05-25-abteilungsversammlung-bei-koerner\/#breadcrumb","itemListElement":[{"@type":"ListItem","position":1,"name":"Start","item":"http:\/\/tt-bruchhausen.de\/Web\/"},{"@type":"ListItem","position":2,"name":"16.05.25 Abteilungsversammlung bei K\u00f6rner"}]},{"@type":"WebSite","@id":"http:\/\/tt-bruchhausen.de\/Web\/#website","url":"http:\/\/tt-bruchhausen.de\/Web\/","name":"TuS Bruchhausen 02 - TT Abteilung","description":"Tischtennis im Entondorf","potentialAction":[{"@type":"SearchAction","target":{"@type":"EntryPoint","urlTemplate":"http:\/\/tt-bruchhausen.de\/Web\/?s={search_term_string}"},"query-input":{"@type":"PropertyValueSpecification","valueRequired":true,"valueName":"search_term_string"}}],"inLanguage":"de"},{"@type":"Person","@id":"http:\/\/tt-bruchhausen.de\/Web\/#\/schema\/person\/5b848b23f9d6f6b51911da8dca8673d4","name":"hcoels","image":{"@type":"ImageObject","inLanguage":"de","@id":"https:\/\/secure.gravatar.com\/avatar\/d351b66730ed647c7cd787c95779789fdef9e11e0073d715b25d18ba342bb98e?s=96&d=mm&r=g","url":"https:\/\/secure.gravatar.com\/avatar\/d351b66730ed647c7cd787c95779789fdef9e11e0073d715b25d18ba342bb98e?s=96&d=mm&r=g","contentUrl":"https:\/\/secure.gravatar.com\/avatar\/d351b66730ed647c7cd787c95779789fdef9e11e0073d715b25d18ba342bb98e?s=96&d=mm&r=g","caption":"hcoels"},"sameAs":["http:\/\/www.musikzirkus.eu"],"url":"http:\/\/tt-bruchhausen.de\/Web\/author\/hcoels\/"}]}},"_links":{"self":[{"href":"http:\/\/tt-bruchhausen.de\/Web\/wp-json\/wp\/v2\/posts\/7491","targetHints":{"allow":["GET"]}}],"collection":[{"href":"http:\/\/tt-bruchhausen.de\/Web\/wp-json\/wp\/v2\/posts"}],"about":[{"href":"http:\/\/tt-bruchhausen.de\/Web\/wp-json\/wp\/v2\/types\/post"}],"author":[{"embeddable":true,"href":"http:\/\/tt-bruchhausen.de\/Web\/wp-json\/wp\/v2\/users\/1"}],"replies":[{"embeddable":true,"href":"http:\/\/tt-bruchhausen.de\/Web\/wp-json\/wp\/v2\/comments?post=7491"}],"version-history":[{"count":1,"href":"http:\/\/tt-bruchhausen.de\/Web\/wp-json\/wp\/v2\/posts\/7491\/revisions"}],"predecessor-version":[{"id":7492,"href":"http:\/\/tt-bruchhausen.de\/Web\/wp-json\/wp\/v2\/posts\/7491\/revisions\/7492"}],"wp:attachment":[{"href":"http:\/\/tt-bruchhausen.de\/Web\/wp-json\/wp\/v2\/media?parent=7491"}],"wp:term":[{"taxonomy":"category","embeddable":true,"href":"http:\/\/tt-bruchhausen.de\/Web\/wp-json\/wp\/v2\/categories?post=7491"},{"taxonomy":"post_tag","embeddable":true,"href":"http:\/\/tt-bruchhausen.de\/Web\/wp-json\/wp\/v2\/tags?post=7491"}],"curies":[{"name":"wp","href":"https:\/\/api.w.org\/{rel}","templated":true}]}}