{"id":7442,"date":"2025-02-24T08:56:28","date_gmt":"2025-02-24T06:56:28","guid":{"rendered":"http:\/\/tt-bruchhausen.de\/Web\/?p=7442"},"modified":"2025-07-25T07:59:13","modified_gmt":"2025-07-25T05:59:13","slug":"tus-duo-mischt-bei-den-hagen-open-kraeftig-mit","status":"publish","type":"post","link":"http:\/\/tt-bruchhausen.de\/Web\/tus-duo-mischt-bei-den-hagen-open-kraeftig-mit\/","title":{"rendered":"TuS-Duo mischt bei den Hagen-Open kr\u00e4ftig mit"},"content":{"rendered":"<p class=\"p1\"><span class=\"s1\">Kurz vorm Jahreswechsel verschlug es zwei unserer Jugendspieler nach Hagen, wo der TTC Hagen die Hagen Open 2024 ausrichtete. Dort vertraten Louis L\u00f6hr und Luke Remarque in einem gro\u00dfen Teilnehmerfeld der Jungen 13 die TuS-Farben und konnten vorne mitspielen.<\/span><\/p>\n<p><img decoding=\"async\" class=\"alignnone size-medium wp-image-7443\" src=\"http:\/\/tt-bruchhausen.de\/Web\/wp-content\/uploads\/2025\/02\/710426C8-1F45-4AF8-AF83-633C105AAEC0-169x300.jpeg\" alt=\"\" width=\"169\" height=\"300\" srcset=\"http:\/\/tt-bruchhausen.de\/Web\/wp-content\/uploads\/2025\/02\/710426C8-1F45-4AF8-AF83-633C105AAEC0-169x300.jpeg 169w, http:\/\/tt-bruchhausen.de\/Web\/wp-content\/uploads\/2025\/02\/710426C8-1F45-4AF8-AF83-633C105AAEC0-576x1024.jpeg 576w, http:\/\/tt-bruchhausen.de\/Web\/wp-content\/uploads\/2025\/02\/710426C8-1F45-4AF8-AF83-633C105AAEC0.jpeg 747w\" sizes=\"(max-width: 169px) 100vw, 169px\" \/><br \/>\n<i>Luke und Louis bei den Hagen Open 2024<\/i><\/p>\n<p class=\"p1\"><span class=\"s1\">Los ging es traditionell wie bei jedem Einzelturnier mit der Gruppenphase im Einzel, die recht unterschiedlich bei den beiden TuSlern verlief.<br \/>\n<\/span>Luke, der erst im September angefangen hat, Turniere au\u00dferhalb der Mini-Meisterschaften zu spielen, hatte eine 5er-Gruppe erwischt und konnte dort also reichlich Spielpraxis sammeln. Da dies im Vorfeld auch sein Ziel gewesen war, war das Abschneiden am Ende eher zweitrangig. Er konnte an diesem Tag zwar (noch) kein Spiel f\u00fcr sich entscheiden, hatte in seinen Spielen aber dennoch gute Leistungen gezeigt.<\/p>\n<p><img decoding=\"async\" class=\"alignnone size-medium wp-image-7444\" src=\"http:\/\/tt-bruchhausen.de\/Web\/wp-content\/uploads\/2025\/02\/E6A1E900-CC99-4666-A48A-E66AD0BC7F26-300x169.jpeg\" alt=\"\" width=\"300\" height=\"169\" srcset=\"http:\/\/tt-bruchhausen.de\/Web\/wp-content\/uploads\/2025\/02\/E6A1E900-CC99-4666-A48A-E66AD0BC7F26-300x169.jpeg 300w, http:\/\/tt-bruchhausen.de\/Web\/wp-content\/uploads\/2025\/02\/E6A1E900-CC99-4666-A48A-E66AD0BC7F26-768x432.jpeg 768w, http:\/\/tt-bruchhausen.de\/Web\/wp-content\/uploads\/2025\/02\/E6A1E900-CC99-4666-A48A-E66AD0BC7F26-1440x810.jpeg 1440w, http:\/\/tt-bruchhausen.de\/Web\/wp-content\/uploads\/2025\/02\/E6A1E900-CC99-4666-A48A-E66AD0BC7F26-1536x864.jpeg 1536w\" sizes=\"(max-width: 300px) 100vw, 300px\" \/><br \/>\n<i>Luke<\/i><\/p>\n<p class=\"p1\"><span class=\"s1\">Anders verlief hingegen die Gruppenphase f\u00fcr Louis, der in seiner 4er-Gruppe an eins gesetzt war, und dieser Setzung wurde er am Ende auch gerecht. Er musste zwar im Duell mit dem sp\u00e4teren Gruppenzweiten \u00fcber die volle Distanz gehen, blieb aber ansonsten ohne Satzverlust und qualifizierte sich dementsprechend verdient als Gruppenerster f\u00fcr das Achtelfinale.<\/span><\/p>\n<p><img decoding=\"async\" class=\"alignnone size-medium wp-image-7445\" src=\"http:\/\/tt-bruchhausen.de\/Web\/wp-content\/uploads\/2025\/02\/736BEBD4-4C0F-4FEE-B3FF-FEB84D7EBD95-300x169.jpeg\" alt=\"\" width=\"300\" height=\"169\" srcset=\"http:\/\/tt-bruchhausen.de\/Web\/wp-content\/uploads\/2025\/02\/736BEBD4-4C0F-4FEE-B3FF-FEB84D7EBD95-300x169.jpeg 300w, http:\/\/tt-bruchhausen.de\/Web\/wp-content\/uploads\/2025\/02\/736BEBD4-4C0F-4FEE-B3FF-FEB84D7EBD95-768x432.jpeg 768w, http:\/\/tt-bruchhausen.de\/Web\/wp-content\/uploads\/2025\/02\/736BEBD4-4C0F-4FEE-B3FF-FEB84D7EBD95-1440x810.jpeg 1440w, http:\/\/tt-bruchhausen.de\/Web\/wp-content\/uploads\/2025\/02\/736BEBD4-4C0F-4FEE-B3FF-FEB84D7EBD95-1536x864.jpeg 1536w\" sizes=\"(max-width: 300px) 100vw, 300px\" \/><br \/>\n<i>Souver\u00e4n in der n\u00e4chsten Runde: Louis<\/i><\/p>\n<p class=\"p1\"><span class=\"s1\">Nach der Gruppenphase im Einzel startete dann die Doppel-Konkurrenz, in der beide TuSler zusammen an die Tische gingen. Obwohl beide noch nie zusammen Doppel gespielt hatten, und die Abl\u00e4ufe als Links-Rechts-Kombination ganz anders sind, konnten die beiden im Achtelfinale ihre Gegner mit 3:0 im Schach halten, so dass sie im Viertelfinale standen. Dort unterlagen sie dann aber leider mit dem gleichen Ergebnis, wodurch die Doppel-Konkurrenz f\u00fcr sie beendet war.<\/span><\/p>\n<p><img decoding=\"async\" class=\"alignnone size-medium wp-image-7446\" src=\"http:\/\/tt-bruchhausen.de\/Web\/wp-content\/uploads\/2025\/02\/4EB8AB34-8CC7-4EFC-A2D4-D65ABCE851A3-300x169.jpeg\" alt=\"\" width=\"300\" height=\"169\" srcset=\"http:\/\/tt-bruchhausen.de\/Web\/wp-content\/uploads\/2025\/02\/4EB8AB34-8CC7-4EFC-A2D4-D65ABCE851A3-300x169.jpeg 300w, http:\/\/tt-bruchhausen.de\/Web\/wp-content\/uploads\/2025\/02\/4EB8AB34-8CC7-4EFC-A2D4-D65ABCE851A3-768x432.jpeg 768w, http:\/\/tt-bruchhausen.de\/Web\/wp-content\/uploads\/2025\/02\/4EB8AB34-8CC7-4EFC-A2D4-D65ABCE851A3.jpeg 1328w\" sizes=\"(max-width: 300px) 100vw, 300px\" \/><\/p>\n<p class=\"p1\"><span class=\"s1\">W\u00e4hrend Luke jetzt leider nur noch zuschauen konnte, startete Louis in sein Achtelfinale gegen Hai Nam Vu vom TTV Letmathe, der der Cousin von seinem Mannschaftskollegen Duy-Anh ist. Von diesem Umstand lie\u00df sich Louis aber nicht beirren und gewann glatt in drei S\u00e4tzen gegen den aufgrund der TTR-Punkte leicht favorisierten Letmather.<\/span><\/p>\n<p><img decoding=\"async\" class=\"alignnone size-medium wp-image-7447\" src=\"http:\/\/tt-bruchhausen.de\/Web\/wp-content\/uploads\/2025\/02\/EAA7654C-5BA3-46B6-A7A1-2B9B39F6DA91-300x144.jpeg\" alt=\"\" width=\"300\" height=\"144\" srcset=\"http:\/\/tt-bruchhausen.de\/Web\/wp-content\/uploads\/2025\/02\/EAA7654C-5BA3-46B6-A7A1-2B9B39F6DA91-300x144.jpeg 300w, http:\/\/tt-bruchhausen.de\/Web\/wp-content\/uploads\/2025\/02\/EAA7654C-5BA3-46B6-A7A1-2B9B39F6DA91-768x368.jpeg 768w, http:\/\/tt-bruchhausen.de\/Web\/wp-content\/uploads\/2025\/02\/EAA7654C-5BA3-46B6-A7A1-2B9B39F6DA91-1440x690.jpeg 1440w, http:\/\/tt-bruchhausen.de\/Web\/wp-content\/uploads\/2025\/02\/EAA7654C-5BA3-46B6-A7A1-2B9B39F6DA91-1536x736.jpeg 1536w, http:\/\/tt-bruchhausen.de\/Web\/wp-content\/uploads\/2025\/02\/EAA7654C-5BA3-46B6-A7A1-2B9B39F6DA91.jpeg 1819w\" sizes=\"(max-width: 300px) 100vw, 300px\" \/><\/p>\n<p class=\"p1\"><span class=\"s1\">Damit stand Louis im Viertelfinale, wo ihm allerdings ein starker Gegner von Hertha BSC Berlin gegen\u00fcberstand. Dieser geh\u00f6rt aktuell zu den Top 10 der Jungen 13-Spielern in Deutschland, wodurch im Vorfeld schon klar war, dass es f\u00fcr Louis ein schweres Spiel werden w\u00fcrde. Louis versuchte alles, und gerade Satz 1 und 3 waren hart umk\u00e4mpft, aber am Ende hatte dies leider nichts gen\u00fctzt, denn er unterlag in drei, wenn auch knappen, S\u00e4tzen.<\/span><\/p>\n<p><img decoding=\"async\" class=\"alignnone size-medium wp-image-7448\" src=\"http:\/\/tt-bruchhausen.de\/Web\/wp-content\/uploads\/2025\/02\/3ED355CD-FCDD-40C9-8FF7-4C1639B91C24-300x169.jpeg\" alt=\"\" width=\"300\" height=\"169\" srcset=\"http:\/\/tt-bruchhausen.de\/Web\/wp-content\/uploads\/2025\/02\/3ED355CD-FCDD-40C9-8FF7-4C1639B91C24-300x169.jpeg 300w, http:\/\/tt-bruchhausen.de\/Web\/wp-content\/uploads\/2025\/02\/3ED355CD-FCDD-40C9-8FF7-4C1639B91C24-768x432.jpeg 768w, http:\/\/tt-bruchhausen.de\/Web\/wp-content\/uploads\/2025\/02\/3ED355CD-FCDD-40C9-8FF7-4C1639B91C24-1440x810.jpeg 1440w, http:\/\/tt-bruchhausen.de\/Web\/wp-content\/uploads\/2025\/02\/3ED355CD-FCDD-40C9-8FF7-4C1639B91C24-1536x864.jpeg 1536w\" sizes=\"(max-width: 300px) 100vw, 300px\" \/><\/p>\n<p class=\"p1\"><span class=\"s1\">Damit waren die Hagen Open 2024 f\u00fcr unsere beiden TuS-Starter beendet. Auch wenn es dieses Mal nicht f\u00fcr den Sprung aufs Podium gereicht hat, haben beide ein tolles Turnier gespielt und gute Leistungen erbracht, auf die sich in Zukunft aufbauen l\u00e4sst.<\/span><\/p>\n","protected":false},"excerpt":{"rendered":"<p>Kurz vorm Jahreswechsel verschlug es zwei unserer Jugendspieler nach Hagen, wo der TTC Hagen die Hagen Open 2024 ausrichtete. Dort vertraten Louis L\u00f6hr und Luke  [&#8230;]<\/p>\n","protected":false},"author":7,"featured_media":7450,"comment_status":"open","ping_status":"open","sticky":false,"template":"","format":"standard","meta":{"kia_subtitle":"","_themeisle_gutenberg_block_has_review":false,"footnotes":""},"categories":[6,12],"tags":[],"class_list":["post-7442","post","type-post","status-publish","format-standard","has-post-thumbnail","hentry","category-1-nachwuchs","category-1-turniere"],"yoast_head":"<!-- This site is optimized with the Yoast SEO plugin v28.4 - https:\/\/yoast.com\/product\/yoast-seo-wordpress\/ -->\n<title>TuS-Duo mischt bei den Hagen-Open kr\u00e4ftig mit - TuS Bruchhausen 02 - TT Abteilung<\/title>\n<meta name=\"robots\" content=\"index, follow, max-snippet:-1, max-image-preview:large, max-video-preview:-1\" \/>\n<link rel=\"canonical\" href=\"http:\/\/tt-bruchhausen.de\/Web\/tus-duo-mischt-bei-den-hagen-open-kraeftig-mit\/\" \/>\n<meta property=\"og:locale\" content=\"de_DE\" \/>\n<meta property=\"og:type\" content=\"article\" \/>\n<meta property=\"og:title\" content=\"TuS-Duo mischt bei den Hagen-Open kr\u00e4ftig mit - TuS Bruchhausen 02 - TT Abteilung\" \/>\n<meta property=\"og:description\" content=\"Kurz vorm Jahreswechsel verschlug es zwei unserer Jugendspieler nach Hagen, wo der TTC Hagen die Hagen Open 2024 ausrichtete. Dort vertraten Louis L\u00f6hr und Luke [...]\" \/>\n<meta property=\"og:url\" content=\"http:\/\/tt-bruchhausen.de\/Web\/tus-duo-mischt-bei-den-hagen-open-kraeftig-mit\/\" \/>\n<meta property=\"og:site_name\" content=\"TuS Bruchhausen 02 - TT Abteilung\" \/>\n<meta property=\"article:published_time\" content=\"2025-02-24T06:56:28+00:00\" \/>\n<meta property=\"article:modified_time\" content=\"2025-07-25T05:59:13+00:00\" \/>\n<meta property=\"og:image\" content=\"http:\/\/tt-bruchhausen.de\/Web\/wp-content\/uploads\/2025\/02\/F87B86B3-DE5E-44B9-B9C1-C766D9B01309.jpeg\" \/>\n\t<meta property=\"og:image:width\" content=\"1328\" \/>\n\t<meta property=\"og:image:height\" content=\"1328\" \/>\n\t<meta property=\"og:image:type\" content=\"image\/jpeg\" \/>\n<meta name=\"author\" content=\"MK\" \/>\n<meta name=\"twitter:card\" content=\"summary_large_image\" \/>\n<meta name=\"twitter:label1\" content=\"Verfasst von\" \/>\n\t<meta name=\"twitter:data1\" content=\"MK\" \/>\n\t<meta name=\"twitter:label2\" content=\"Gesch\u00e4tzte Lesezeit\" \/>\n\t<meta name=\"twitter:data2\" content=\"2\u00a0Minuten\" \/>\n<script type=\"application\/ld+json\" class=\"yoast-schema-graph\">{\"@context\":\"https:\\\/\\\/schema.org\",\"@graph\":[{\"@type\":\"Article\",\"@id\":\"http:\\\/\\\/tt-bruchhausen.de\\\/Web\\\/tus-duo-mischt-bei-den-hagen-open-kraeftig-mit\\\/#article\",\"isPartOf\":{\"@id\":\"http:\\\/\\\/tt-bruchhausen.de\\\/Web\\\/tus-duo-mischt-bei-den-hagen-open-kraeftig-mit\\\/\"},\"author\":{\"name\":\"MK\",\"@id\":\"http:\\\/\\\/tt-bruchhausen.de\\\/Web\\\/#\\\/schema\\\/person\\\/8c5d35e003f430988a311361f303e3e2\"},\"headline\":\"TuS-Duo mischt bei den Hagen-Open kr\u00e4ftig mit\",\"datePublished\":\"2025-02-24T06:56:28+00:00\",\"dateModified\":\"2025-07-25T05:59:13+00:00\",\"mainEntityOfPage\":{\"@id\":\"http:\\\/\\\/tt-bruchhausen.de\\\/Web\\\/tus-duo-mischt-bei-den-hagen-open-kraeftig-mit\\\/\"},\"wordCount\":445,\"commentCount\":0,\"image\":{\"@id\":\"http:\\\/\\\/tt-bruchhausen.de\\\/Web\\\/tus-duo-mischt-bei-den-hagen-open-kraeftig-mit\\\/#primaryimage\"},\"thumbnailUrl\":\"http:\\\/\\\/tt-bruchhausen.de\\\/Web\\\/wp-content\\\/uploads\\\/2025\\\/02\\\/F87B86B3-DE5E-44B9-B9C1-C766D9B01309.jpeg\",\"articleSection\":[\"Nachwuchs\",\"Turniere\"],\"inLanguage\":\"de\",\"potentialAction\":[{\"@type\":\"CommentAction\",\"name\":\"Comment\",\"target\":[\"http:\\\/\\\/tt-bruchhausen.de\\\/Web\\\/tus-duo-mischt-bei-den-hagen-open-kraeftig-mit\\\/#respond\"]}]},{\"@type\":\"WebPage\",\"@id\":\"http:\\\/\\\/tt-bruchhausen.de\\\/Web\\\/tus-duo-mischt-bei-den-hagen-open-kraeftig-mit\\\/\",\"url\":\"http:\\\/\\\/tt-bruchhausen.de\\\/Web\\\/tus-duo-mischt-bei-den-hagen-open-kraeftig-mit\\\/\",\"name\":\"TuS-Duo mischt bei den Hagen-Open kr\u00e4ftig mit - TuS Bruchhausen 02 - TT Abteilung\",\"isPartOf\":{\"@id\":\"http:\\\/\\\/tt-bruchhausen.de\\\/Web\\\/#website\"},\"primaryImageOfPage\":{\"@id\":\"http:\\\/\\\/tt-bruchhausen.de\\\/Web\\\/tus-duo-mischt-bei-den-hagen-open-kraeftig-mit\\\/#primaryimage\"},\"image\":{\"@id\":\"http:\\\/\\\/tt-bruchhausen.de\\\/Web\\\/tus-duo-mischt-bei-den-hagen-open-kraeftig-mit\\\/#primaryimage\"},\"thumbnailUrl\":\"http:\\\/\\\/tt-bruchhausen.de\\\/Web\\\/wp-content\\\/uploads\\\/2025\\\/02\\\/F87B86B3-DE5E-44B9-B9C1-C766D9B01309.jpeg\",\"datePublished\":\"2025-02-24T06:56:28+00:00\",\"dateModified\":\"2025-07-25T05:59:13+00:00\",\"author\":{\"@id\":\"http:\\\/\\\/tt-bruchhausen.de\\\/Web\\\/#\\\/schema\\\/person\\\/8c5d35e003f430988a311361f303e3e2\"},\"breadcrumb\":{\"@id\":\"http:\\\/\\\/tt-bruchhausen.de\\\/Web\\\/tus-duo-mischt-bei-den-hagen-open-kraeftig-mit\\\/#breadcrumb\"},\"inLanguage\":\"de\",\"potentialAction\":[{\"@type\":\"ReadAction\",\"target\":[\"http:\\\/\\\/tt-bruchhausen.de\\\/Web\\\/tus-duo-mischt-bei-den-hagen-open-kraeftig-mit\\\/\"]}]},{\"@type\":\"ImageObject\",\"inLanguage\":\"de\",\"@id\":\"http:\\\/\\\/tt-bruchhausen.de\\\/Web\\\/tus-duo-mischt-bei-den-hagen-open-kraeftig-mit\\\/#primaryimage\",\"url\":\"http:\\\/\\\/tt-bruchhausen.de\\\/Web\\\/wp-content\\\/uploads\\\/2025\\\/02\\\/F87B86B3-DE5E-44B9-B9C1-C766D9B01309.jpeg\",\"contentUrl\":\"http:\\\/\\\/tt-bruchhausen.de\\\/Web\\\/wp-content\\\/uploads\\\/2025\\\/02\\\/F87B86B3-DE5E-44B9-B9C1-C766D9B01309.jpeg\",\"width\":1328,\"height\":1328},{\"@type\":\"BreadcrumbList\",\"@id\":\"http:\\\/\\\/tt-bruchhausen.de\\\/Web\\\/tus-duo-mischt-bei-den-hagen-open-kraeftig-mit\\\/#breadcrumb\",\"itemListElement\":[{\"@type\":\"ListItem\",\"position\":1,\"name\":\"Start\",\"item\":\"http:\\\/\\\/tt-bruchhausen.de\\\/Web\\\/\"},{\"@type\":\"ListItem\",\"position\":2,\"name\":\"TuS-Duo mischt bei den Hagen-Open kr\u00e4ftig mit\"}]},{\"@type\":\"WebSite\",\"@id\":\"http:\\\/\\\/tt-bruchhausen.de\\\/Web\\\/#website\",\"url\":\"http:\\\/\\\/tt-bruchhausen.de\\\/Web\\\/\",\"name\":\"TuS Bruchhausen 02 - TT Abteilung\",\"description\":\"Tischtennis im Entondorf\",\"potentialAction\":[{\"@type\":\"SearchAction\",\"target\":{\"@type\":\"EntryPoint\",\"urlTemplate\":\"http:\\\/\\\/tt-bruchhausen.de\\\/Web\\\/?s={search_term_string}\"},\"query-input\":{\"@type\":\"PropertyValueSpecification\",\"valueRequired\":true,\"valueName\":\"search_term_string\"}}],\"inLanguage\":\"de\"},{\"@type\":\"Person\",\"@id\":\"http:\\\/\\\/tt-bruchhausen.de\\\/Web\\\/#\\\/schema\\\/person\\\/8c5d35e003f430988a311361f303e3e2\",\"name\":\"MK\",\"image\":{\"@type\":\"ImageObject\",\"inLanguage\":\"de\",\"@id\":\"https:\\\/\\\/secure.gravatar.com\\\/avatar\\\/b08fdd492f94f070b6fff67dfa1643dae8c7e60b0708012bd8990eddba27596c?s=96&d=mm&r=g\",\"url\":\"https:\\\/\\\/secure.gravatar.com\\\/avatar\\\/b08fdd492f94f070b6fff67dfa1643dae8c7e60b0708012bd8990eddba27596c?s=96&d=mm&r=g\",\"contentUrl\":\"https:\\\/\\\/secure.gravatar.com\\\/avatar\\\/b08fdd492f94f070b6fff67dfa1643dae8c7e60b0708012bd8990eddba27596c?s=96&d=mm&r=g\",\"caption\":\"MK\"},\"sameAs\":[\"http:\\\/\\\/tt-bruchhausen.de\"],\"url\":\"http:\\\/\\\/tt-bruchhausen.de\\\/Web\\\/author\\\/mk\\\/\"}]}<\/script>\n<!-- \/ Yoast SEO plugin. -->","yoast_head_json":{"title":"TuS-Duo mischt bei den Hagen-Open kr\u00e4ftig mit - TuS Bruchhausen 02 - TT Abteilung","robots":{"index":"index","follow":"follow","max-snippet":"max-snippet:-1","max-image-preview":"max-image-preview:large","max-video-preview":"max-video-preview:-1"},"canonical":"http:\/\/tt-bruchhausen.de\/Web\/tus-duo-mischt-bei-den-hagen-open-kraeftig-mit\/","og_locale":"de_DE","og_type":"article","og_title":"TuS-Duo mischt bei den Hagen-Open kr\u00e4ftig mit - TuS Bruchhausen 02 - TT Abteilung","og_description":"Kurz vorm Jahreswechsel verschlug es zwei unserer Jugendspieler nach Hagen, wo der TTC Hagen die Hagen Open 2024 ausrichtete. Dort vertraten Louis L\u00f6hr und Luke [...]","og_url":"http:\/\/tt-bruchhausen.de\/Web\/tus-duo-mischt-bei-den-hagen-open-kraeftig-mit\/","og_site_name":"TuS Bruchhausen 02 - TT Abteilung","article_published_time":"2025-02-24T06:56:28+00:00","article_modified_time":"2025-07-25T05:59:13+00:00","og_image":[{"width":1328,"height":1328,"url":"http:\/\/tt-bruchhausen.de\/Web\/wp-content\/uploads\/2025\/02\/F87B86B3-DE5E-44B9-B9C1-C766D9B01309.jpeg","type":"image\/jpeg"}],"author":"MK","twitter_card":"summary_large_image","twitter_misc":{"Verfasst von":"MK","Gesch\u00e4tzte Lesezeit":"2\u00a0Minuten"},"schema":{"@context":"https:\/\/schema.org","@graph":[{"@type":"Article","@id":"http:\/\/tt-bruchhausen.de\/Web\/tus-duo-mischt-bei-den-hagen-open-kraeftig-mit\/#article","isPartOf":{"@id":"http:\/\/tt-bruchhausen.de\/Web\/tus-duo-mischt-bei-den-hagen-open-kraeftig-mit\/"},"author":{"name":"MK","@id":"http:\/\/tt-bruchhausen.de\/Web\/#\/schema\/person\/8c5d35e003f430988a311361f303e3e2"},"headline":"TuS-Duo mischt bei den Hagen-Open kr\u00e4ftig mit","datePublished":"2025-02-24T06:56:28+00:00","dateModified":"2025-07-25T05:59:13+00:00","mainEntityOfPage":{"@id":"http:\/\/tt-bruchhausen.de\/Web\/tus-duo-mischt-bei-den-hagen-open-kraeftig-mit\/"},"wordCount":445,"commentCount":0,"image":{"@id":"http:\/\/tt-bruchhausen.de\/Web\/tus-duo-mischt-bei-den-hagen-open-kraeftig-mit\/#primaryimage"},"thumbnailUrl":"http:\/\/tt-bruchhausen.de\/Web\/wp-content\/uploads\/2025\/02\/F87B86B3-DE5E-44B9-B9C1-C766D9B01309.jpeg","articleSection":["Nachwuchs","Turniere"],"inLanguage":"de","potentialAction":[{"@type":"CommentAction","name":"Comment","target":["http:\/\/tt-bruchhausen.de\/Web\/tus-duo-mischt-bei-den-hagen-open-kraeftig-mit\/#respond"]}]},{"@type":"WebPage","@id":"http:\/\/tt-bruchhausen.de\/Web\/tus-duo-mischt-bei-den-hagen-open-kraeftig-mit\/","url":"http:\/\/tt-bruchhausen.de\/Web\/tus-duo-mischt-bei-den-hagen-open-kraeftig-mit\/","name":"TuS-Duo mischt bei den Hagen-Open kr\u00e4ftig mit - TuS Bruchhausen 02 - TT Abteilung","isPartOf":{"@id":"http:\/\/tt-bruchhausen.de\/Web\/#website"},"primaryImageOfPage":{"@id":"http:\/\/tt-bruchhausen.de\/Web\/tus-duo-mischt-bei-den-hagen-open-kraeftig-mit\/#primaryimage"},"image":{"@id":"http:\/\/tt-bruchhausen.de\/Web\/tus-duo-mischt-bei-den-hagen-open-kraeftig-mit\/#primaryimage"},"thumbnailUrl":"http:\/\/tt-bruchhausen.de\/Web\/wp-content\/uploads\/2025\/02\/F87B86B3-DE5E-44B9-B9C1-C766D9B01309.jpeg","datePublished":"2025-02-24T06:56:28+00:00","dateModified":"2025-07-25T05:59:13+00:00","author":{"@id":"http:\/\/tt-bruchhausen.de\/Web\/#\/schema\/person\/8c5d35e003f430988a311361f303e3e2"},"breadcrumb":{"@id":"http:\/\/tt-bruchhausen.de\/Web\/tus-duo-mischt-bei-den-hagen-open-kraeftig-mit\/#breadcrumb"},"inLanguage":"de","potentialAction":[{"@type":"ReadAction","target":["http:\/\/tt-bruchhausen.de\/Web\/tus-duo-mischt-bei-den-hagen-open-kraeftig-mit\/"]}]},{"@type":"ImageObject","inLanguage":"de","@id":"http:\/\/tt-bruchhausen.de\/Web\/tus-duo-mischt-bei-den-hagen-open-kraeftig-mit\/#primaryimage","url":"http:\/\/tt-bruchhausen.de\/Web\/wp-content\/uploads\/2025\/02\/F87B86B3-DE5E-44B9-B9C1-C766D9B01309.jpeg","contentUrl":"http:\/\/tt-bruchhausen.de\/Web\/wp-content\/uploads\/2025\/02\/F87B86B3-DE5E-44B9-B9C1-C766D9B01309.jpeg","width":1328,"height":1328},{"@type":"BreadcrumbList","@id":"http:\/\/tt-bruchhausen.de\/Web\/tus-duo-mischt-bei-den-hagen-open-kraeftig-mit\/#breadcrumb","itemListElement":[{"@type":"ListItem","position":1,"name":"Start","item":"http:\/\/tt-bruchhausen.de\/Web\/"},{"@type":"ListItem","position":2,"name":"TuS-Duo mischt bei den Hagen-Open kr\u00e4ftig mit"}]},{"@type":"WebSite","@id":"http:\/\/tt-bruchhausen.de\/Web\/#website","url":"http:\/\/tt-bruchhausen.de\/Web\/","name":"TuS Bruchhausen 02 - TT Abteilung","description":"Tischtennis im Entondorf","potentialAction":[{"@type":"SearchAction","target":{"@type":"EntryPoint","urlTemplate":"http:\/\/tt-bruchhausen.de\/Web\/?s={search_term_string}"},"query-input":{"@type":"PropertyValueSpecification","valueRequired":true,"valueName":"search_term_string"}}],"inLanguage":"de"},{"@type":"Person","@id":"http:\/\/tt-bruchhausen.de\/Web\/#\/schema\/person\/8c5d35e003f430988a311361f303e3e2","name":"MK","image":{"@type":"ImageObject","inLanguage":"de","@id":"https:\/\/secure.gravatar.com\/avatar\/b08fdd492f94f070b6fff67dfa1643dae8c7e60b0708012bd8990eddba27596c?s=96&d=mm&r=g","url":"https:\/\/secure.gravatar.com\/avatar\/b08fdd492f94f070b6fff67dfa1643dae8c7e60b0708012bd8990eddba27596c?s=96&d=mm&r=g","contentUrl":"https:\/\/secure.gravatar.com\/avatar\/b08fdd492f94f070b6fff67dfa1643dae8c7e60b0708012bd8990eddba27596c?s=96&d=mm&r=g","caption":"MK"},"sameAs":["http:\/\/tt-bruchhausen.de"],"url":"http:\/\/tt-bruchhausen.de\/Web\/author\/mk\/"}]}},"_links":{"self":[{"href":"http:\/\/tt-bruchhausen.de\/Web\/wp-json\/wp\/v2\/posts\/7442","targetHints":{"allow":["GET"]}}],"collection":[{"href":"http:\/\/tt-bruchhausen.de\/Web\/wp-json\/wp\/v2\/posts"}],"about":[{"href":"http:\/\/tt-bruchhausen.de\/Web\/wp-json\/wp\/v2\/types\/post"}],"author":[{"embeddable":true,"href":"http:\/\/tt-bruchhausen.de\/Web\/wp-json\/wp\/v2\/users\/7"}],"replies":[{"embeddable":true,"href":"http:\/\/tt-bruchhausen.de\/Web\/wp-json\/wp\/v2\/comments?post=7442"}],"version-history":[{"count":1,"href":"http:\/\/tt-bruchhausen.de\/Web\/wp-json\/wp\/v2\/posts\/7442\/revisions"}],"predecessor-version":[{"id":7451,"href":"http:\/\/tt-bruchhausen.de\/Web\/wp-json\/wp\/v2\/posts\/7442\/revisions\/7451"}],"wp:featuredmedia":[{"embeddable":true,"href":"http:\/\/tt-bruchhausen.de\/Web\/wp-json\/wp\/v2\/media\/7450"}],"wp:attachment":[{"href":"http:\/\/tt-bruchhausen.de\/Web\/wp-json\/wp\/v2\/media?parent=7442"}],"wp:term":[{"taxonomy":"category","embeddable":true,"href":"http:\/\/tt-bruchhausen.de\/Web\/wp-json\/wp\/v2\/categories?post=7442"},{"taxonomy":"post_tag","embeddable":true,"href":"http:\/\/tt-bruchhausen.de\/Web\/wp-json\/wp\/v2\/tags?post=7442"}],"curies":[{"name":"wp","href":"https:\/\/api.w.org\/{rel}","templated":true}]}}