{"id":7278,"date":"2024-11-02T21:53:21","date_gmt":"2024-11-02T19:53:21","guid":{"rendered":"http:\/\/tt-bruchhausen.de\/Web\/?p=7278"},"modified":"2024-11-02T21:53:21","modified_gmt":"2024-11-02T19:53:21","slug":"tusler-mit-zwei-podestplaetzen-beim-quali-turnier","status":"publish","type":"post","link":"http:\/\/tt-bruchhausen.de\/Web\/tusler-mit-zwei-podestplaetzen-beim-quali-turnier\/","title":{"rendered":"TuSler mit zwei Podestpl\u00e4tzen beim Quali-Turnier"},"content":{"rendered":"<p class=\"p1\"><span class=\"s1\">Am ersten Tag des Qualifikationsturniers f\u00fcr die Bezirksmeisterschaften vertraten drei TuS-Youngster die TuS-Farben in Schmallenberg.<br \/>\n<\/span>Bei den Jungen 15 gingen mit Duy-Anh Dinh und Jonathan Goldmann, die seit dieser Saison in ihre erste Saison bei den Jungen 15 gehen, und Louis L\u00f6hr, der sogar noch in der Jungen 13-Klasse spielen darf, unsere diesj\u00e4hrige Jungen 15-Mannschaft an den Start.<\/p>\n<p><img decoding=\"async\" class=\"alignnone size-medium wp-image-7279\" src=\"http:\/\/tt-bruchhausen.de\/Web\/wp-content\/uploads\/2024\/11\/3C8687F5-6CA8-424B-9F90-8BECB1BAAF91-300x169.jpeg\" alt=\"\" width=\"300\" height=\"169\" srcset=\"http:\/\/tt-bruchhausen.de\/Web\/wp-content\/uploads\/2024\/11\/3C8687F5-6CA8-424B-9F90-8BECB1BAAF91-300x169.jpeg 300w, http:\/\/tt-bruchhausen.de\/Web\/wp-content\/uploads\/2024\/11\/3C8687F5-6CA8-424B-9F90-8BECB1BAAF91-768x432.jpeg 768w, http:\/\/tt-bruchhausen.de\/Web\/wp-content\/uploads\/2024\/11\/3C8687F5-6CA8-424B-9F90-8BECB1BAAF91.jpeg 1328w\" sizes=\"(max-width: 300px) 100vw, 300px\" \/><br \/>\n<i>TuSler an Tag 1: Duy-Anh, Louis und Jonathan<\/i><\/p>\n<p class=\"p1\"><span class=\"s1\">Los ging es wie gewohnt mit den Gruppenspielen im Einzel.<br \/>\n<\/span>Louis war trotz seines jungen Alters in seiner Gruppe an 1 eingesetzt und best\u00e4tigte diese Setzung &#8211; ohne Spiel- und Satzverlust setzte er sich souver\u00e4n durch und zog ins K.O.-Feld ein. \u00dcber den 2. Gruppenplatz qualifizierte sich Duy-Anh f\u00fcrs K.O.-Feld. Zwar musste er sich im Spiel um den Gruppensieg leider mit 0:3 geschlagen geben, aber durch zwei souver\u00e4ne Siege in den anderen beiden Gruppenspielen, l\u00f6ste auch er die H\u00fcrde Gruppenphase souver\u00e4n.<br \/>\nJonathan hatte im Vorfeld leider Lospech gehabt und eine schwere Gruppe erwischt. Er versuchte alles, konnte aber leider kein Spiel f\u00fcr sich entscheiden und schied damit in der Gruppenphase aus.<\/p>\n<p class=\"p1\"><span class=\"s1\">Nach der Gruppenphase im Einzel ging es weiter mit der Doppelkonkurrenz, wo der TuS mit anderthalb Doppeln vertreten war: w\u00e4hrend Louis und Duy-Anh ein reines TuS-Doppel bildeten, trat Jonathan an der Seite von Jannis Roth (TuS Lohauserholz-Daberg) an.<br \/>\n<\/span>Beide Doppel l\u00f6sten die erste K.O.-Runde souver\u00e4n und zogen damit verdient ins Achtelfinale ein. Besonders erw\u00e4hnenswert ist hierbei die Leistung von Jonathan mit seinem Partner Jannis, die an diesem Tag zum ersten Mal zusammengespielt hatten und souver\u00e4n in drei S\u00e4tzen ihr erstes Doppel gewinnen konnten. Leider folgte f\u00fcr Jonathan und Jannis dann aber im Achtelfinale gegen eine starke Holzener Paarung, die am Ende den 3. Platz belegt hatten, das Aus.<br \/>\nLouis und Duy-Anh, die seit mittlerweile fast zwei Jahren ein Doppel bilden und den Titel beim letztj\u00e4hrigen Quali-Turnier in der Jungen 13-Klasse gewinnen konnten, zogen durch drei souver\u00e4ne Siege (alle 3:0) ins Finale ein. Dort trafen sie auf die Paarung Wagner\/Stauner von TuS Lohauserholz-Daberg, gegen die sie im Finale der Jungen 13-Klasse im vergangenen Jahr gewonnen hatten.<br \/>\nW\u00e4hrend das Finale im vergangenen Jahr eine klare Angelegenheit f\u00fcr unsere Jungs war, entwickelte sich dieses Mal (auch, weil sich die Jungs mittlerweile gut untereinander kennen ;)) ein enges Spiel auf Augenh\u00f6he. Beide Doppel schenkten sich nichts, und somit musste die Entscheidung im f\u00fcnften Satz fallen. Dort erwischten leider die Jungs von Lohauserholz-Daberg den besseren Start und gewannen letztlich auch verdient den Titel, so dass unsere Jungs den 2. Platz belegten.<\/p>\n<p><img decoding=\"async\" class=\"alignnone size-medium wp-image-7280\" src=\"http:\/\/tt-bruchhausen.de\/Web\/wp-content\/uploads\/2024\/11\/2D50D6F0-D4D6-4CD9-8110-81A86D19E9AB-300x169.jpeg\" alt=\"\" width=\"300\" height=\"169\" srcset=\"http:\/\/tt-bruchhausen.de\/Web\/wp-content\/uploads\/2024\/11\/2D50D6F0-D4D6-4CD9-8110-81A86D19E9AB-300x169.jpeg 300w, http:\/\/tt-bruchhausen.de\/Web\/wp-content\/uploads\/2024\/11\/2D50D6F0-D4D6-4CD9-8110-81A86D19E9AB-768x432.jpeg 768w, http:\/\/tt-bruchhausen.de\/Web\/wp-content\/uploads\/2024\/11\/2D50D6F0-D4D6-4CD9-8110-81A86D19E9AB-1440x810.jpeg 1440w, http:\/\/tt-bruchhausen.de\/Web\/wp-content\/uploads\/2024\/11\/2D50D6F0-D4D6-4CD9-8110-81A86D19E9AB-1536x864.jpeg 1536w\" sizes=\"(max-width: 300px) 100vw, 300px\" \/><br \/>\n<i>Belegten Platz 2: Louis und Duy-Anh (hinten)<\/i><\/p>\n<p><img decoding=\"async\" class=\"alignnone size-medium wp-image-7283\" src=\"http:\/\/tt-bruchhausen.de\/Web\/wp-content\/uploads\/2024\/11\/5F61A871-AF48-4889-8E77-66AE3A494209-169x300.jpeg\" alt=\"\" width=\"169\" height=\"300\" srcset=\"http:\/\/tt-bruchhausen.de\/Web\/wp-content\/uploads\/2024\/11\/5F61A871-AF48-4889-8E77-66AE3A494209-169x300.jpeg 169w, http:\/\/tt-bruchhausen.de\/Web\/wp-content\/uploads\/2024\/11\/5F61A871-AF48-4889-8E77-66AE3A494209-576x1024.jpeg 576w, http:\/\/tt-bruchhausen.de\/Web\/wp-content\/uploads\/2024\/11\/5F61A871-AF48-4889-8E77-66AE3A494209-768x1365.jpeg 768w, http:\/\/tt-bruchhausen.de\/Web\/wp-content\/uploads\/2024\/11\/5F61A871-AF48-4889-8E77-66AE3A494209-864x1536.jpeg 864w, http:\/\/tt-bruchhausen.de\/Web\/wp-content\/uploads\/2024\/11\/5F61A871-AF48-4889-8E77-66AE3A494209.jpeg 1152w\" sizes=\"(max-width: 169px) 100vw, 169px\" \/><\/p>\n<p class=\"p1\"><span class=\"s1\">Nach den Doppeln ging es weiter mit dem K.O.-Feld im Einzel.<br \/>\n<\/span>W\u00e4hrend Louis aufgrund seines ersten Gruppenplatzes ein Freilos hatte und somit direkt f\u00fcrs Achtelfinale qualifiziert war, musste Duy-Anh in der ersten K.O.-Runde antreten. In dieser setzte er sich mit 3:1 durch und stand damit wie Louis im Achtelfinale.<br \/>\nIm Achtelfinale setzten sich beide jeweils mit 3:1 gegen ihre Gegner durch und zogen damit ins Viertelfinale ein. Besonders Duy-Anh hatte dort eine starke Leistung gezeigt und gegen den eigentlich favorisierten Paul Stauner (TuS Lohauserholz-Daberg) in einem starken Spiel die Oberhand behalten.<br \/>\nIm Viertelfinale kam es dann leider so, wie es kommen musste: Louis und Duy-Anh trafen im Duell ums Podium aufeinander. Beide schenkten sich nichts, und dementsprechend ging auch dieses Spiel in den Entscheidungssatz. Diesen gewann Louis \u00e4u\u00dferst knapp mit 12:10 und zog damit ins Halbfinale ein, w\u00e4hrend Duy-Anh ausschied und den geteilten 5. Platz belegte. Kleiner Trost f\u00fcr ihn: durch das Erreichen des Viertelfinals ist auch er f\u00fcr die Bezirksmeisterschaften qualifiziert.<br \/>\nLouis traf im Halbfinale auf Linus Vollmer (GSV Fr\u00f6ndenberg), der sich wie Louis im Viertelfinale mit 3:2 gegen seinen Gegner durchgesetzt hatte. F\u00fcr beide entwickelte sich auch im Halbfinale ein enges Spiel, und somit ging es erneut in den Entscheidungssatz. Leider hatte Louis dort aber etwas Pech gehabt, weswegen er mit 8:11 unterlag und damit knapp im Halbfinale gegen den sp\u00e4teren Sieger ausschied. Der 3. Platz ist dennoch eine starke Leistung von ihm &#8211; vor allem wenn man bedenkt, dass er noch der Jungen 13-Klasse angeh\u00f6rt und somit noch zwei weitere Jahre bei den Jungen 15 an den Start gehen darf.<\/p>\n<p><img decoding=\"async\" class=\"alignnone size-medium wp-image-7281\" src=\"http:\/\/tt-bruchhausen.de\/Web\/wp-content\/uploads\/2024\/11\/C0ECE543-B974-482A-B359-32E541CA0D8E-169x300.jpeg\" alt=\"\" width=\"169\" height=\"300\" srcset=\"http:\/\/tt-bruchhausen.de\/Web\/wp-content\/uploads\/2024\/11\/C0ECE543-B974-482A-B359-32E541CA0D8E-169x300.jpeg 169w, http:\/\/tt-bruchhausen.de\/Web\/wp-content\/uploads\/2024\/11\/C0ECE543-B974-482A-B359-32E541CA0D8E-576x1024.jpeg 576w, http:\/\/tt-bruchhausen.de\/Web\/wp-content\/uploads\/2024\/11\/C0ECE543-B974-482A-B359-32E541CA0D8E-768x1365.jpeg 768w, http:\/\/tt-bruchhausen.de\/Web\/wp-content\/uploads\/2024\/11\/C0ECE543-B974-482A-B359-32E541CA0D8E-864x1536.jpeg 864w, http:\/\/tt-bruchhausen.de\/Web\/wp-content\/uploads\/2024\/11\/C0ECE543-B974-482A-B359-32E541CA0D8E.jpeg 1152w\" sizes=\"(max-width: 169px) 100vw, 169px\" \/><br \/>\n<i>Louis auf Platz 3<\/i><\/p>\n<p class=\"p1\"><span class=\"s1\">Damit wird der TuS durch Louis und Duy-Anh bei den Bezirksmeisterschaften in der Jungen 15-Klasse vertreten sein &#8211; dort werden sie zwar auf eine starke Konkurrenz mit mehreren Spielern aus der NRW-Liga treffen, aber unsere Jungs werden sicherlich wieder alles geben versuchen, diese Gegner zu \u00e4rgern :).<\/span><\/p>\n<p><img decoding=\"async\" class=\"alignnone size-medium wp-image-7282\" src=\"http:\/\/tt-bruchhausen.de\/Web\/wp-content\/uploads\/2024\/11\/1F929E64-BB98-4C6D-BC67-2311C24A0ECB-169x300.jpeg\" alt=\"\" width=\"169\" height=\"300\" srcset=\"http:\/\/tt-bruchhausen.de\/Web\/wp-content\/uploads\/2024\/11\/1F929E64-BB98-4C6D-BC67-2311C24A0ECB-169x300.jpeg 169w, http:\/\/tt-bruchhausen.de\/Web\/wp-content\/uploads\/2024\/11\/1F929E64-BB98-4C6D-BC67-2311C24A0ECB-576x1024.jpeg 576w, http:\/\/tt-bruchhausen.de\/Web\/wp-content\/uploads\/2024\/11\/1F929E64-BB98-4C6D-BC67-2311C24A0ECB-768x1365.jpeg 768w, http:\/\/tt-bruchhausen.de\/Web\/wp-content\/uploads\/2024\/11\/1F929E64-BB98-4C6D-BC67-2311C24A0ECB-864x1536.jpeg 864w, http:\/\/tt-bruchhausen.de\/Web\/wp-content\/uploads\/2024\/11\/1F929E64-BB98-4C6D-BC67-2311C24A0ECB.jpeg 1152w\" sizes=\"(max-width: 169px) 100vw, 169px\" \/><br \/>\n<i>Duy-Anh und Louis<\/i><\/p>\n<p class=\"p1\"><span class=\"s1\">Am zweiten Tag des Quali-Turniers f\u00fcr die Bezirksmeisterschaften wird der TuS dann mit drei Spielern in der Jungen 13-Klasse an den Start gehen &#8211; durch seinen 3. Platz bei der Bezirksendrangliste im Mai, ist Louis bei den Jungen 13 schon f\u00fcr die Bezirksmeisterschaften qualifiziert.<\/span><\/p>\n","protected":false},"excerpt":{"rendered":"<p>Am ersten Tag des Qualifikationsturniers f\u00fcr die Bezirksmeisterschaften vertraten drei TuS-Youngster die TuS-Farben in Schmallenberg. Bei den Jungen 15 gingen mit Duy-Anh Dinh und Jonathan  [&#8230;]<\/p>\n","protected":false},"author":7,"featured_media":7279,"comment_status":"open","ping_status":"open","sticky":false,"template":"","format":"standard","meta":{"kia_subtitle":"","_themeisle_gutenberg_block_has_review":false,"footnotes":""},"categories":[6,12],"tags":[],"class_list":["post-7278","post","type-post","status-publish","format-standard","has-post-thumbnail","hentry","category-1-nachwuchs","category-1-turniere"],"yoast_head":"<!-- This site is optimized with the Yoast SEO plugin v28.4 - https:\/\/yoast.com\/product\/yoast-seo-wordpress\/ -->\n<title>TuSler mit zwei Podestpl\u00e4tzen beim Quali-Turnier - TuS Bruchhausen 02 - TT Abteilung<\/title>\n<meta name=\"robots\" content=\"index, follow, max-snippet:-1, max-image-preview:large, max-video-preview:-1\" \/>\n<link rel=\"canonical\" href=\"http:\/\/tt-bruchhausen.de\/Web\/tusler-mit-zwei-podestplaetzen-beim-quali-turnier\/\" \/>\n<meta property=\"og:locale\" content=\"de_DE\" \/>\n<meta property=\"og:type\" content=\"article\" \/>\n<meta property=\"og:title\" content=\"TuSler mit zwei Podestpl\u00e4tzen beim Quali-Turnier - TuS Bruchhausen 02 - TT Abteilung\" \/>\n<meta property=\"og:description\" content=\"Am ersten Tag des Qualifikationsturniers f\u00fcr die Bezirksmeisterschaften vertraten drei TuS-Youngster die TuS-Farben in Schmallenberg. Bei den Jungen 15 gingen mit Duy-Anh Dinh und Jonathan [...]\" \/>\n<meta property=\"og:url\" content=\"http:\/\/tt-bruchhausen.de\/Web\/tusler-mit-zwei-podestplaetzen-beim-quali-turnier\/\" \/>\n<meta property=\"og:site_name\" content=\"TuS Bruchhausen 02 - TT Abteilung\" \/>\n<meta property=\"article:published_time\" content=\"2024-11-02T19:53:21+00:00\" \/>\n<meta property=\"og:image\" content=\"http:\/\/tt-bruchhausen.de\/Web\/wp-content\/uploads\/2024\/11\/3C8687F5-6CA8-424B-9F90-8BECB1BAAF91.jpeg\" \/>\n\t<meta property=\"og:image:width\" content=\"1328\" \/>\n\t<meta property=\"og:image:height\" content=\"747\" \/>\n\t<meta property=\"og:image:type\" content=\"image\/jpeg\" \/>\n<meta name=\"author\" content=\"MK\" \/>\n<meta name=\"twitter:card\" content=\"summary_large_image\" \/>\n<meta name=\"twitter:label1\" content=\"Verfasst von\" \/>\n\t<meta name=\"twitter:data1\" content=\"MK\" \/>\n\t<meta name=\"twitter:label2\" content=\"Gesch\u00e4tzte Lesezeit\" \/>\n\t<meta name=\"twitter:data2\" content=\"4\u00a0Minuten\" \/>\n<script type=\"application\/ld+json\" class=\"yoast-schema-graph\">{\"@context\":\"https:\\\/\\\/schema.org\",\"@graph\":[{\"@type\":\"Article\",\"@id\":\"http:\\\/\\\/tt-bruchhausen.de\\\/Web\\\/tusler-mit-zwei-podestplaetzen-beim-quali-turnier\\\/#article\",\"isPartOf\":{\"@id\":\"http:\\\/\\\/tt-bruchhausen.de\\\/Web\\\/tusler-mit-zwei-podestplaetzen-beim-quali-turnier\\\/\"},\"author\":{\"name\":\"MK\",\"@id\":\"http:\\\/\\\/tt-bruchhausen.de\\\/Web\\\/#\\\/schema\\\/person\\\/8c5d35e003f430988a311361f303e3e2\"},\"headline\":\"TuSler mit zwei Podestpl\u00e4tzen beim Quali-Turnier\",\"datePublished\":\"2024-11-02T19:53:21+00:00\",\"mainEntityOfPage\":{\"@id\":\"http:\\\/\\\/tt-bruchhausen.de\\\/Web\\\/tusler-mit-zwei-podestplaetzen-beim-quali-turnier\\\/\"},\"wordCount\":812,\"commentCount\":0,\"image\":{\"@id\":\"http:\\\/\\\/tt-bruchhausen.de\\\/Web\\\/tusler-mit-zwei-podestplaetzen-beim-quali-turnier\\\/#primaryimage\"},\"thumbnailUrl\":\"http:\\\/\\\/tt-bruchhausen.de\\\/Web\\\/wp-content\\\/uploads\\\/2024\\\/11\\\/3C8687F5-6CA8-424B-9F90-8BECB1BAAF91.jpeg\",\"articleSection\":[\"Nachwuchs\",\"Turniere\"],\"inLanguage\":\"de\",\"potentialAction\":[{\"@type\":\"CommentAction\",\"name\":\"Comment\",\"target\":[\"http:\\\/\\\/tt-bruchhausen.de\\\/Web\\\/tusler-mit-zwei-podestplaetzen-beim-quali-turnier\\\/#respond\"]}]},{\"@type\":\"WebPage\",\"@id\":\"http:\\\/\\\/tt-bruchhausen.de\\\/Web\\\/tusler-mit-zwei-podestplaetzen-beim-quali-turnier\\\/\",\"url\":\"http:\\\/\\\/tt-bruchhausen.de\\\/Web\\\/tusler-mit-zwei-podestplaetzen-beim-quali-turnier\\\/\",\"name\":\"TuSler mit zwei Podestpl\u00e4tzen beim Quali-Turnier - TuS Bruchhausen 02 - TT Abteilung\",\"isPartOf\":{\"@id\":\"http:\\\/\\\/tt-bruchhausen.de\\\/Web\\\/#website\"},\"primaryImageOfPage\":{\"@id\":\"http:\\\/\\\/tt-bruchhausen.de\\\/Web\\\/tusler-mit-zwei-podestplaetzen-beim-quali-turnier\\\/#primaryimage\"},\"image\":{\"@id\":\"http:\\\/\\\/tt-bruchhausen.de\\\/Web\\\/tusler-mit-zwei-podestplaetzen-beim-quali-turnier\\\/#primaryimage\"},\"thumbnailUrl\":\"http:\\\/\\\/tt-bruchhausen.de\\\/Web\\\/wp-content\\\/uploads\\\/2024\\\/11\\\/3C8687F5-6CA8-424B-9F90-8BECB1BAAF91.jpeg\",\"datePublished\":\"2024-11-02T19:53:21+00:00\",\"author\":{\"@id\":\"http:\\\/\\\/tt-bruchhausen.de\\\/Web\\\/#\\\/schema\\\/person\\\/8c5d35e003f430988a311361f303e3e2\"},\"breadcrumb\":{\"@id\":\"http:\\\/\\\/tt-bruchhausen.de\\\/Web\\\/tusler-mit-zwei-podestplaetzen-beim-quali-turnier\\\/#breadcrumb\"},\"inLanguage\":\"de\",\"potentialAction\":[{\"@type\":\"ReadAction\",\"target\":[\"http:\\\/\\\/tt-bruchhausen.de\\\/Web\\\/tusler-mit-zwei-podestplaetzen-beim-quali-turnier\\\/\"]}]},{\"@type\":\"ImageObject\",\"inLanguage\":\"de\",\"@id\":\"http:\\\/\\\/tt-bruchhausen.de\\\/Web\\\/tusler-mit-zwei-podestplaetzen-beim-quali-turnier\\\/#primaryimage\",\"url\":\"http:\\\/\\\/tt-bruchhausen.de\\\/Web\\\/wp-content\\\/uploads\\\/2024\\\/11\\\/3C8687F5-6CA8-424B-9F90-8BECB1BAAF91.jpeg\",\"contentUrl\":\"http:\\\/\\\/tt-bruchhausen.de\\\/Web\\\/wp-content\\\/uploads\\\/2024\\\/11\\\/3C8687F5-6CA8-424B-9F90-8BECB1BAAF91.jpeg\",\"width\":1328,\"height\":747},{\"@type\":\"BreadcrumbList\",\"@id\":\"http:\\\/\\\/tt-bruchhausen.de\\\/Web\\\/tusler-mit-zwei-podestplaetzen-beim-quali-turnier\\\/#breadcrumb\",\"itemListElement\":[{\"@type\":\"ListItem\",\"position\":1,\"name\":\"Start\",\"item\":\"http:\\\/\\\/tt-bruchhausen.de\\\/Web\\\/\"},{\"@type\":\"ListItem\",\"position\":2,\"name\":\"TuSler mit zwei Podestpl\u00e4tzen beim Quali-Turnier\"}]},{\"@type\":\"WebSite\",\"@id\":\"http:\\\/\\\/tt-bruchhausen.de\\\/Web\\\/#website\",\"url\":\"http:\\\/\\\/tt-bruchhausen.de\\\/Web\\\/\",\"name\":\"TuS Bruchhausen 02 - TT Abteilung\",\"description\":\"Tischtennis im Entondorf\",\"potentialAction\":[{\"@type\":\"SearchAction\",\"target\":{\"@type\":\"EntryPoint\",\"urlTemplate\":\"http:\\\/\\\/tt-bruchhausen.de\\\/Web\\\/?s={search_term_string}\"},\"query-input\":{\"@type\":\"PropertyValueSpecification\",\"valueRequired\":true,\"valueName\":\"search_term_string\"}}],\"inLanguage\":\"de\"},{\"@type\":\"Person\",\"@id\":\"http:\\\/\\\/tt-bruchhausen.de\\\/Web\\\/#\\\/schema\\\/person\\\/8c5d35e003f430988a311361f303e3e2\",\"name\":\"MK\",\"image\":{\"@type\":\"ImageObject\",\"inLanguage\":\"de\",\"@id\":\"https:\\\/\\\/secure.gravatar.com\\\/avatar\\\/b08fdd492f94f070b6fff67dfa1643dae8c7e60b0708012bd8990eddba27596c?s=96&d=mm&r=g\",\"url\":\"https:\\\/\\\/secure.gravatar.com\\\/avatar\\\/b08fdd492f94f070b6fff67dfa1643dae8c7e60b0708012bd8990eddba27596c?s=96&d=mm&r=g\",\"contentUrl\":\"https:\\\/\\\/secure.gravatar.com\\\/avatar\\\/b08fdd492f94f070b6fff67dfa1643dae8c7e60b0708012bd8990eddba27596c?s=96&d=mm&r=g\",\"caption\":\"MK\"},\"sameAs\":[\"http:\\\/\\\/tt-bruchhausen.de\"],\"url\":\"http:\\\/\\\/tt-bruchhausen.de\\\/Web\\\/author\\\/mk\\\/\"}]}<\/script>\n<!-- \/ Yoast SEO plugin. -->","yoast_head_json":{"title":"TuSler mit zwei Podestpl\u00e4tzen beim Quali-Turnier - TuS Bruchhausen 02 - TT Abteilung","robots":{"index":"index","follow":"follow","max-snippet":"max-snippet:-1","max-image-preview":"max-image-preview:large","max-video-preview":"max-video-preview:-1"},"canonical":"http:\/\/tt-bruchhausen.de\/Web\/tusler-mit-zwei-podestplaetzen-beim-quali-turnier\/","og_locale":"de_DE","og_type":"article","og_title":"TuSler mit zwei Podestpl\u00e4tzen beim Quali-Turnier - TuS Bruchhausen 02 - TT Abteilung","og_description":"Am ersten Tag des Qualifikationsturniers f\u00fcr die Bezirksmeisterschaften vertraten drei TuS-Youngster die TuS-Farben in Schmallenberg. Bei den Jungen 15 gingen mit Duy-Anh Dinh und Jonathan [...]","og_url":"http:\/\/tt-bruchhausen.de\/Web\/tusler-mit-zwei-podestplaetzen-beim-quali-turnier\/","og_site_name":"TuS Bruchhausen 02 - TT Abteilung","article_published_time":"2024-11-02T19:53:21+00:00","og_image":[{"width":1328,"height":747,"url":"http:\/\/tt-bruchhausen.de\/Web\/wp-content\/uploads\/2024\/11\/3C8687F5-6CA8-424B-9F90-8BECB1BAAF91.jpeg","type":"image\/jpeg"}],"author":"MK","twitter_card":"summary_large_image","twitter_misc":{"Verfasst von":"MK","Gesch\u00e4tzte Lesezeit":"4\u00a0Minuten"},"schema":{"@context":"https:\/\/schema.org","@graph":[{"@type":"Article","@id":"http:\/\/tt-bruchhausen.de\/Web\/tusler-mit-zwei-podestplaetzen-beim-quali-turnier\/#article","isPartOf":{"@id":"http:\/\/tt-bruchhausen.de\/Web\/tusler-mit-zwei-podestplaetzen-beim-quali-turnier\/"},"author":{"name":"MK","@id":"http:\/\/tt-bruchhausen.de\/Web\/#\/schema\/person\/8c5d35e003f430988a311361f303e3e2"},"headline":"TuSler mit zwei Podestpl\u00e4tzen beim Quali-Turnier","datePublished":"2024-11-02T19:53:21+00:00","mainEntityOfPage":{"@id":"http:\/\/tt-bruchhausen.de\/Web\/tusler-mit-zwei-podestplaetzen-beim-quali-turnier\/"},"wordCount":812,"commentCount":0,"image":{"@id":"http:\/\/tt-bruchhausen.de\/Web\/tusler-mit-zwei-podestplaetzen-beim-quali-turnier\/#primaryimage"},"thumbnailUrl":"http:\/\/tt-bruchhausen.de\/Web\/wp-content\/uploads\/2024\/11\/3C8687F5-6CA8-424B-9F90-8BECB1BAAF91.jpeg","articleSection":["Nachwuchs","Turniere"],"inLanguage":"de","potentialAction":[{"@type":"CommentAction","name":"Comment","target":["http:\/\/tt-bruchhausen.de\/Web\/tusler-mit-zwei-podestplaetzen-beim-quali-turnier\/#respond"]}]},{"@type":"WebPage","@id":"http:\/\/tt-bruchhausen.de\/Web\/tusler-mit-zwei-podestplaetzen-beim-quali-turnier\/","url":"http:\/\/tt-bruchhausen.de\/Web\/tusler-mit-zwei-podestplaetzen-beim-quali-turnier\/","name":"TuSler mit zwei Podestpl\u00e4tzen beim Quali-Turnier - TuS Bruchhausen 02 - TT Abteilung","isPartOf":{"@id":"http:\/\/tt-bruchhausen.de\/Web\/#website"},"primaryImageOfPage":{"@id":"http:\/\/tt-bruchhausen.de\/Web\/tusler-mit-zwei-podestplaetzen-beim-quali-turnier\/#primaryimage"},"image":{"@id":"http:\/\/tt-bruchhausen.de\/Web\/tusler-mit-zwei-podestplaetzen-beim-quali-turnier\/#primaryimage"},"thumbnailUrl":"http:\/\/tt-bruchhausen.de\/Web\/wp-content\/uploads\/2024\/11\/3C8687F5-6CA8-424B-9F90-8BECB1BAAF91.jpeg","datePublished":"2024-11-02T19:53:21+00:00","author":{"@id":"http:\/\/tt-bruchhausen.de\/Web\/#\/schema\/person\/8c5d35e003f430988a311361f303e3e2"},"breadcrumb":{"@id":"http:\/\/tt-bruchhausen.de\/Web\/tusler-mit-zwei-podestplaetzen-beim-quali-turnier\/#breadcrumb"},"inLanguage":"de","potentialAction":[{"@type":"ReadAction","target":["http:\/\/tt-bruchhausen.de\/Web\/tusler-mit-zwei-podestplaetzen-beim-quali-turnier\/"]}]},{"@type":"ImageObject","inLanguage":"de","@id":"http:\/\/tt-bruchhausen.de\/Web\/tusler-mit-zwei-podestplaetzen-beim-quali-turnier\/#primaryimage","url":"http:\/\/tt-bruchhausen.de\/Web\/wp-content\/uploads\/2024\/11\/3C8687F5-6CA8-424B-9F90-8BECB1BAAF91.jpeg","contentUrl":"http:\/\/tt-bruchhausen.de\/Web\/wp-content\/uploads\/2024\/11\/3C8687F5-6CA8-424B-9F90-8BECB1BAAF91.jpeg","width":1328,"height":747},{"@type":"BreadcrumbList","@id":"http:\/\/tt-bruchhausen.de\/Web\/tusler-mit-zwei-podestplaetzen-beim-quali-turnier\/#breadcrumb","itemListElement":[{"@type":"ListItem","position":1,"name":"Start","item":"http:\/\/tt-bruchhausen.de\/Web\/"},{"@type":"ListItem","position":2,"name":"TuSler mit zwei Podestpl\u00e4tzen beim Quali-Turnier"}]},{"@type":"WebSite","@id":"http:\/\/tt-bruchhausen.de\/Web\/#website","url":"http:\/\/tt-bruchhausen.de\/Web\/","name":"TuS Bruchhausen 02 - TT Abteilung","description":"Tischtennis im Entondorf","potentialAction":[{"@type":"SearchAction","target":{"@type":"EntryPoint","urlTemplate":"http:\/\/tt-bruchhausen.de\/Web\/?s={search_term_string}"},"query-input":{"@type":"PropertyValueSpecification","valueRequired":true,"valueName":"search_term_string"}}],"inLanguage":"de"},{"@type":"Person","@id":"http:\/\/tt-bruchhausen.de\/Web\/#\/schema\/person\/8c5d35e003f430988a311361f303e3e2","name":"MK","image":{"@type":"ImageObject","inLanguage":"de","@id":"https:\/\/secure.gravatar.com\/avatar\/b08fdd492f94f070b6fff67dfa1643dae8c7e60b0708012bd8990eddba27596c?s=96&d=mm&r=g","url":"https:\/\/secure.gravatar.com\/avatar\/b08fdd492f94f070b6fff67dfa1643dae8c7e60b0708012bd8990eddba27596c?s=96&d=mm&r=g","contentUrl":"https:\/\/secure.gravatar.com\/avatar\/b08fdd492f94f070b6fff67dfa1643dae8c7e60b0708012bd8990eddba27596c?s=96&d=mm&r=g","caption":"MK"},"sameAs":["http:\/\/tt-bruchhausen.de"],"url":"http:\/\/tt-bruchhausen.de\/Web\/author\/mk\/"}]}},"_links":{"self":[{"href":"http:\/\/tt-bruchhausen.de\/Web\/wp-json\/wp\/v2\/posts\/7278","targetHints":{"allow":["GET"]}}],"collection":[{"href":"http:\/\/tt-bruchhausen.de\/Web\/wp-json\/wp\/v2\/posts"}],"about":[{"href":"http:\/\/tt-bruchhausen.de\/Web\/wp-json\/wp\/v2\/types\/post"}],"author":[{"embeddable":true,"href":"http:\/\/tt-bruchhausen.de\/Web\/wp-json\/wp\/v2\/users\/7"}],"replies":[{"embeddable":true,"href":"http:\/\/tt-bruchhausen.de\/Web\/wp-json\/wp\/v2\/comments?post=7278"}],"version-history":[{"count":1,"href":"http:\/\/tt-bruchhausen.de\/Web\/wp-json\/wp\/v2\/posts\/7278\/revisions"}],"predecessor-version":[{"id":7284,"href":"http:\/\/tt-bruchhausen.de\/Web\/wp-json\/wp\/v2\/posts\/7278\/revisions\/7284"}],"wp:featuredmedia":[{"embeddable":true,"href":"http:\/\/tt-bruchhausen.de\/Web\/wp-json\/wp\/v2\/media\/7279"}],"wp:attachment":[{"href":"http:\/\/tt-bruchhausen.de\/Web\/wp-json\/wp\/v2\/media?parent=7278"}],"wp:term":[{"taxonomy":"category","embeddable":true,"href":"http:\/\/tt-bruchhausen.de\/Web\/wp-json\/wp\/v2\/categories?post=7278"},{"taxonomy":"post_tag","embeddable":true,"href":"http:\/\/tt-bruchhausen.de\/Web\/wp-json\/wp\/v2\/tags?post=7278"}],"curies":[{"name":"wp","href":"https:\/\/api.w.org\/{rel}","templated":true}]}}