{"id":7234,"date":"2024-09-26T12:08:10","date_gmt":"2024-09-26T10:08:10","guid":{"rendered":"http:\/\/tt-bruchhausen.de\/Web\/?p=7234"},"modified":"2024-09-26T12:08:10","modified_gmt":"2024-09-26T10:08:10","slug":"zweite-holt-ueberraschenden-punkt","status":"publish","type":"post","link":"http:\/\/tt-bruchhausen.de\/Web\/zweite-holt-ueberraschenden-punkt\/","title":{"rendered":"Zweite holt \u00fcberraschenden Punkt"},"content":{"rendered":"<p class=\"p1\"><span class=\"s1\">Nachdem am Freitag bereits unsere Dritte und die Jungen 15 in die neue Saison gestartet waren, folgte am Samstag der Saisonauftakt der Zweiten.<\/span><\/p>\n<p class=\"p1\"><span class=\"s1\">Daf\u00fcr ging es f\u00fcr sie zum TuS Medebach. Auf der langen Fahrt nach Medebach konnte ausgiebig dar\u00fcber philosophiert werden, welches Ergebnis letztlich herausspringen w\u00fcrde, dabei waren sich alle Spieler jedoch einig gewesen, dass wahrscheinlich nicht viel zu holen sein w\u00fcrde.<\/span><\/p>\n<p class=\"p1\"><span class=\"s1\">Diese Bef\u00fcrchtungen bewahrheiteten sich am Anfang des Spiels auch, denn der TuS verlor &#8211; wenn auch teilweise knapp &#8211; alle drei Eingangsdoppel.<\/span><\/p>\n<p class=\"p1\"><span class=\"s1\">Den ersten TuS-Punkt des Tages konnte Christian Schreiner in einem knappen aber auch starken Spiel im Entscheidungssatz gegen B. Kuhnhenne einfahren.<\/span><\/p>\n<p class=\"p1\"><span class=\"s1\">Auch am Nebentisch ging es in den Entscheidungssatz, in den sich Mace nach einem 0:2-R\u00fcckstand k\u00e4mpfen konnte. Leider spielte in diesem sein Gegner R. Kuhnhenne fast fehlerfrei, sodass Mace knapp unterlag.<br \/>\n<\/span>Leider verlor im Anschluss auch Fabian sein Duell gegen Heinemann mit 1:3, sodass die Zweite mit 1:5 in R\u00fcckstand geriet.<\/p>\n<p class=\"p1\"><span class=\"s1\">Dann geschah jedoch etwas, womit keiner der TuSler so recht gerechnet hatte: durch die Siege von Melina, Dirk, Christian Reimann, Mace, Christian Schreiner und noch mal Melina, holte der TuS sechs Punkte in Folge und f\u00fchrte auf einmal mit 7:5! Ab da keimte bei dem ein oder anderen dann doch die Hoffnung auf etwas Z\u00e4hlbares zum Saisonauftakt auf.<\/span><\/p>\n<p class=\"p1\"><span class=\"s1\">Leider holte Medebach in den letzten drei Einzeln &#8211; teils in sehr knappen Spielen &#8211; des Tages drei Punkte, so dass das Top-Doppel, bestehend aus Mace und Melina, im Schlussdoppel um den Punkt k\u00e4mpfen musste.<\/span><\/p>\n<p><img loading=\"lazy\" decoding=\"async\" class=\"alignnone size-medium wp-image-6381\" src=\"http:\/\/tt-bruchhausen.de\/Web\/wp-content\/uploads\/2023\/04\/2_werl_doppel3-300x152.jpg\" alt=\"\" width=\"300\" height=\"152\" srcset=\"http:\/\/tt-bruchhausen.de\/Web\/wp-content\/uploads\/2023\/04\/2_werl_doppel3-300x152.jpg 300w, http:\/\/tt-bruchhausen.de\/Web\/wp-content\/uploads\/2023\/04\/2_werl_doppel3-768x390.jpg 768w, http:\/\/tt-bruchhausen.de\/Web\/wp-content\/uploads\/2023\/04\/2_werl_doppel3.jpg 937w\" sizes=\"auto, (max-width: 300px) 100vw, 300px\" \/><\/p>\n<p class=\"p1\"><span class=\"s1\">Die beiden behielten die Nerven, spielten stark auf und konnten glatt in drei S\u00e4tzen siegen.<\/span><\/p>\n<p class=\"p1\"><span class=\"s1\">Damit holt die Zweite zum Saisonauftakt einen unerwarteten, aber auch wichtigen Punkt in Medebach &#8211; im n\u00e4chsten Spiel trifft die Zweite dann im ersten Heimspiel der Saison auf SuS BW Lipperbruch.<\/span><\/p>\n","protected":false},"excerpt":{"rendered":"<p>Nachdem am Freitag bereits unsere Dritte und die Jungen 15 in die neue Saison gestartet waren, folgte am Samstag der<\/p>\n","protected":false},"author":7,"featured_media":6381,"comment_status":"open","ping_status":"open","sticky":false,"template":"","format":"standard","meta":{"kia_subtitle":"","footnotes":""},"categories":[4],"tags":[],"class_list":["post-7234","post","type-post","status-publish","format-standard","has-post-thumbnail","hentry","category-2-mannschaft"],"_links":{"self":[{"href":"http:\/\/tt-bruchhausen.de\/Web\/wp-json\/wp\/v2\/posts\/7234","targetHints":{"allow":["GET"]}}],"collection":[{"href":"http:\/\/tt-bruchhausen.de\/Web\/wp-json\/wp\/v2\/posts"}],"about":[{"href":"http:\/\/tt-bruchhausen.de\/Web\/wp-json\/wp\/v2\/types\/post"}],"author":[{"embeddable":true,"href":"http:\/\/tt-bruchhausen.de\/Web\/wp-json\/wp\/v2\/users\/7"}],"replies":[{"embeddable":true,"href":"http:\/\/tt-bruchhausen.de\/Web\/wp-json\/wp\/v2\/comments?post=7234"}],"version-history":[{"count":2,"href":"http:\/\/tt-bruchhausen.de\/Web\/wp-json\/wp\/v2\/posts\/7234\/revisions"}],"predecessor-version":[{"id":7236,"href":"http:\/\/tt-bruchhausen.de\/Web\/wp-json\/wp\/v2\/posts\/7234\/revisions\/7236"}],"wp:featuredmedia":[{"embeddable":true,"href":"http:\/\/tt-bruchhausen.de\/Web\/wp-json\/wp\/v2\/media\/6381"}],"wp:attachment":[{"href":"http:\/\/tt-bruchhausen.de\/Web\/wp-json\/wp\/v2\/media?parent=7234"}],"wp:term":[{"taxonomy":"category","embeddable":true,"href":"http:\/\/tt-bruchhausen.de\/Web\/wp-json\/wp\/v2\/categories?post=7234"},{"taxonomy":"post_tag","embeddable":true,"href":"http:\/\/tt-bruchhausen.de\/Web\/wp-json\/wp\/v2\/tags?post=7234"}],"curies":[{"name":"wp","href":"https:\/\/api.w.org\/{rel}","templated":true}]}}