{"id":6949,"date":"2024-02-06T21:34:48","date_gmt":"2024-02-06T19:34:48","guid":{"rendered":"http:\/\/tt-bruchhausen.de\/Web\/?p=6949"},"modified":"2024-02-06T21:34:48","modified_gmt":"2024-02-06T19:34:48","slug":"jungen-souveraen-gegen-fredeburg","status":"publish","type":"post","link":"http:\/\/tt-bruchhausen.de\/Web\/jungen-souveraen-gegen-fredeburg\/","title":{"rendered":"Jungen souver\u00e4n gegen Fredeburg"},"content":{"rendered":"<p class=\"p1\"><span class=\"s1\">Am Sonntag ging es f\u00fcr unsere Jungen 13-Mannschaft in der Bezirksoberliga mit einem Heimspiel gegen den TV Fredeburg weiter. Nachdem zum R\u00fcckrundenauftakt lediglich ein Unentschieden gegen den TTC Sauerland geholt werden konnte, wollten die Jungs nun nat\u00fcrlich auch den ersten Sieg in der R\u00fcckrunde holen.<\/span><\/p>\n<p><img decoding=\"async\" class=\"alignnone size-medium wp-image-6950\" src=\"http:\/\/tt-bruchhausen.de\/Web\/wp-content\/uploads\/2024\/02\/06169A92-B3EC-4C08-AF3F-46D1B3F4E2FC-300x225.jpeg\" alt=\"\" width=\"300\" height=\"225\" srcset=\"http:\/\/tt-bruchhausen.de\/Web\/wp-content\/uploads\/2024\/02\/06169A92-B3EC-4C08-AF3F-46D1B3F4E2FC-300x225.jpeg 300w, http:\/\/tt-bruchhausen.de\/Web\/wp-content\/uploads\/2024\/02\/06169A92-B3EC-4C08-AF3F-46D1B3F4E2FC-768x576.jpeg 768w, http:\/\/tt-bruchhausen.de\/Web\/wp-content\/uploads\/2024\/02\/06169A92-B3EC-4C08-AF3F-46D1B3F4E2FC-1365x1024.jpeg 1365w, http:\/\/tt-bruchhausen.de\/Web\/wp-content\/uploads\/2024\/02\/06169A92-B3EC-4C08-AF3F-46D1B3F4E2FC-1536x1152.jpeg 1536w\" sizes=\"(max-width: 300px) 100vw, 300px\" \/><\/p>\n<p class=\"p1\"><span class=\"s1\">Dementsprechend hochkonzentriert gingen Louis, Duy-Anh und Jonathan vom ersten Spiel an an die Tische, und nach knapp zwei Stunden Spielzeit konnten die Jungs ihren ersten Erfolg in der R\u00fcckrunde feiern &#8211; und das sogar recht deutlich, denn sie siegten ohne Spielverlust, und somit mit 10:0, gegen Fredeburg.<br \/>\n<\/span>Die TuS-Punkte holten:<\/p>\n<p><img decoding=\"async\" class=\"alignnone size-medium wp-image-6951\" src=\"http:\/\/tt-bruchhausen.de\/Web\/wp-content\/uploads\/2024\/02\/E2265CC0-6FF5-47EB-8946-00FBACD99359-300x169.jpeg\" alt=\"\" width=\"300\" height=\"169\" srcset=\"http:\/\/tt-bruchhausen.de\/Web\/wp-content\/uploads\/2024\/02\/E2265CC0-6FF5-47EB-8946-00FBACD99359-300x169.jpeg 300w, http:\/\/tt-bruchhausen.de\/Web\/wp-content\/uploads\/2024\/02\/E2265CC0-6FF5-47EB-8946-00FBACD99359-768x432.jpeg 768w, http:\/\/tt-bruchhausen.de\/Web\/wp-content\/uploads\/2024\/02\/E2265CC0-6FF5-47EB-8946-00FBACD99359-1440x810.jpeg 1440w, http:\/\/tt-bruchhausen.de\/Web\/wp-content\/uploads\/2024\/02\/E2265CC0-6FF5-47EB-8946-00FBACD99359-1536x864.jpeg 1536w\" sizes=\"(max-width: 300px) 100vw, 300px\" \/><br \/>\n<i>Louis und Duy-Anh (rechts)<\/i><\/p>\n<p><img decoding=\"async\" class=\"alignnone size-medium wp-image-6952\" src=\"http:\/\/tt-bruchhausen.de\/Web\/wp-content\/uploads\/2024\/02\/2BB7E2DB-C654-404A-A92F-B5FE42F4D0AA-300x225.jpeg\" alt=\"\" width=\"300\" height=\"225\" srcset=\"http:\/\/tt-bruchhausen.de\/Web\/wp-content\/uploads\/2024\/02\/2BB7E2DB-C654-404A-A92F-B5FE42F4D0AA-300x225.jpeg 300w, http:\/\/tt-bruchhausen.de\/Web\/wp-content\/uploads\/2024\/02\/2BB7E2DB-C654-404A-A92F-B5FE42F4D0AA-768x576.jpeg 768w, http:\/\/tt-bruchhausen.de\/Web\/wp-content\/uploads\/2024\/02\/2BB7E2DB-C654-404A-A92F-B5FE42F4D0AA-1365x1024.jpeg 1365w, http:\/\/tt-bruchhausen.de\/Web\/wp-content\/uploads\/2024\/02\/2BB7E2DB-C654-404A-A92F-B5FE42F4D0AA-1536x1152.jpeg 1536w\" sizes=\"(max-width: 300px) 100vw, 300px\" \/><br \/>\n<i>Louis (3)<\/i><\/p>\n<p><img decoding=\"async\" class=\"alignnone size-medium wp-image-6953\" src=\"http:\/\/tt-bruchhausen.de\/Web\/wp-content\/uploads\/2024\/02\/FFB6CA50-5D09-49B2-A218-B0B5E434D173-300x225.jpeg\" alt=\"\" width=\"300\" height=\"225\" srcset=\"http:\/\/tt-bruchhausen.de\/Web\/wp-content\/uploads\/2024\/02\/FFB6CA50-5D09-49B2-A218-B0B5E434D173-300x225.jpeg 300w, http:\/\/tt-bruchhausen.de\/Web\/wp-content\/uploads\/2024\/02\/FFB6CA50-5D09-49B2-A218-B0B5E434D173-768x576.jpeg 768w, http:\/\/tt-bruchhausen.de\/Web\/wp-content\/uploads\/2024\/02\/FFB6CA50-5D09-49B2-A218-B0B5E434D173-1365x1024.jpeg 1365w, http:\/\/tt-bruchhausen.de\/Web\/wp-content\/uploads\/2024\/02\/FFB6CA50-5D09-49B2-A218-B0B5E434D173-1536x1152.jpeg 1536w\" sizes=\"(max-width: 300px) 100vw, 300px\" \/><br \/>\n<i>Duy-Anh (3)<\/i><\/p>\n<p><img decoding=\"async\" class=\"alignnone size-medium wp-image-6954\" src=\"http:\/\/tt-bruchhausen.de\/Web\/wp-content\/uploads\/2024\/02\/E5A9D279-F16D-4480-8743-3E8344A55C7B-243x300.jpeg\" alt=\"\" width=\"243\" height=\"300\" srcset=\"http:\/\/tt-bruchhausen.de\/Web\/wp-content\/uploads\/2024\/02\/E5A9D279-F16D-4480-8743-3E8344A55C7B-243x300.jpeg 243w, http:\/\/tt-bruchhausen.de\/Web\/wp-content\/uploads\/2024\/02\/E5A9D279-F16D-4480-8743-3E8344A55C7B-768x947.jpeg 768w, http:\/\/tt-bruchhausen.de\/Web\/wp-content\/uploads\/2024\/02\/E5A9D279-F16D-4480-8743-3E8344A55C7B-830x1024.jpeg 830w, http:\/\/tt-bruchhausen.de\/Web\/wp-content\/uploads\/2024\/02\/E5A9D279-F16D-4480-8743-3E8344A55C7B-1245x1536.jpeg 1245w, http:\/\/tt-bruchhausen.de\/Web\/wp-content\/uploads\/2024\/02\/E5A9D279-F16D-4480-8743-3E8344A55C7B-1661x2048.jpeg 1661w\" sizes=\"(max-width: 243px) 100vw, 243px\" \/><br \/>\n<i>und Jonathan (3)<\/i><\/p>\n<p class=\"p1\"><span class=\"s1\">Das n\u00e4chste Spiel in der Liga bestreiten die Jungs dann in gut zwei Wochen beim TTV Ense. Vorher treten sie aber kommendes Wochenende bei den Jungen 13-Bezirksmannschaftsmeisterschaften des Bezirks Westfallen-Mitte in B\u00f6nen an, wo sie in der Vorrunde auf den TV Geseke und auf TTF B\u00f6nen treffen werden.<\/span><\/p>\n<p><img decoding=\"async\" class=\"alignnone size-medium wp-image-6955\" src=\"http:\/\/tt-bruchhausen.de\/Web\/wp-content\/uploads\/2024\/02\/C79AC9C0-D07E-4E86-8FAA-21DB0C1B7321-300x225.jpeg\" alt=\"\" width=\"300\" height=\"225\" srcset=\"http:\/\/tt-bruchhausen.de\/Web\/wp-content\/uploads\/2024\/02\/C79AC9C0-D07E-4E86-8FAA-21DB0C1B7321-300x225.jpeg 300w, http:\/\/tt-bruchhausen.de\/Web\/wp-content\/uploads\/2024\/02\/C79AC9C0-D07E-4E86-8FAA-21DB0C1B7321-768x576.jpeg 768w, http:\/\/tt-bruchhausen.de\/Web\/wp-content\/uploads\/2024\/02\/C79AC9C0-D07E-4E86-8FAA-21DB0C1B7321-1365x1024.jpeg 1365w, http:\/\/tt-bruchhausen.de\/Web\/wp-content\/uploads\/2024\/02\/C79AC9C0-D07E-4E86-8FAA-21DB0C1B7321-1536x1152.jpeg 1536w\" sizes=\"(max-width: 300px) 100vw, 300px\" \/><br \/>\n<i>Das siegreiche Team plus Trainer\/Betreuer. An dieser Stelle vielen Dank an Ren\u00e9 L\u00f6hr Geb\u00e4udereinigung, der unsere Jungs mit neuen Trikots ausgestattet hat.<\/i><\/p>\n","protected":false},"excerpt":{"rendered":"<p>Am Sonntag ging es f\u00fcr unsere Jungen 13-Mannschaft in der Bezirksoberliga mit einem Heimspiel gegen den TV Fredeburg weiter. Nachdem zum R\u00fcckrundenauftakt lediglich ein Unentschieden  [&#8230;]<\/p>\n","protected":false},"author":7,"featured_media":6955,"comment_status":"open","ping_status":"open","sticky":false,"template":"","format":"standard","meta":{"kia_subtitle":"","_themeisle_gutenberg_block_has_review":false,"footnotes":""},"categories":[6],"tags":[],"class_list":["post-6949","post","type-post","status-publish","format-standard","has-post-thumbnail","hentry","category-1-nachwuchs"],"yoast_head":"<!-- This site is optimized with the Yoast SEO plugin v28.4 - https:\/\/yoast.com\/product\/yoast-seo-wordpress\/ -->\n<title>Jungen souver\u00e4n gegen Fredeburg - TuS Bruchhausen 02 - TT Abteilung<\/title>\n<meta name=\"robots\" content=\"index, follow, max-snippet:-1, max-image-preview:large, max-video-preview:-1\" \/>\n<link rel=\"canonical\" href=\"http:\/\/tt-bruchhausen.de\/Web\/jungen-souveraen-gegen-fredeburg\/\" \/>\n<meta property=\"og:locale\" content=\"de_DE\" \/>\n<meta property=\"og:type\" content=\"article\" \/>\n<meta property=\"og:title\" content=\"Jungen souver\u00e4n gegen Fredeburg - TuS Bruchhausen 02 - TT Abteilung\" \/>\n<meta property=\"og:description\" content=\"Am Sonntag ging es f\u00fcr unsere Jungen 13-Mannschaft in der Bezirksoberliga mit einem Heimspiel gegen den TV Fredeburg weiter. Nachdem zum R\u00fcckrundenauftakt lediglich ein Unentschieden [...]\" \/>\n<meta property=\"og:url\" content=\"http:\/\/tt-bruchhausen.de\/Web\/jungen-souveraen-gegen-fredeburg\/\" \/>\n<meta property=\"og:site_name\" content=\"TuS Bruchhausen 02 - TT Abteilung\" \/>\n<meta property=\"article:published_time\" content=\"2024-02-06T19:34:48+00:00\" \/>\n<meta property=\"og:image\" content=\"http:\/\/tt-bruchhausen.de\/Web\/wp-content\/uploads\/2024\/02\/C79AC9C0-D07E-4E86-8FAA-21DB0C1B7321-scaled.jpeg\" \/>\n\t<meta property=\"og:image:width\" content=\"2560\" \/>\n\t<meta property=\"og:image:height\" content=\"1920\" \/>\n\t<meta property=\"og:image:type\" content=\"image\/jpeg\" \/>\n<meta name=\"author\" content=\"MK\" \/>\n<meta name=\"twitter:card\" content=\"summary_large_image\" \/>\n<meta name=\"twitter:label1\" content=\"Verfasst von\" \/>\n\t<meta name=\"twitter:data1\" content=\"MK\" \/>\n\t<meta name=\"twitter:label2\" content=\"Gesch\u00e4tzte Lesezeit\" \/>\n\t<meta name=\"twitter:data2\" content=\"1\u00a0Minute\" \/>\n<script type=\"application\/ld+json\" class=\"yoast-schema-graph\">{\"@context\":\"https:\\\/\\\/schema.org\",\"@graph\":[{\"@type\":\"Article\",\"@id\":\"http:\\\/\\\/tt-bruchhausen.de\\\/Web\\\/jungen-souveraen-gegen-fredeburg\\\/#article\",\"isPartOf\":{\"@id\":\"http:\\\/\\\/tt-bruchhausen.de\\\/Web\\\/jungen-souveraen-gegen-fredeburg\\\/\"},\"author\":{\"name\":\"MK\",\"@id\":\"http:\\\/\\\/tt-bruchhausen.de\\\/Web\\\/#\\\/schema\\\/person\\\/8c5d35e003f430988a311361f303e3e2\"},\"headline\":\"Jungen souver\u00e4n gegen Fredeburg\",\"datePublished\":\"2024-02-06T19:34:48+00:00\",\"mainEntityOfPage\":{\"@id\":\"http:\\\/\\\/tt-bruchhausen.de\\\/Web\\\/jungen-souveraen-gegen-fredeburg\\\/\"},\"wordCount\":188,\"commentCount\":0,\"image\":{\"@id\":\"http:\\\/\\\/tt-bruchhausen.de\\\/Web\\\/jungen-souveraen-gegen-fredeburg\\\/#primaryimage\"},\"thumbnailUrl\":\"http:\\\/\\\/tt-bruchhausen.de\\\/Web\\\/wp-content\\\/uploads\\\/2024\\\/02\\\/C79AC9C0-D07E-4E86-8FAA-21DB0C1B7321-scaled.jpeg\",\"articleSection\":[\"Nachwuchs\"],\"inLanguage\":\"de\",\"potentialAction\":[{\"@type\":\"CommentAction\",\"name\":\"Comment\",\"target\":[\"http:\\\/\\\/tt-bruchhausen.de\\\/Web\\\/jungen-souveraen-gegen-fredeburg\\\/#respond\"]}]},{\"@type\":\"WebPage\",\"@id\":\"http:\\\/\\\/tt-bruchhausen.de\\\/Web\\\/jungen-souveraen-gegen-fredeburg\\\/\",\"url\":\"http:\\\/\\\/tt-bruchhausen.de\\\/Web\\\/jungen-souveraen-gegen-fredeburg\\\/\",\"name\":\"Jungen souver\u00e4n gegen Fredeburg - TuS Bruchhausen 02 - TT Abteilung\",\"isPartOf\":{\"@id\":\"http:\\\/\\\/tt-bruchhausen.de\\\/Web\\\/#website\"},\"primaryImageOfPage\":{\"@id\":\"http:\\\/\\\/tt-bruchhausen.de\\\/Web\\\/jungen-souveraen-gegen-fredeburg\\\/#primaryimage\"},\"image\":{\"@id\":\"http:\\\/\\\/tt-bruchhausen.de\\\/Web\\\/jungen-souveraen-gegen-fredeburg\\\/#primaryimage\"},\"thumbnailUrl\":\"http:\\\/\\\/tt-bruchhausen.de\\\/Web\\\/wp-content\\\/uploads\\\/2024\\\/02\\\/C79AC9C0-D07E-4E86-8FAA-21DB0C1B7321-scaled.jpeg\",\"datePublished\":\"2024-02-06T19:34:48+00:00\",\"author\":{\"@id\":\"http:\\\/\\\/tt-bruchhausen.de\\\/Web\\\/#\\\/schema\\\/person\\\/8c5d35e003f430988a311361f303e3e2\"},\"breadcrumb\":{\"@id\":\"http:\\\/\\\/tt-bruchhausen.de\\\/Web\\\/jungen-souveraen-gegen-fredeburg\\\/#breadcrumb\"},\"inLanguage\":\"de\",\"potentialAction\":[{\"@type\":\"ReadAction\",\"target\":[\"http:\\\/\\\/tt-bruchhausen.de\\\/Web\\\/jungen-souveraen-gegen-fredeburg\\\/\"]}]},{\"@type\":\"ImageObject\",\"inLanguage\":\"de\",\"@id\":\"http:\\\/\\\/tt-bruchhausen.de\\\/Web\\\/jungen-souveraen-gegen-fredeburg\\\/#primaryimage\",\"url\":\"http:\\\/\\\/tt-bruchhausen.de\\\/Web\\\/wp-content\\\/uploads\\\/2024\\\/02\\\/C79AC9C0-D07E-4E86-8FAA-21DB0C1B7321-scaled.jpeg\",\"contentUrl\":\"http:\\\/\\\/tt-bruchhausen.de\\\/Web\\\/wp-content\\\/uploads\\\/2024\\\/02\\\/C79AC9C0-D07E-4E86-8FAA-21DB0C1B7321-scaled.jpeg\",\"width\":2560,\"height\":1920},{\"@type\":\"BreadcrumbList\",\"@id\":\"http:\\\/\\\/tt-bruchhausen.de\\\/Web\\\/jungen-souveraen-gegen-fredeburg\\\/#breadcrumb\",\"itemListElement\":[{\"@type\":\"ListItem\",\"position\":1,\"name\":\"Start\",\"item\":\"http:\\\/\\\/tt-bruchhausen.de\\\/Web\\\/\"},{\"@type\":\"ListItem\",\"position\":2,\"name\":\"Jungen souver\u00e4n gegen Fredeburg\"}]},{\"@type\":\"WebSite\",\"@id\":\"http:\\\/\\\/tt-bruchhausen.de\\\/Web\\\/#website\",\"url\":\"http:\\\/\\\/tt-bruchhausen.de\\\/Web\\\/\",\"name\":\"TuS Bruchhausen 02 - TT Abteilung\",\"description\":\"Tischtennis im Entondorf\",\"potentialAction\":[{\"@type\":\"SearchAction\",\"target\":{\"@type\":\"EntryPoint\",\"urlTemplate\":\"http:\\\/\\\/tt-bruchhausen.de\\\/Web\\\/?s={search_term_string}\"},\"query-input\":{\"@type\":\"PropertyValueSpecification\",\"valueRequired\":true,\"valueName\":\"search_term_string\"}}],\"inLanguage\":\"de\"},{\"@type\":\"Person\",\"@id\":\"http:\\\/\\\/tt-bruchhausen.de\\\/Web\\\/#\\\/schema\\\/person\\\/8c5d35e003f430988a311361f303e3e2\",\"name\":\"MK\",\"image\":{\"@type\":\"ImageObject\",\"inLanguage\":\"de\",\"@id\":\"https:\\\/\\\/secure.gravatar.com\\\/avatar\\\/b08fdd492f94f070b6fff67dfa1643dae8c7e60b0708012bd8990eddba27596c?s=96&d=mm&r=g\",\"url\":\"https:\\\/\\\/secure.gravatar.com\\\/avatar\\\/b08fdd492f94f070b6fff67dfa1643dae8c7e60b0708012bd8990eddba27596c?s=96&d=mm&r=g\",\"contentUrl\":\"https:\\\/\\\/secure.gravatar.com\\\/avatar\\\/b08fdd492f94f070b6fff67dfa1643dae8c7e60b0708012bd8990eddba27596c?s=96&d=mm&r=g\",\"caption\":\"MK\"},\"sameAs\":[\"http:\\\/\\\/tt-bruchhausen.de\"],\"url\":\"http:\\\/\\\/tt-bruchhausen.de\\\/Web\\\/author\\\/mk\\\/\"}]}<\/script>\n<!-- \/ Yoast SEO plugin. -->","yoast_head_json":{"title":"Jungen souver\u00e4n gegen Fredeburg - TuS Bruchhausen 02 - TT Abteilung","robots":{"index":"index","follow":"follow","max-snippet":"max-snippet:-1","max-image-preview":"max-image-preview:large","max-video-preview":"max-video-preview:-1"},"canonical":"http:\/\/tt-bruchhausen.de\/Web\/jungen-souveraen-gegen-fredeburg\/","og_locale":"de_DE","og_type":"article","og_title":"Jungen souver\u00e4n gegen Fredeburg - TuS Bruchhausen 02 - TT Abteilung","og_description":"Am Sonntag ging es f\u00fcr unsere Jungen 13-Mannschaft in der Bezirksoberliga mit einem Heimspiel gegen den TV Fredeburg weiter. Nachdem zum R\u00fcckrundenauftakt lediglich ein Unentschieden [...]","og_url":"http:\/\/tt-bruchhausen.de\/Web\/jungen-souveraen-gegen-fredeburg\/","og_site_name":"TuS Bruchhausen 02 - TT Abteilung","article_published_time":"2024-02-06T19:34:48+00:00","og_image":[{"width":2560,"height":1920,"url":"http:\/\/tt-bruchhausen.de\/Web\/wp-content\/uploads\/2024\/02\/C79AC9C0-D07E-4E86-8FAA-21DB0C1B7321-scaled.jpeg","type":"image\/jpeg"}],"author":"MK","twitter_card":"summary_large_image","twitter_misc":{"Verfasst von":"MK","Gesch\u00e4tzte Lesezeit":"1\u00a0Minute"},"schema":{"@context":"https:\/\/schema.org","@graph":[{"@type":"Article","@id":"http:\/\/tt-bruchhausen.de\/Web\/jungen-souveraen-gegen-fredeburg\/#article","isPartOf":{"@id":"http:\/\/tt-bruchhausen.de\/Web\/jungen-souveraen-gegen-fredeburg\/"},"author":{"name":"MK","@id":"http:\/\/tt-bruchhausen.de\/Web\/#\/schema\/person\/8c5d35e003f430988a311361f303e3e2"},"headline":"Jungen souver\u00e4n gegen Fredeburg","datePublished":"2024-02-06T19:34:48+00:00","mainEntityOfPage":{"@id":"http:\/\/tt-bruchhausen.de\/Web\/jungen-souveraen-gegen-fredeburg\/"},"wordCount":188,"commentCount":0,"image":{"@id":"http:\/\/tt-bruchhausen.de\/Web\/jungen-souveraen-gegen-fredeburg\/#primaryimage"},"thumbnailUrl":"http:\/\/tt-bruchhausen.de\/Web\/wp-content\/uploads\/2024\/02\/C79AC9C0-D07E-4E86-8FAA-21DB0C1B7321-scaled.jpeg","articleSection":["Nachwuchs"],"inLanguage":"de","potentialAction":[{"@type":"CommentAction","name":"Comment","target":["http:\/\/tt-bruchhausen.de\/Web\/jungen-souveraen-gegen-fredeburg\/#respond"]}]},{"@type":"WebPage","@id":"http:\/\/tt-bruchhausen.de\/Web\/jungen-souveraen-gegen-fredeburg\/","url":"http:\/\/tt-bruchhausen.de\/Web\/jungen-souveraen-gegen-fredeburg\/","name":"Jungen souver\u00e4n gegen Fredeburg - TuS Bruchhausen 02 - TT Abteilung","isPartOf":{"@id":"http:\/\/tt-bruchhausen.de\/Web\/#website"},"primaryImageOfPage":{"@id":"http:\/\/tt-bruchhausen.de\/Web\/jungen-souveraen-gegen-fredeburg\/#primaryimage"},"image":{"@id":"http:\/\/tt-bruchhausen.de\/Web\/jungen-souveraen-gegen-fredeburg\/#primaryimage"},"thumbnailUrl":"http:\/\/tt-bruchhausen.de\/Web\/wp-content\/uploads\/2024\/02\/C79AC9C0-D07E-4E86-8FAA-21DB0C1B7321-scaled.jpeg","datePublished":"2024-02-06T19:34:48+00:00","author":{"@id":"http:\/\/tt-bruchhausen.de\/Web\/#\/schema\/person\/8c5d35e003f430988a311361f303e3e2"},"breadcrumb":{"@id":"http:\/\/tt-bruchhausen.de\/Web\/jungen-souveraen-gegen-fredeburg\/#breadcrumb"},"inLanguage":"de","potentialAction":[{"@type":"ReadAction","target":["http:\/\/tt-bruchhausen.de\/Web\/jungen-souveraen-gegen-fredeburg\/"]}]},{"@type":"ImageObject","inLanguage":"de","@id":"http:\/\/tt-bruchhausen.de\/Web\/jungen-souveraen-gegen-fredeburg\/#primaryimage","url":"http:\/\/tt-bruchhausen.de\/Web\/wp-content\/uploads\/2024\/02\/C79AC9C0-D07E-4E86-8FAA-21DB0C1B7321-scaled.jpeg","contentUrl":"http:\/\/tt-bruchhausen.de\/Web\/wp-content\/uploads\/2024\/02\/C79AC9C0-D07E-4E86-8FAA-21DB0C1B7321-scaled.jpeg","width":2560,"height":1920},{"@type":"BreadcrumbList","@id":"http:\/\/tt-bruchhausen.de\/Web\/jungen-souveraen-gegen-fredeburg\/#breadcrumb","itemListElement":[{"@type":"ListItem","position":1,"name":"Start","item":"http:\/\/tt-bruchhausen.de\/Web\/"},{"@type":"ListItem","position":2,"name":"Jungen souver\u00e4n gegen Fredeburg"}]},{"@type":"WebSite","@id":"http:\/\/tt-bruchhausen.de\/Web\/#website","url":"http:\/\/tt-bruchhausen.de\/Web\/","name":"TuS Bruchhausen 02 - TT Abteilung","description":"Tischtennis im Entondorf","potentialAction":[{"@type":"SearchAction","target":{"@type":"EntryPoint","urlTemplate":"http:\/\/tt-bruchhausen.de\/Web\/?s={search_term_string}"},"query-input":{"@type":"PropertyValueSpecification","valueRequired":true,"valueName":"search_term_string"}}],"inLanguage":"de"},{"@type":"Person","@id":"http:\/\/tt-bruchhausen.de\/Web\/#\/schema\/person\/8c5d35e003f430988a311361f303e3e2","name":"MK","image":{"@type":"ImageObject","inLanguage":"de","@id":"https:\/\/secure.gravatar.com\/avatar\/b08fdd492f94f070b6fff67dfa1643dae8c7e60b0708012bd8990eddba27596c?s=96&d=mm&r=g","url":"https:\/\/secure.gravatar.com\/avatar\/b08fdd492f94f070b6fff67dfa1643dae8c7e60b0708012bd8990eddba27596c?s=96&d=mm&r=g","contentUrl":"https:\/\/secure.gravatar.com\/avatar\/b08fdd492f94f070b6fff67dfa1643dae8c7e60b0708012bd8990eddba27596c?s=96&d=mm&r=g","caption":"MK"},"sameAs":["http:\/\/tt-bruchhausen.de"],"url":"http:\/\/tt-bruchhausen.de\/Web\/author\/mk\/"}]}},"_links":{"self":[{"href":"http:\/\/tt-bruchhausen.de\/Web\/wp-json\/wp\/v2\/posts\/6949","targetHints":{"allow":["GET"]}}],"collection":[{"href":"http:\/\/tt-bruchhausen.de\/Web\/wp-json\/wp\/v2\/posts"}],"about":[{"href":"http:\/\/tt-bruchhausen.de\/Web\/wp-json\/wp\/v2\/types\/post"}],"author":[{"embeddable":true,"href":"http:\/\/tt-bruchhausen.de\/Web\/wp-json\/wp\/v2\/users\/7"}],"replies":[{"embeddable":true,"href":"http:\/\/tt-bruchhausen.de\/Web\/wp-json\/wp\/v2\/comments?post=6949"}],"version-history":[{"count":2,"href":"http:\/\/tt-bruchhausen.de\/Web\/wp-json\/wp\/v2\/posts\/6949\/revisions"}],"predecessor-version":[{"id":6957,"href":"http:\/\/tt-bruchhausen.de\/Web\/wp-json\/wp\/v2\/posts\/6949\/revisions\/6957"}],"wp:featuredmedia":[{"embeddable":true,"href":"http:\/\/tt-bruchhausen.de\/Web\/wp-json\/wp\/v2\/media\/6955"}],"wp:attachment":[{"href":"http:\/\/tt-bruchhausen.de\/Web\/wp-json\/wp\/v2\/media?parent=6949"}],"wp:term":[{"taxonomy":"category","embeddable":true,"href":"http:\/\/tt-bruchhausen.de\/Web\/wp-json\/wp\/v2\/categories?post=6949"},{"taxonomy":"post_tag","embeddable":true,"href":"http:\/\/tt-bruchhausen.de\/Web\/wp-json\/wp\/v2\/tags?post=6949"}],"curies":[{"name":"wp","href":"https:\/\/api.w.org\/{rel}","templated":true}]}}