{"id":6924,"date":"2024-01-30T11:51:14","date_gmt":"2024-01-30T09:51:14","guid":{"rendered":"http:\/\/tt-bruchhausen.de\/Web\/?p=6924"},"modified":"2024-02-01T10:43:57","modified_gmt":"2024-02-01T08:43:57","slug":"tus-minis-beim-ortsentscheid-im-einsatz","status":"publish","type":"post","link":"http:\/\/tt-bruchhausen.de\/Web\/tus-minis-beim-ortsentscheid-im-einsatz\/","title":{"rendered":"TuS-Minis beim Ortsentscheid im Einsatz"},"content":{"rendered":"<p class=\"p1\"><span class=\"s1\">Am Wochenende richtete die TTV Neheim-H\u00fcsten den Ortsentscheid der Mini-Meisterschaften aus.<br \/>\n<\/span>Mit Leonie Sperle (M\u00e4dchen AK 1), Felix Mertens (Jungen AK 1), Niko Mertens, Leo Schrautzer (beide Jungen AK 2) und Hai-Anh Dinh (Jungen AK 3) nahmen dabei auch f\u00fcnf unserer j\u00fcngsten Nachwuchsspieler teil und zeigten mit der Unterst\u00fctzung der Jungen 13-Mannschaft und der Jugendtrainer \u201eFuzzi\u201c und Melina in den gro\u00dfen Teilnehmerfeldern &#8211; insgesamt waren 26 Kinder in den einzelnen Altersklassen am Start &#8211; tolle Leistungen.<\/p>\n<p class=\"p1\">Am Ende konnten sich mit Hai-Anh Dinh (Jungen AK 3, 3. Platz) und Leonie Sperle (M\u00e4dchen AK 1) zwei Kinder f\u00fcr die n\u00e4chste Runde, die voraussichtlich im April ausgetragen wird, qualifizieren.<br \/>\nDort wird der TuS dann voraussichtlich mit vier Kindern vertreten sein, da sich im September mit Benedikt Goldmann und Malte Tenambergen (beide Jungen AK 1) bereits zwei Kinder beim Ortsentscheid in Holzen f\u00fcr die n\u00e4chste Runde qualifiziert hatten.<\/p>\n<p><img decoding=\"async\" class=\"alignnone size-medium wp-image-6925\" src=\"http:\/\/tt-bruchhausen.de\/Web\/wp-content\/uploads\/2024\/01\/B007594E-2F57-4F74-AEDE-D7A67C8CEC35-300x225.jpeg\" alt=\"\" width=\"300\" height=\"225\" srcset=\"http:\/\/tt-bruchhausen.de\/Web\/wp-content\/uploads\/2024\/01\/B007594E-2F57-4F74-AEDE-D7A67C8CEC35-300x225.jpeg 300w, http:\/\/tt-bruchhausen.de\/Web\/wp-content\/uploads\/2024\/01\/B007594E-2F57-4F74-AEDE-D7A67C8CEC35-768x576.jpeg 768w, http:\/\/tt-bruchhausen.de\/Web\/wp-content\/uploads\/2024\/01\/B007594E-2F57-4F74-AEDE-D7A67C8CEC35-1365x1024.jpeg 1365w, http:\/\/tt-bruchhausen.de\/Web\/wp-content\/uploads\/2024\/01\/B007594E-2F57-4F74-AEDE-D7A67C8CEC35-1536x1152.jpeg 1536w\" sizes=\"(max-width: 300px) 100vw, 300px\" \/><br \/>\n<i>Spielten ihr erstes gr\u00f6\u00dferes Turnier f\u00fcr den TuS: Niko, Felix, Leonie (u.v.l), Hai-Anh und Leo (oben) mit Duy-Anh, Louis und Jonathan aus der Jungen 13-Mannschaft<\/i><\/p>\n<p class=\"p1\"><span class=\"s1\">\u00a0<\/span><\/p>\n","protected":false},"excerpt":{"rendered":"<p>Am Wochenende richtete die TTV Neheim-H\u00fcsten den Ortsentscheid der Mini-Meisterschaften aus. Mit Leonie Sperle (M\u00e4dchen AK 1), Felix Mertens (Jungen AK 1), Niko Mertens, Leo  [&#8230;]<\/p>\n","protected":false},"author":7,"featured_media":6929,"comment_status":"open","ping_status":"open","sticky":false,"template":"","format":"standard","meta":{"kia_subtitle":"","_themeisle_gutenberg_block_has_review":false,"footnotes":""},"categories":[6,12],"tags":[],"class_list":["post-6924","post","type-post","status-publish","format-standard","has-post-thumbnail","hentry","category-1-nachwuchs","category-1-turniere"],"yoast_head":"<!-- This site is optimized with the Yoast SEO plugin v28.4 - https:\/\/yoast.com\/product\/yoast-seo-wordpress\/ -->\n<title>TuS-Minis beim Ortsentscheid im Einsatz - TuS Bruchhausen 02 - TT Abteilung<\/title>\n<meta name=\"robots\" content=\"index, follow, max-snippet:-1, max-image-preview:large, max-video-preview:-1\" \/>\n<link rel=\"canonical\" href=\"http:\/\/tt-bruchhausen.de\/Web\/tus-minis-beim-ortsentscheid-im-einsatz\/\" \/>\n<meta property=\"og:locale\" content=\"de_DE\" \/>\n<meta property=\"og:type\" content=\"article\" \/>\n<meta property=\"og:title\" content=\"TuS-Minis beim Ortsentscheid im Einsatz - TuS Bruchhausen 02 - TT Abteilung\" \/>\n<meta property=\"og:description\" content=\"Am Wochenende richtete die TTV Neheim-H\u00fcsten den Ortsentscheid der Mini-Meisterschaften aus. Mit Leonie Sperle (M\u00e4dchen AK 1), Felix Mertens (Jungen AK 1), Niko Mertens, Leo [...]\" \/>\n<meta property=\"og:url\" content=\"http:\/\/tt-bruchhausen.de\/Web\/tus-minis-beim-ortsentscheid-im-einsatz\/\" \/>\n<meta property=\"og:site_name\" content=\"TuS Bruchhausen 02 - TT Abteilung\" \/>\n<meta property=\"article:published_time\" content=\"2024-01-30T09:51:14+00:00\" \/>\n<meta property=\"article:modified_time\" content=\"2024-02-01T08:43:57+00:00\" \/>\n<meta property=\"og:image\" content=\"http:\/\/tt-bruchhausen.de\/Web\/wp-content\/uploads\/2024\/01\/D80E3393-51DD-435C-AC62-A12657B7F127-scaled.jpeg\" \/>\n\t<meta property=\"og:image:width\" content=\"1440\" \/>\n\t<meta property=\"og:image:height\" content=\"2560\" \/>\n\t<meta property=\"og:image:type\" content=\"image\/jpeg\" \/>\n<meta name=\"author\" content=\"MK\" \/>\n<meta name=\"twitter:card\" content=\"summary_large_image\" \/>\n<meta name=\"twitter:label1\" content=\"Verfasst von\" \/>\n\t<meta name=\"twitter:data1\" content=\"MK\" \/>\n\t<meta name=\"twitter:label2\" content=\"Gesch\u00e4tzte Lesezeit\" \/>\n\t<meta name=\"twitter:data2\" content=\"1\u00a0Minute\" \/>\n<script type=\"application\/ld+json\" class=\"yoast-schema-graph\">{\"@context\":\"https:\\\/\\\/schema.org\",\"@graph\":[{\"@type\":\"Article\",\"@id\":\"http:\\\/\\\/tt-bruchhausen.de\\\/Web\\\/tus-minis-beim-ortsentscheid-im-einsatz\\\/#article\",\"isPartOf\":{\"@id\":\"http:\\\/\\\/tt-bruchhausen.de\\\/Web\\\/tus-minis-beim-ortsentscheid-im-einsatz\\\/\"},\"author\":{\"name\":\"MK\",\"@id\":\"http:\\\/\\\/tt-bruchhausen.de\\\/Web\\\/#\\\/schema\\\/person\\\/8c5d35e003f430988a311361f303e3e2\"},\"headline\":\"TuS-Minis beim Ortsentscheid im Einsatz\",\"datePublished\":\"2024-01-30T09:51:14+00:00\",\"dateModified\":\"2024-02-01T08:43:57+00:00\",\"mainEntityOfPage\":{\"@id\":\"http:\\\/\\\/tt-bruchhausen.de\\\/Web\\\/tus-minis-beim-ortsentscheid-im-einsatz\\\/\"},\"wordCount\":181,\"commentCount\":1,\"image\":{\"@id\":\"http:\\\/\\\/tt-bruchhausen.de\\\/Web\\\/tus-minis-beim-ortsentscheid-im-einsatz\\\/#primaryimage\"},\"thumbnailUrl\":\"http:\\\/\\\/tt-bruchhausen.de\\\/Web\\\/wp-content\\\/uploads\\\/2024\\\/01\\\/D80E3393-51DD-435C-AC62-A12657B7F127-scaled.jpeg\",\"articleSection\":[\"Nachwuchs\",\"Turniere\"],\"inLanguage\":\"de\",\"potentialAction\":[{\"@type\":\"CommentAction\",\"name\":\"Comment\",\"target\":[\"http:\\\/\\\/tt-bruchhausen.de\\\/Web\\\/tus-minis-beim-ortsentscheid-im-einsatz\\\/#respond\"]}]},{\"@type\":\"WebPage\",\"@id\":\"http:\\\/\\\/tt-bruchhausen.de\\\/Web\\\/tus-minis-beim-ortsentscheid-im-einsatz\\\/\",\"url\":\"http:\\\/\\\/tt-bruchhausen.de\\\/Web\\\/tus-minis-beim-ortsentscheid-im-einsatz\\\/\",\"name\":\"TuS-Minis beim Ortsentscheid im Einsatz - TuS Bruchhausen 02 - TT Abteilung\",\"isPartOf\":{\"@id\":\"http:\\\/\\\/tt-bruchhausen.de\\\/Web\\\/#website\"},\"primaryImageOfPage\":{\"@id\":\"http:\\\/\\\/tt-bruchhausen.de\\\/Web\\\/tus-minis-beim-ortsentscheid-im-einsatz\\\/#primaryimage\"},\"image\":{\"@id\":\"http:\\\/\\\/tt-bruchhausen.de\\\/Web\\\/tus-minis-beim-ortsentscheid-im-einsatz\\\/#primaryimage\"},\"thumbnailUrl\":\"http:\\\/\\\/tt-bruchhausen.de\\\/Web\\\/wp-content\\\/uploads\\\/2024\\\/01\\\/D80E3393-51DD-435C-AC62-A12657B7F127-scaled.jpeg\",\"datePublished\":\"2024-01-30T09:51:14+00:00\",\"dateModified\":\"2024-02-01T08:43:57+00:00\",\"author\":{\"@id\":\"http:\\\/\\\/tt-bruchhausen.de\\\/Web\\\/#\\\/schema\\\/person\\\/8c5d35e003f430988a311361f303e3e2\"},\"breadcrumb\":{\"@id\":\"http:\\\/\\\/tt-bruchhausen.de\\\/Web\\\/tus-minis-beim-ortsentscheid-im-einsatz\\\/#breadcrumb\"},\"inLanguage\":\"de\",\"potentialAction\":[{\"@type\":\"ReadAction\",\"target\":[\"http:\\\/\\\/tt-bruchhausen.de\\\/Web\\\/tus-minis-beim-ortsentscheid-im-einsatz\\\/\"]}]},{\"@type\":\"ImageObject\",\"inLanguage\":\"de\",\"@id\":\"http:\\\/\\\/tt-bruchhausen.de\\\/Web\\\/tus-minis-beim-ortsentscheid-im-einsatz\\\/#primaryimage\",\"url\":\"http:\\\/\\\/tt-bruchhausen.de\\\/Web\\\/wp-content\\\/uploads\\\/2024\\\/01\\\/D80E3393-51DD-435C-AC62-A12657B7F127-scaled.jpeg\",\"contentUrl\":\"http:\\\/\\\/tt-bruchhausen.de\\\/Web\\\/wp-content\\\/uploads\\\/2024\\\/01\\\/D80E3393-51DD-435C-AC62-A12657B7F127-scaled.jpeg\",\"width\":1440,\"height\":2560},{\"@type\":\"BreadcrumbList\",\"@id\":\"http:\\\/\\\/tt-bruchhausen.de\\\/Web\\\/tus-minis-beim-ortsentscheid-im-einsatz\\\/#breadcrumb\",\"itemListElement\":[{\"@type\":\"ListItem\",\"position\":1,\"name\":\"Start\",\"item\":\"http:\\\/\\\/tt-bruchhausen.de\\\/Web\\\/\"},{\"@type\":\"ListItem\",\"position\":2,\"name\":\"TuS-Minis beim Ortsentscheid im Einsatz\"}]},{\"@type\":\"WebSite\",\"@id\":\"http:\\\/\\\/tt-bruchhausen.de\\\/Web\\\/#website\",\"url\":\"http:\\\/\\\/tt-bruchhausen.de\\\/Web\\\/\",\"name\":\"TuS Bruchhausen 02 - TT Abteilung\",\"description\":\"Tischtennis im Entondorf\",\"potentialAction\":[{\"@type\":\"SearchAction\",\"target\":{\"@type\":\"EntryPoint\",\"urlTemplate\":\"http:\\\/\\\/tt-bruchhausen.de\\\/Web\\\/?s={search_term_string}\"},\"query-input\":{\"@type\":\"PropertyValueSpecification\",\"valueRequired\":true,\"valueName\":\"search_term_string\"}}],\"inLanguage\":\"de\"},{\"@type\":\"Person\",\"@id\":\"http:\\\/\\\/tt-bruchhausen.de\\\/Web\\\/#\\\/schema\\\/person\\\/8c5d35e003f430988a311361f303e3e2\",\"name\":\"MK\",\"image\":{\"@type\":\"ImageObject\",\"inLanguage\":\"de\",\"@id\":\"https:\\\/\\\/secure.gravatar.com\\\/avatar\\\/b08fdd492f94f070b6fff67dfa1643dae8c7e60b0708012bd8990eddba27596c?s=96&d=mm&r=g\",\"url\":\"https:\\\/\\\/secure.gravatar.com\\\/avatar\\\/b08fdd492f94f070b6fff67dfa1643dae8c7e60b0708012bd8990eddba27596c?s=96&d=mm&r=g\",\"contentUrl\":\"https:\\\/\\\/secure.gravatar.com\\\/avatar\\\/b08fdd492f94f070b6fff67dfa1643dae8c7e60b0708012bd8990eddba27596c?s=96&d=mm&r=g\",\"caption\":\"MK\"},\"sameAs\":[\"http:\\\/\\\/tt-bruchhausen.de\"],\"url\":\"http:\\\/\\\/tt-bruchhausen.de\\\/Web\\\/author\\\/mk\\\/\"}]}<\/script>\n<!-- \/ Yoast SEO plugin. -->","yoast_head_json":{"title":"TuS-Minis beim Ortsentscheid im Einsatz - TuS Bruchhausen 02 - TT Abteilung","robots":{"index":"index","follow":"follow","max-snippet":"max-snippet:-1","max-image-preview":"max-image-preview:large","max-video-preview":"max-video-preview:-1"},"canonical":"http:\/\/tt-bruchhausen.de\/Web\/tus-minis-beim-ortsentscheid-im-einsatz\/","og_locale":"de_DE","og_type":"article","og_title":"TuS-Minis beim Ortsentscheid im Einsatz - TuS Bruchhausen 02 - TT Abteilung","og_description":"Am Wochenende richtete die TTV Neheim-H\u00fcsten den Ortsentscheid der Mini-Meisterschaften aus. Mit Leonie Sperle (M\u00e4dchen AK 1), Felix Mertens (Jungen AK 1), Niko Mertens, Leo [...]","og_url":"http:\/\/tt-bruchhausen.de\/Web\/tus-minis-beim-ortsentscheid-im-einsatz\/","og_site_name":"TuS Bruchhausen 02 - TT Abteilung","article_published_time":"2024-01-30T09:51:14+00:00","article_modified_time":"2024-02-01T08:43:57+00:00","og_image":[{"width":1440,"height":2560,"url":"http:\/\/tt-bruchhausen.de\/Web\/wp-content\/uploads\/2024\/01\/D80E3393-51DD-435C-AC62-A12657B7F127-scaled.jpeg","type":"image\/jpeg"}],"author":"MK","twitter_card":"summary_large_image","twitter_misc":{"Verfasst von":"MK","Gesch\u00e4tzte Lesezeit":"1\u00a0Minute"},"schema":{"@context":"https:\/\/schema.org","@graph":[{"@type":"Article","@id":"http:\/\/tt-bruchhausen.de\/Web\/tus-minis-beim-ortsentscheid-im-einsatz\/#article","isPartOf":{"@id":"http:\/\/tt-bruchhausen.de\/Web\/tus-minis-beim-ortsentscheid-im-einsatz\/"},"author":{"name":"MK","@id":"http:\/\/tt-bruchhausen.de\/Web\/#\/schema\/person\/8c5d35e003f430988a311361f303e3e2"},"headline":"TuS-Minis beim Ortsentscheid im Einsatz","datePublished":"2024-01-30T09:51:14+00:00","dateModified":"2024-02-01T08:43:57+00:00","mainEntityOfPage":{"@id":"http:\/\/tt-bruchhausen.de\/Web\/tus-minis-beim-ortsentscheid-im-einsatz\/"},"wordCount":181,"commentCount":1,"image":{"@id":"http:\/\/tt-bruchhausen.de\/Web\/tus-minis-beim-ortsentscheid-im-einsatz\/#primaryimage"},"thumbnailUrl":"http:\/\/tt-bruchhausen.de\/Web\/wp-content\/uploads\/2024\/01\/D80E3393-51DD-435C-AC62-A12657B7F127-scaled.jpeg","articleSection":["Nachwuchs","Turniere"],"inLanguage":"de","potentialAction":[{"@type":"CommentAction","name":"Comment","target":["http:\/\/tt-bruchhausen.de\/Web\/tus-minis-beim-ortsentscheid-im-einsatz\/#respond"]}]},{"@type":"WebPage","@id":"http:\/\/tt-bruchhausen.de\/Web\/tus-minis-beim-ortsentscheid-im-einsatz\/","url":"http:\/\/tt-bruchhausen.de\/Web\/tus-minis-beim-ortsentscheid-im-einsatz\/","name":"TuS-Minis beim Ortsentscheid im Einsatz - TuS Bruchhausen 02 - TT Abteilung","isPartOf":{"@id":"http:\/\/tt-bruchhausen.de\/Web\/#website"},"primaryImageOfPage":{"@id":"http:\/\/tt-bruchhausen.de\/Web\/tus-minis-beim-ortsentscheid-im-einsatz\/#primaryimage"},"image":{"@id":"http:\/\/tt-bruchhausen.de\/Web\/tus-minis-beim-ortsentscheid-im-einsatz\/#primaryimage"},"thumbnailUrl":"http:\/\/tt-bruchhausen.de\/Web\/wp-content\/uploads\/2024\/01\/D80E3393-51DD-435C-AC62-A12657B7F127-scaled.jpeg","datePublished":"2024-01-30T09:51:14+00:00","dateModified":"2024-02-01T08:43:57+00:00","author":{"@id":"http:\/\/tt-bruchhausen.de\/Web\/#\/schema\/person\/8c5d35e003f430988a311361f303e3e2"},"breadcrumb":{"@id":"http:\/\/tt-bruchhausen.de\/Web\/tus-minis-beim-ortsentscheid-im-einsatz\/#breadcrumb"},"inLanguage":"de","potentialAction":[{"@type":"ReadAction","target":["http:\/\/tt-bruchhausen.de\/Web\/tus-minis-beim-ortsentscheid-im-einsatz\/"]}]},{"@type":"ImageObject","inLanguage":"de","@id":"http:\/\/tt-bruchhausen.de\/Web\/tus-minis-beim-ortsentscheid-im-einsatz\/#primaryimage","url":"http:\/\/tt-bruchhausen.de\/Web\/wp-content\/uploads\/2024\/01\/D80E3393-51DD-435C-AC62-A12657B7F127-scaled.jpeg","contentUrl":"http:\/\/tt-bruchhausen.de\/Web\/wp-content\/uploads\/2024\/01\/D80E3393-51DD-435C-AC62-A12657B7F127-scaled.jpeg","width":1440,"height":2560},{"@type":"BreadcrumbList","@id":"http:\/\/tt-bruchhausen.de\/Web\/tus-minis-beim-ortsentscheid-im-einsatz\/#breadcrumb","itemListElement":[{"@type":"ListItem","position":1,"name":"Start","item":"http:\/\/tt-bruchhausen.de\/Web\/"},{"@type":"ListItem","position":2,"name":"TuS-Minis beim Ortsentscheid im Einsatz"}]},{"@type":"WebSite","@id":"http:\/\/tt-bruchhausen.de\/Web\/#website","url":"http:\/\/tt-bruchhausen.de\/Web\/","name":"TuS Bruchhausen 02 - TT Abteilung","description":"Tischtennis im Entondorf","potentialAction":[{"@type":"SearchAction","target":{"@type":"EntryPoint","urlTemplate":"http:\/\/tt-bruchhausen.de\/Web\/?s={search_term_string}"},"query-input":{"@type":"PropertyValueSpecification","valueRequired":true,"valueName":"search_term_string"}}],"inLanguage":"de"},{"@type":"Person","@id":"http:\/\/tt-bruchhausen.de\/Web\/#\/schema\/person\/8c5d35e003f430988a311361f303e3e2","name":"MK","image":{"@type":"ImageObject","inLanguage":"de","@id":"https:\/\/secure.gravatar.com\/avatar\/b08fdd492f94f070b6fff67dfa1643dae8c7e60b0708012bd8990eddba27596c?s=96&d=mm&r=g","url":"https:\/\/secure.gravatar.com\/avatar\/b08fdd492f94f070b6fff67dfa1643dae8c7e60b0708012bd8990eddba27596c?s=96&d=mm&r=g","contentUrl":"https:\/\/secure.gravatar.com\/avatar\/b08fdd492f94f070b6fff67dfa1643dae8c7e60b0708012bd8990eddba27596c?s=96&d=mm&r=g","caption":"MK"},"sameAs":["http:\/\/tt-bruchhausen.de"],"url":"http:\/\/tt-bruchhausen.de\/Web\/author\/mk\/"}]}},"_links":{"self":[{"href":"http:\/\/tt-bruchhausen.de\/Web\/wp-json\/wp\/v2\/posts\/6924","targetHints":{"allow":["GET"]}}],"collection":[{"href":"http:\/\/tt-bruchhausen.de\/Web\/wp-json\/wp\/v2\/posts"}],"about":[{"href":"http:\/\/tt-bruchhausen.de\/Web\/wp-json\/wp\/v2\/types\/post"}],"author":[{"embeddable":true,"href":"http:\/\/tt-bruchhausen.de\/Web\/wp-json\/wp\/v2\/users\/7"}],"replies":[{"embeddable":true,"href":"http:\/\/tt-bruchhausen.de\/Web\/wp-json\/wp\/v2\/comments?post=6924"}],"version-history":[{"count":6,"href":"http:\/\/tt-bruchhausen.de\/Web\/wp-json\/wp\/v2\/posts\/6924\/revisions"}],"predecessor-version":[{"id":6935,"href":"http:\/\/tt-bruchhausen.de\/Web\/wp-json\/wp\/v2\/posts\/6924\/revisions\/6935"}],"wp:featuredmedia":[{"embeddable":true,"href":"http:\/\/tt-bruchhausen.de\/Web\/wp-json\/wp\/v2\/media\/6929"}],"wp:attachment":[{"href":"http:\/\/tt-bruchhausen.de\/Web\/wp-json\/wp\/v2\/media?parent=6924"}],"wp:term":[{"taxonomy":"category","embeddable":true,"href":"http:\/\/tt-bruchhausen.de\/Web\/wp-json\/wp\/v2\/categories?post=6924"},{"taxonomy":"post_tag","embeddable":true,"href":"http:\/\/tt-bruchhausen.de\/Web\/wp-json\/wp\/v2\/tags?post=6924"}],"curies":[{"name":"wp","href":"https:\/\/api.w.org\/{rel}","templated":true}]}}