{"id":6803,"date":"2023-11-12T12:45:26","date_gmt":"2023-11-12T10:45:26","guid":{"rendered":"http:\/\/tt-bruchhausen.de\/Web\/?p=6803"},"modified":"2023-11-12T12:51:26","modified_gmt":"2023-11-12T10:51:26","slug":"zweite-in-werl-mit-naechster-niederlage-trotz-starker-leistung","status":"publish","type":"post","link":"http:\/\/tt-bruchhausen.de\/Web\/zweite-in-werl-mit-naechster-niederlage-trotz-starker-leistung\/","title":{"rendered":"ZWEITE in Werl mit n\u00e4chster Niederlage trotz starker Leistung"},"content":{"rendered":"<p>Die gestrige &#8222;Klatsche&#8220; in Kamen galt es zu vergessen und zu alter Form zu finden.<\/p>\n<p>Soviel direkt zu Beginn &#8222;dies gelang mit sehr guten Leistungen und gro\u00dfem Kampf.<\/p>\n<p>Am Ende stand eine 5:9 Niederlage und dennoch konnte die Zweitvertretung mit gehobenen H\u00e4uptern die Halle in Werl verlassen.<\/p>\n<hr \/>\n<p>Melina K\u00f6sling vertrat den Verletzten Dieter Volpert und sie durfte sich abermals in Doppel 1 an der Seite von Christian Maczioszek beweisen. Ein klares 0:3 zeugt von der \u00dcberlegenheit des Gegnerdoppels. Auch das neuformierte Doppel 3 Janik van Bargen\/Christian Schreiner machte es Ihnen nach &#8211; ebenfalls 0:3. Eine gute Vorstellung gegen das topgesetzte Doppel der Werler (K\u00fchl\/Heickmann) zeigten unser Doppel 2 an diesem Tag. Sebastian Leben (er musste abermals bei der Ersten am Abend aushelfen und konnte daher nicht in Doppel 1 spielen) und Robert Dickner gewannen nach 5 hart umgekrempelten S\u00e4tzen mit 3:2 und so stand es nach den Doppeln 1:2 aus Sicht des TuS.<\/p>\n<p>Im oberen Paarkreuz zeigte Sebastian wieder seine gute Form und verwies Felix Teiner deutlich mit 3:0 in die Schranken.<\/p>\n<p><img decoding=\"async\" class=\"alignnone size-full wp-image-4213\" src=\"http:\/\/tt-bruchhausen.de\/Web\/wp-content\/uploads\/2018\/03\/sebastian_einzeL_cappel.jpg\" alt=\"\" width=\"640\" height=\"551\" srcset=\"http:\/\/tt-bruchhausen.de\/Web\/wp-content\/uploads\/2018\/03\/sebastian_einzeL_cappel-300x258.jpg 300w, http:\/\/tt-bruchhausen.de\/Web\/wp-content\/uploads\/2018\/03\/sebastian_einzeL_cappel.jpg 640w\" sizes=\"(max-width: 640px) 100vw, 640px\" \/><\/p>\n<p>Nun war es an Christian Maczioszek den TuS ggf. sogar in F\u00fchrung zu bringen. Ein abermals sehr guter 1. Satz sollte am Ende gegen Marcel k\u00fchl nicht reichen und so verlor er 1:3.<\/p>\n<p><img decoding=\"async\" class=\"alignnone size-full wp-image-4728\" src=\"http:\/\/tt-bruchhausen.de\/Web\/wp-content\/uploads\/2019\/01\/pokal_suttrop_macioszek_altmeyer.jpg\" alt=\"\" width=\"640\" height=\"497\" srcset=\"http:\/\/tt-bruchhausen.de\/Web\/wp-content\/uploads\/2019\/01\/pokal_suttrop_macioszek_altmeyer-300x233.jpg 300w, http:\/\/tt-bruchhausen.de\/Web\/wp-content\/uploads\/2019\/01\/pokal_suttrop_macioszek_altmeyer.jpg 640w\" sizes=\"(max-width: 640px) 100vw, 640px\" \/><\/p>\n<p>In der Mitte verlor Janik im Ergebnis deutlich mit 0:3, zeigte allerdings ansteigende Form und in jedem Satz musste er F\u00fchrungen aus der Hand geben. Zu einem echten Fight der &#8222;Oldies&#8220; kam es zwischen dem &#8222;Ur-Oldie Gerhard Kleineberg&#8220; aus Werl und unserem gestrigen TuS-Oldie Robert Dickner.<\/p>\n<p>Hin und her ging es in diesem Spiel; nach gewonnenem ersten Satz stellte der Werler etwas um, so dass Robert Schwierigkeiten bekam. Folgerichtig verlor er Satz 2 &amp;3. In Satz sah es schon wie eine Niederlage aus, aber Robert machte einen 4:8 R\u00fcckstnd weg und kam durch gro\u00dfen Kampf in den F\u00dcNFTEN. Hier ging es bis zum 9:8 immer hin und her und erst nachdem auch ein Hechtsprung von Robert nicht mehr ausreichte um einen Angriffsball vom Werler Oldie zu erreichen &#8211; siegte dieser mit 11:8.<\/p>\n<p>Mit einem R\u00fcckstand von 2:5 mussten Christian Schreiner und Melina K\u00f6sling an die Platten. Christian lieferte sich ein hochspannendes Match gegen Christoph Heickmann. Einen &#8211; nach dem Spielverlauf &#8211; unn\u00f6tigen Verlust des ersten Satzes, folgte ein souver\u00e4ner Satz 2. Satz 3 ging an den Werler, nachdem er von seinen Mannschaftskollegen mit etlichen Ratschl\u00e4gen ausgestattet wurde. In Satz 4 wurden die Angriffsb\u00e4lle von Christian wieder besser und er gewann diesen &#8211; Satz 5 folgte. 11:6 entschied Christian diesen Satz f\u00fcr sich und stellte somit auf 3:5. Ein sichtlich frustrierter Gegner zerst\u00f6rte seinen Schl\u00e4ger und war im Anschluss sichtlich besch\u00e4mt von seinem Verhalten. Melina K\u00f6sling spielte gegen Klaus Stehr von Anfang an hochkonzentriert und gewann durch ihre starke Leistung die S\u00e4tze 1 und 2. in Satz 3 sah sie schon wie die sichere Siegerin aus, verspielte eine Mehrpunktef\u00fchrung und so stand es auf einmal 9:10 f\u00fcr Klaus Stehr. Nun folgte eine Werler Auszeit zur \u00dcberraschung von Melina. Nach Wiederaufnahme des Spiels machte sie noch 3 Punkte und siegte somit 3:0.<\/p>\n<p>Im oberen Paarkreuz musste Sebastian wieder ran &#8211; zwei souver\u00e4ne S\u00e4tze gegen Marcel K\u00fchl (die beiden kennen sich auch schon aus diversen Trainingsspielen) und es sah gut aus f\u00fcr den 5:5 Ausgleich. So schnell sollte es aber dann doch nicht dazu kommen. Marcel k\u00e4mpfte sich zur\u00fcck und Sebastian verlor &#8211; auch weil er etwas zu passiv agierte &#8211; die n\u00e4chsten beiden S\u00e4tze. Schon wieder ein f\u00fcnfter Satz und diesmal wieder f\u00fcr den TuS!. Sebastian egalisierte einen 3 Punkte R\u00fcckstand zu Beginn des Satzes und gewann letztendlich hauchd\u00fcnn mit 11:9 und jubelte Laut \u00fcber diesen wichtigen Sieg.<\/p>\n<p>Der Rest des sp\u00e4ten Nachmittags ist ergebnistechnisch leider schnell erz\u00e4hlt. Matze sowie auch Robert verloren jeweils 1:3 spielten gut, aber leider nicht gut genug f\u00fcr Ihre jeweiligen Gegner.<\/p>\n<p>Mit 5:7 musste erneut Janik ran.<\/p>\n<p>Das Abwehr- und Materialspiel vom Werler Oldie Gerhard Kleineberg lag im zun\u00e4chst gar nicht. Janik biss sich aber in die Partie und konnte zumindest Satz 3 bis in die Verl\u00e4ngerung zwingen. Am Ende stand dann dennoch eine 0:3 Niederlage verbunden mit einem Lob seines Gegen\u00fcbers.<\/p>\n<p>Christian Schreiner wollte es Melina gegen Klaus Stehr nachmachen; dies gelang ihm nicht und er verlor am Ende deutlich mit 0:3.<\/p>\n<p>Und so stand am Ende abermals eine 5:9 Niederlage f\u00fcr die Zweitvertretung. Die Leistung gibt aber Mut f\u00fcr die verbleibenden Spiele in der Hinrunde und vor allem, dass sich der gestrigen Abend in Kamen nicht nochmals wiederholt.<\/p>\n<p>Weiter geht es am kommenden Freitag in der heimischen Halle gegen Bergkamen-R\u00fcnthe einem weiteren schweren Brocken in dieser Liga.<\/p>\n<hr \/>\n<div class=\"panel-body\">\n<div class=\"row\">\n<div class=\"col-xs-12 col-md-12\">\n<div class=\"well m-b-0 pt-0\">\n<h4 class=\"m-t-0\">Bezirk Westfalen-Mitte 2023\/24 \u2013 Herren Bezirksoberliga<\/h4>\n<h5 class=\"green\">TTC turflon Werl : TuS Bruchhausen II<\/h5>\n<h6 class=\"m-b-0\">Samstag, 11.11.23 15:00 Uhr<\/h6>\n<\/div>\n<\/div>\n<\/div>\n<\/div>\n<table class=\"hidden-xs table table-mytt table-striped table-mini table-game-report\" style=\"height: 751px;\" width=\"935\">\n<thead>\n<tr>\n<th class=\"hidden-md\"><\/th>\n<th class=\"hidden-lg hidden-md\"><\/th>\n<th title=\"TTC turflon Werl\">Heim<\/th>\n<th class=\"hidden-lg hidden-md\"><\/th>\n<th title=\"TuS Bruchhausen II\">Gast<\/th>\n<th class=\"text-center\">S1<\/th>\n<th class=\"text-center\">S2<\/th>\n<th class=\"text-center\">S3<\/th>\n<th class=\"text-center\">S4<\/th>\n<th class=\"text-center\">S5<\/th>\n<th>S\u00e4tze<\/th>\n<th><span class=\"hidden-md\">Gesamt<\/span><\/th>\n<\/tr>\n<\/thead>\n<tbody>\n<tr>\n<td class=\"match-name hidden-md\">D1-D2<\/td>\n<td class=\"victory hidden-md hidden-lg\"><\/td>\n<td class=\"players\"><a tabindex=\"0\" title=\"\" role=\"button\" href=\"https:\/\/www.mytischtennis.de\/clicktt\/#\" data-bind=\"playerPopover: { personId: 'NU247986', clubNr: '52605' }\" data-original-title=\"\" data-auto-event-observed=\"true\">K\u00fchl, Marcel\u00a0<\/a>\/<br \/>\n<a tabindex=\"0\" title=\"\" role=\"button\" href=\"https:\/\/www.mytischtennis.de\/clicktt\/#\" data-bind=\"playerPopover: { personId: 'NU1073407', clubNr: '52605' }\" data-original-title=\"\" data-auto-event-observed=\"true\">Heickmann, Christoph<\/a><\/td>\n<td class=\"victory hidden-md hidden-lg\"><\/td>\n<td class=\"players\"><a tabindex=\"0\" title=\"\" role=\"button\" href=\"https:\/\/www.mytischtennis.de\/clicktt\/#\" data-bind=\"playerPopover: { personId: 'NU463864', clubNr: '52509' }\" data-original-title=\"\" data-auto-event-observed=\"true\">Leben, Sebastian\u00a0<\/a>\/<br \/>\n<a tabindex=\"0\" title=\"\" role=\"button\" href=\"https:\/\/www.mytischtennis.de\/clicktt\/#\" data-bind=\"playerPopover: { personId: 'NU216686', clubNr: '52509' }\" data-original-title=\"\" data-auto-event-observed=\"true\">Dickner, Robert<\/a><\/td>\n<td class=\"balls \">11:5<\/td>\n<td class=\"balls \">7:11<\/td>\n<td class=\"balls in-deuce\">12:14<\/td>\n<td class=\"balls in-deuce\">15:13<\/td>\n<td class=\"balls in-deuce\">10:12<\/td>\n<td class=\"text-center\">2:3<\/td>\n<td class=\"text-center\">0:1<\/td>\n<\/tr>\n<tr>\n<td class=\"match-name hidden-md\">D2-D1<\/td>\n<td class=\"victory hidden-md hidden-lg\"><\/td>\n<td class=\"players\"><a tabindex=\"0\" title=\"\" role=\"button\" href=\"https:\/\/www.mytischtennis.de\/clicktt\/#\" data-bind=\"playerPopover: { personId: 'NU1254185', clubNr: '52605' }\" data-original-title=\"\" data-auto-event-observed=\"true\">Teiner, Felix\u00a0<\/a>\/<br \/>\n<a tabindex=\"0\" title=\"\" role=\"button\" href=\"https:\/\/www.mytischtennis.de\/clicktt\/#\" data-bind=\"playerPopover: { personId: 'NU424468', clubNr: '52605' }\" data-original-title=\"\" data-auto-event-observed=\"true\">Kleineberg, Gerhard<\/a><\/td>\n<td class=\"victory hidden-md hidden-lg\"><\/td>\n<td class=\"players\"><a tabindex=\"0\" title=\"\" role=\"button\" href=\"https:\/\/www.mytischtennis.de\/clicktt\/#\" data-bind=\"playerPopover: { personId: 'NU424904', clubNr: '52509' }\" data-original-title=\"\" data-auto-event-observed=\"true\">Macioszek, Christian\u00a0<\/a>\/<br \/>\n<a tabindex=\"0\" title=\"\" role=\"button\" href=\"https:\/\/www.mytischtennis.de\/clicktt\/#\" data-bind=\"playerPopover: { personId: 'NU1171201', clubNr: '52509' }\" data-original-title=\"\" data-auto-event-observed=\"true\">K\u00f6sling, Melina<\/a><\/td>\n<td class=\"balls \">11:3<\/td>\n<td class=\"balls in-deuce\">13:11<\/td>\n<td class=\"balls \">11:7<\/td>\n<td class=\"balls balls-empty\"><\/td>\n<td class=\"balls balls-empty\"><\/td>\n<td class=\"text-center\">3:0<\/td>\n<td class=\"text-center\">1:1<\/td>\n<\/tr>\n<tr>\n<td class=\"match-name hidden-md\">D3-D3<\/td>\n<td class=\"victory hidden-md hidden-lg\"><\/td>\n<td class=\"players\"><a tabindex=\"0\" title=\"\" role=\"button\" href=\"https:\/\/www.mytischtennis.de\/clicktt\/#\" data-bind=\"playerPopover: { personId: 'NU210305', clubNr: '52605' }\" data-original-title=\"\" data-auto-event-observed=\"true\">Willmund, Jan\u00a0<\/a>\/<br \/>\n<a tabindex=\"0\" title=\"\" role=\"button\" href=\"https:\/\/www.mytischtennis.de\/clicktt\/#\" data-bind=\"playerPopover: { personId: 'NU282961', clubNr: '52605' }\" data-original-title=\"\" data-auto-event-observed=\"true\">Stehr, Klemens<\/a><\/td>\n<td class=\"victory hidden-md hidden-lg\"><\/td>\n<td class=\"players\"><a tabindex=\"0\" title=\"\" role=\"button\" href=\"https:\/\/www.mytischtennis.de\/clicktt\/#\" data-bind=\"playerPopover: { personId: 'NU1498519', clubNr: '52509' }\" data-original-title=\"\" data-auto-event-observed=\"true\">van Bargen, Janik\u00a0<\/a>\/<br \/>\n<a tabindex=\"0\" title=\"\" role=\"button\" href=\"https:\/\/www.mytischtennis.de\/clicktt\/#\" data-bind=\"playerPopover: { personId: 'NU277285', clubNr: '52509' }\" data-original-title=\"\" data-auto-event-observed=\"true\">Schreiner, Christian<\/a><\/td>\n<td class=\"balls in-deuce\">16:14<\/td>\n<td class=\"balls \">11:7<\/td>\n<td class=\"balls \">11:6<\/td>\n<td class=\"balls balls-empty\"><\/td>\n<td class=\"balls balls-empty\"><\/td>\n<td class=\"text-center\">3:0<\/td>\n<td class=\"text-center\">2:1<\/td>\n<\/tr>\n<tr class=\"divider visible-xl\">\n<td colspan=\"12\"><\/td>\n<\/tr>\n<tr>\n<td class=\"match-name hidden-md\">1-2<\/td>\n<td class=\"victory hidden-md hidden-lg\"><\/td>\n<td class=\"players\"><a tabindex=\"0\" title=\"\" role=\"button\" href=\"https:\/\/www.mytischtennis.de\/clicktt\/#\" data-bind=\"playerPopover: { personId: 'NU247986', clubNr: '52605' }\" data-original-title=\"\" data-auto-event-observed=\"true\">K\u00fchl, Marcel<\/a><\/td>\n<td class=\"victory hidden-md hidden-lg\"><\/td>\n<td class=\"players\"><a tabindex=\"0\" title=\"\" role=\"button\" href=\"https:\/\/www.mytischtennis.de\/clicktt\/#\" data-bind=\"playerPopover: { personId: 'NU424904', clubNr: '52509' }\" data-original-title=\"\" data-auto-event-observed=\"true\">Macioszek, Christian<\/a><\/td>\n<td class=\"balls \">8:11<\/td>\n<td class=\"balls \">11:7<\/td>\n<td class=\"balls \">11:7<\/td>\n<td class=\"balls \">11:5<\/td>\n<td class=\"balls balls-empty\"><\/td>\n<td class=\"text-center\">3:1<\/td>\n<td class=\"text-center\">3:1<\/td>\n<\/tr>\n<tr>\n<td class=\"match-name hidden-md\">2-1<\/td>\n<td class=\"victory hidden-md hidden-lg\"><\/td>\n<td class=\"players\"><a tabindex=\"0\" title=\"\" role=\"button\" href=\"https:\/\/www.mytischtennis.de\/clicktt\/#\" data-bind=\"playerPopover: { personId: 'NU1254185', clubNr: '52605' }\" data-original-title=\"\" data-auto-event-observed=\"true\">Teiner, Felix<\/a><\/td>\n<td class=\"victory hidden-md hidden-lg\"><\/td>\n<td class=\"players\"><a tabindex=\"0\" title=\"\" role=\"button\" href=\"https:\/\/www.mytischtennis.de\/clicktt\/#\" data-bind=\"playerPopover: { personId: 'NU463864', clubNr: '52509' }\" data-original-title=\"\" data-auto-event-observed=\"true\">Leben, Sebastian<\/a><\/td>\n<td class=\"balls \">6:11<\/td>\n<td class=\"balls \">5:11<\/td>\n<td class=\"balls \">5:11<\/td>\n<td class=\"balls balls-empty\"><\/td>\n<td class=\"balls balls-empty\"><\/td>\n<td class=\"text-center\">0:3<\/td>\n<td class=\"text-center\">3:2<\/td>\n<\/tr>\n<tr>\n<td class=\"match-name hidden-md\">3-4<\/td>\n<td class=\"victory hidden-md hidden-lg\"><\/td>\n<td class=\"players\"><a tabindex=\"0\" title=\"\" role=\"button\" href=\"https:\/\/www.mytischtennis.de\/clicktt\/#\" data-bind=\"playerPopover: { personId: 'NU210305', clubNr: '52605' }\" data-original-title=\"\" data-auto-event-observed=\"true\">Willmund, Jan<\/a><\/td>\n<td class=\"victory hidden-md hidden-lg\"><\/td>\n<td class=\"players\"><a tabindex=\"0\" title=\"\" role=\"button\" href=\"https:\/\/www.mytischtennis.de\/clicktt\/#\" data-bind=\"playerPopover: { personId: 'NU1498519', clubNr: '52509' }\" data-original-title=\"\" data-auto-event-observed=\"true\">van Bargen, Janik<\/a><\/td>\n<td class=\"balls in-deuce\">12:10<\/td>\n<td class=\"balls \">11:9<\/td>\n<td class=\"balls \">11:8<\/td>\n<td class=\"balls balls-empty\"><\/td>\n<td class=\"balls balls-empty\"><\/td>\n<td class=\"text-center\">3:0<\/td>\n<td class=\"text-center\">4:2<\/td>\n<\/tr>\n<tr>\n<td class=\"match-name hidden-md\">4-3<\/td>\n<td class=\"victory hidden-md hidden-lg\"><\/td>\n<td class=\"players\"><a tabindex=\"0\" title=\"\" role=\"button\" href=\"https:\/\/www.mytischtennis.de\/clicktt\/#\" data-bind=\"playerPopover: { personId: 'NU424468', clubNr: '52605' }\" data-original-title=\"\" data-auto-event-observed=\"true\">Kleineberg, Gerhard<\/a><\/td>\n<td class=\"victory hidden-md hidden-lg\"><\/td>\n<td class=\"players\"><a tabindex=\"0\" title=\"\" role=\"button\" href=\"https:\/\/www.mytischtennis.de\/clicktt\/#\" data-bind=\"playerPopover: { personId: 'NU216686', clubNr: '52509' }\" data-original-title=\"\" data-auto-event-observed=\"true\">Dickner, Robert<\/a><\/td>\n<td class=\"balls \">5:11<\/td>\n<td class=\"balls \">11:9<\/td>\n<td class=\"balls \">11:5<\/td>\n<td class=\"balls \">9:11<\/td>\n<td class=\"balls \">11:8<\/td>\n<td class=\"text-center\">3:2<\/td>\n<td class=\"text-center\">5:2<\/td>\n<\/tr>\n<tr>\n<td class=\"match-name hidden-md\">5-6<\/td>\n<td class=\"victory hidden-md hidden-lg\"><\/td>\n<td class=\"players\"><a tabindex=\"0\" title=\"\" role=\"button\" href=\"https:\/\/www.mytischtennis.de\/clicktt\/#\" data-bind=\"playerPopover: { personId: 'NU282961', clubNr: '52605' }\" data-original-title=\"\" data-auto-event-observed=\"true\">Stehr, Klemens<\/a><\/td>\n<td class=\"victory hidden-md hidden-lg\"><\/td>\n<td class=\"players\"><a tabindex=\"0\" title=\"\" role=\"button\" href=\"https:\/\/www.mytischtennis.de\/clicktt\/#\" data-bind=\"playerPopover: { personId: 'NU1171201', clubNr: '52509' }\" data-original-title=\"\" data-auto-event-observed=\"true\">K\u00f6sling, Melina<\/a><\/td>\n<td class=\"balls \">6:11<\/td>\n<td class=\"balls in-deuce\">11:13<\/td>\n<td class=\"balls in-deuce\">10:12<\/td>\n<td class=\"balls balls-empty\"><\/td>\n<td class=\"balls balls-empty\"><\/td>\n<td class=\"text-center\">0:3<\/td>\n<td class=\"text-center\">5:3<\/td>\n<\/tr>\n<tr>\n<td class=\"match-name hidden-md\">6-5<\/td>\n<td class=\"victory hidden-md hidden-lg\"><\/td>\n<td class=\"players\"><a tabindex=\"0\" title=\"\" role=\"button\" href=\"https:\/\/www.mytischtennis.de\/clicktt\/#\" data-bind=\"playerPopover: { personId: 'NU1073407', clubNr: '52605' }\" data-original-title=\"\" data-auto-event-observed=\"true\">Heickmann, Christoph<\/a><\/td>\n<td class=\"victory hidden-md hidden-lg\"><\/td>\n<td class=\"players\"><a tabindex=\"0\" title=\"\" role=\"button\" href=\"https:\/\/www.mytischtennis.de\/clicktt\/#\" data-bind=\"playerPopover: { personId: 'NU277285', clubNr: '52509' }\" data-original-title=\"\" data-auto-event-observed=\"true\">Schreiner, Christian<\/a><\/td>\n<td class=\"balls in-deuce\">13:11<\/td>\n<td class=\"balls \">3:11<\/td>\n<td class=\"balls \">11:9<\/td>\n<td class=\"balls \">7:11<\/td>\n<td class=\"balls \">6:11<\/td>\n<td class=\"text-center\">2:3<\/td>\n<td class=\"text-center\">5:4<\/td>\n<\/tr>\n<tr>\n<td class=\"match-name hidden-md\">1-1<\/td>\n<td class=\"victory hidden-md hidden-lg\"><\/td>\n<td class=\"players\"><a tabindex=\"0\" title=\"\" role=\"button\" href=\"https:\/\/www.mytischtennis.de\/clicktt\/#\" data-bind=\"playerPopover: { personId: 'NU247986', clubNr: '52605' }\" data-original-title=\"\" data-auto-event-observed=\"true\">K\u00fchl, Marcel<\/a><\/td>\n<td class=\"victory hidden-md hidden-lg\"><\/td>\n<td class=\"players\"><a tabindex=\"0\" title=\"\" role=\"button\" href=\"https:\/\/www.mytischtennis.de\/clicktt\/#\" data-bind=\"playerPopover: { personId: 'NU463864', clubNr: '52509' }\" data-original-title=\"\" data-auto-event-observed=\"true\">Leben, Sebastian<\/a><\/td>\n<td class=\"balls \">6:11<\/td>\n<td class=\"balls \">4:11<\/td>\n<td class=\"balls \">11:6<\/td>\n<td class=\"balls \">11:9<\/td>\n<td class=\"balls \">9:11<\/td>\n<td class=\"text-center\">2:3<\/td>\n<td class=\"text-center\">5:5<\/td>\n<\/tr>\n<tr>\n<td class=\"match-name hidden-md\">2-2<\/td>\n<td class=\"victory hidden-md hidden-lg\"><\/td>\n<td class=\"players\"><a tabindex=\"0\" title=\"\" role=\"button\" href=\"https:\/\/www.mytischtennis.de\/clicktt\/#\" data-bind=\"playerPopover: { personId: 'NU1254185', clubNr: '52605' }\" data-original-title=\"\" data-auto-event-observed=\"true\">Teiner, Felix<\/a><\/td>\n<td class=\"victory hidden-md hidden-lg\"><\/td>\n<td class=\"players\"><a tabindex=\"0\" title=\"\" role=\"button\" href=\"https:\/\/www.mytischtennis.de\/clicktt\/#\" data-bind=\"playerPopover: { personId: 'NU424904', clubNr: '52509' }\" data-original-title=\"\" data-auto-event-observed=\"true\">Macioszek, Christian<\/a><\/td>\n<td class=\"balls in-deuce\">12:10<\/td>\n<td class=\"balls \">11:9<\/td>\n<td class=\"balls in-deuce\">11:13<\/td>\n<td class=\"balls \">11:8<\/td>\n<td class=\"balls balls-empty\"><\/td>\n<td class=\"text-center\">3:1<\/td>\n<td class=\"text-center\">6:5<\/td>\n<\/tr>\n<tr>\n<td class=\"match-name hidden-md\">3-3<\/td>\n<td class=\"victory hidden-md hidden-lg\"><\/td>\n<td class=\"players\"><a tabindex=\"0\" title=\"\" role=\"button\" href=\"https:\/\/www.mytischtennis.de\/clicktt\/#\" data-bind=\"playerPopover: { personId: 'NU210305', clubNr: '52605' }\" data-original-title=\"\" data-auto-event-observed=\"true\">Willmund, Jan<\/a><\/td>\n<td class=\"victory hidden-md hidden-lg\"><\/td>\n<td class=\"players\"><a tabindex=\"0\" title=\"\" role=\"button\" href=\"https:\/\/www.mytischtennis.de\/clicktt\/#\" data-bind=\"playerPopover: { personId: 'NU216686', clubNr: '52509' }\" data-original-title=\"\" data-auto-event-observed=\"true\">Dickner, Robert<\/a><\/td>\n<td class=\"balls \">4:11<\/td>\n<td class=\"balls \">11:5<\/td>\n<td class=\"balls in-deuce\">13:11<\/td>\n<td class=\"balls \">11:8<\/td>\n<td class=\"balls balls-empty\"><\/td>\n<td class=\"text-center\">3:1<\/td>\n<td class=\"text-center\">7:5<\/td>\n<\/tr>\n<tr>\n<td class=\"match-name hidden-md\">4-4<\/td>\n<td class=\"victory hidden-md hidden-lg\"><\/td>\n<td class=\"players\"><a tabindex=\"0\" title=\"\" role=\"button\" href=\"https:\/\/www.mytischtennis.de\/clicktt\/#\" data-bind=\"playerPopover: { personId: 'NU424468', clubNr: '52605' }\" data-original-title=\"\" data-auto-event-observed=\"true\">Kleineberg, Gerhard<\/a><\/td>\n<td class=\"victory hidden-md hidden-lg\"><\/td>\n<td class=\"players\"><a tabindex=\"0\" title=\"\" role=\"button\" href=\"https:\/\/www.mytischtennis.de\/clicktt\/#\" data-bind=\"playerPopover: { personId: 'NU1498519', clubNr: '52509' }\" data-original-title=\"\" data-auto-event-observed=\"true\">van Bargen, Janik<\/a><\/td>\n<td class=\"balls \">11:4<\/td>\n<td class=\"balls \">11:8<\/td>\n<td class=\"balls in-deuce\">13:11<\/td>\n<td class=\"balls balls-empty\"><\/td>\n<td class=\"balls balls-empty\"><\/td>\n<td class=\"text-center\">3:0<\/td>\n<td class=\"text-center\">8:5<\/td>\n<\/tr>\n<tr>\n<td class=\"match-name hidden-md\">5-5<\/td>\n<td class=\"victory hidden-md hidden-lg\"><\/td>\n<td class=\"players\"><a tabindex=\"0\" title=\"\" role=\"button\" href=\"https:\/\/www.mytischtennis.de\/clicktt\/#\" data-bind=\"playerPopover: { personId: 'NU282961', clubNr: '52605' }\" data-original-title=\"\" data-auto-event-observed=\"true\">Stehr, Klemens<\/a><\/td>\n<td class=\"victory hidden-md hidden-lg\"><\/td>\n<td class=\"players\"><a tabindex=\"0\" title=\"\" role=\"button\" href=\"https:\/\/www.mytischtennis.de\/clicktt\/#\" data-bind=\"playerPopover: { personId: 'NU277285', clubNr: '52509' }\" data-original-title=\"\" data-auto-event-observed=\"true\">Schreiner, Christian<\/a><\/td>\n<td class=\"balls in-deuce\">13:11<\/td>\n<td class=\"balls \">11:7<\/td>\n<td class=\"balls \">11:7<\/td>\n<td class=\"balls balls-empty\"><\/td>\n<td class=\"balls balls-empty\"><\/td>\n<td class=\"text-center\">3:0<\/td>\n<td class=\"text-center\">9:5<\/td>\n<\/tr>\n<tr>\n<td class=\"match-name hidden-md\">6-6<\/td>\n<td class=\"victory hidden-md hidden-lg\"><\/td>\n<td class=\"players\"><a tabindex=\"0\" title=\"\" role=\"button\" href=\"https:\/\/www.mytischtennis.de\/clicktt\/#\" data-bind=\"playerPopover: { personId: 'NU1073407', clubNr: '52605' }\" data-original-title=\"\" data-auto-event-observed=\"true\">Heickmann, Christoph<\/a><\/td>\n<td class=\"victory hidden-md hidden-lg\"><\/td>\n<td class=\"players\"><a tabindex=\"0\" title=\"\" role=\"button\" href=\"https:\/\/www.mytischtennis.de\/clicktt\/#\" data-bind=\"playerPopover: { personId: 'NU1171201', clubNr: '52509' }\" data-original-title=\"\" data-auto-event-observed=\"true\">K\u00f6sling, Melina<\/a><\/td>\n<td class=\"balls balls-empty\"><\/td>\n<td class=\"balls balls-empty\"><\/td>\n<td class=\"balls balls-empty\"><\/td>\n<td class=\"balls balls-empty\"><\/td>\n<td class=\"balls balls-empty\"><\/td>\n<td class=\"text-center\"><\/td>\n<td class=\"text-center\"><\/td>\n<\/tr>\n<tr class=\"divider visible-xl\">\n<td colspan=\"12\"><\/td>\n<\/tr>\n<tr>\n<td class=\"match-name hidden-md\">D1-D1<\/td>\n<td class=\"victory hidden-md hidden-lg\"><\/td>\n<td class=\"players\"><a tabindex=\"0\" title=\"\" role=\"button\" href=\"https:\/\/www.mytischtennis.de\/clicktt\/#\" data-bind=\"playerPopover: { personId: 'NU247986', clubNr: '52605' }\" data-original-title=\"\" data-auto-event-observed=\"true\">K\u00fchl, Marcel\u00a0<\/a>\/<br \/>\n<a tabindex=\"0\" title=\"\" role=\"button\" href=\"https:\/\/www.mytischtennis.de\/clicktt\/#\" data-bind=\"playerPopover: { personId: 'NU1073407', clubNr: '52605' }\" data-original-title=\"\" data-auto-event-observed=\"true\">Heickmann, Christoph<\/a><\/td>\n<td class=\"victory hidden-md hidden-lg\"><\/td>\n<td class=\"players\"><a tabindex=\"0\" title=\"\" role=\"button\" href=\"https:\/\/www.mytischtennis.de\/clicktt\/#\" data-bind=\"playerPopover: { personId: 'NU424904', clubNr: '52509' }\" data-original-title=\"\" data-auto-event-observed=\"true\">Macioszek, Christian\u00a0<\/a>\/<br \/>\n<a tabindex=\"0\" title=\"\" role=\"button\" href=\"https:\/\/www.mytischtennis.de\/clicktt\/#\" data-bind=\"playerPopover: { personId: 'NU1171201', clubNr: '52509' }\" data-original-title=\"\" data-auto-event-observed=\"true\">K\u00f6sling, Melina<\/a><\/td>\n<td class=\"balls balls-empty\"><\/td>\n<td class=\"balls balls-empty\"><\/td>\n<td class=\"balls balls-empty\"><\/td>\n<td class=\"balls balls-empty\"><\/td>\n<td class=\"balls balls-empty\"><\/td>\n<td class=\"text-center\"><\/td>\n<td class=\"text-center\"><\/td>\n<\/tr>\n<tr class=\"summary\">\n<td class=\"visible-xl visible-sm\" colspan=\"5\"><\/td>\n<td class=\"text-center\" colspan=\"5\">B\u00e4lle 528:497<\/td>\n<td class=\"text-center\">33:20<\/td>\n<td class=\"text-center\">9:5<\/td>\n<\/tr>\n<\/tbody>\n<\/table>\n<div class=\"panel-body\">\n<p>Spielbeginn: 15:00 Uhr \u2013 Spielende: 17:50 Uhr<\/p>\n<h3>Tabelle (gesamt)<\/h3>\n<table class=\"table table-mytt table-striped table-bordered table-mini-xs table-mini-sm table-mini-md\" style=\"height: 513px;\" width=\"931\">\n<thead>\n<tr>\n<th class=\"only-icon\"><\/th>\n<th class=\"visible-lg visible-xl text-center\">Rang<\/th>\n<th>Mannschaft<\/th>\n<th class=\"hidden-xs text-center\"><abbr title=\"Begegnungen\">Beg.<\/abbr><\/th>\n<th class=\"text-center\">S<\/th>\n<th class=\"text-center\">U<\/th>\n<th class=\"text-center\">N<\/th>\n<th class=\"hidden-xss text-center\">Spiele<\/th>\n<th class=\"hidden-xs hidden-md text-center\">+\/-<\/th>\n<th class=\"text-center\">Punkte<\/th>\n<\/tr>\n<\/thead>\n<tbody>\n<tr>\n<td class=\"only-icon text-center\"><\/td>\n<td class=\"visible-lg visible-xl text-center\">1<\/td>\n<td><a href=\"https:\/\/www.mytischtennis.de\/clicktt\/WTTV\/23-24\/ligen\/Herren-Bezirksoberliga\/gruppe\/436284\/mannschaft\/2690037\/TTF-Boenen-II\/spielerbilanzen\/vr\/\" data-auto-event-observed=\"true\">TTF B\u00f6nen II<\/a><\/td>\n<td class=\"hidden-xs text-center\">8<\/td>\n<td class=\"text-center\">8<\/td>\n<td class=\"text-center\">0<\/td>\n<td class=\"text-center\">0<\/td>\n<td class=\"hidden-xss text-center\"><a id=\"settooltip8CB7A5E2-1DB0-4295-8074B979F97244B2\" data-auto-event-observed=\"true\"><\/a>72:28<\/td>\n<td class=\"hidden-xs hidden-md text-center\">+44<\/td>\n<td class=\"text-center\">16:0<\/td>\n<\/tr>\n<tr>\n<td class=\"only-icon text-center\"><\/td>\n<td class=\"visible-lg visible-xl text-center\">2<\/td>\n<td><a href=\"https:\/\/www.mytischtennis.de\/clicktt\/WTTV\/23-24\/ligen\/Herren-Bezirksoberliga\/gruppe\/436284\/mannschaft\/2694117\/LTV-Lippstadt\/spielerbilanzen\/vr\/\" data-auto-event-observed=\"true\">LTV Lippstadt<\/a><\/td>\n<td class=\"hidden-xs text-center\">8<\/td>\n<td class=\"text-center\">7<\/td>\n<td class=\"text-center\">0<\/td>\n<td class=\"text-center\">1<\/td>\n<td class=\"hidden-xss text-center\"><a id=\"settooltipDA132881-4BC5-49D3-A74ABDA74D285D11\" data-auto-event-observed=\"true\"><\/a>69:32<\/td>\n<td class=\"hidden-xs hidden-md text-center\">+37<\/td>\n<td class=\"text-center\">14:2<\/td>\n<\/tr>\n<tr>\n<td class=\"only-icon text-center\"><\/td>\n<td class=\"visible-lg visible-xl text-center\">3<\/td>\n<td><a href=\"https:\/\/www.mytischtennis.de\/clicktt\/WTTV\/23-24\/ligen\/Herren-Bezirksoberliga\/gruppe\/436284\/mannschaft\/2690031\/TTC-turflon-Werl\/spielerbilanzen\/vr\/\" data-auto-event-observed=\"true\">TTC turflon Werl<\/a><\/td>\n<td class=\"hidden-xs text-center\">8<\/td>\n<td class=\"text-center\">5<\/td>\n<td class=\"text-center\">1<\/td>\n<td class=\"text-center\">2<\/td>\n<td class=\"hidden-xss text-center\"><a id=\"settooltip3059F23D-7A98-43E0-BC0194D3F9C643EB\" data-auto-event-observed=\"true\"><\/a>63:54<\/td>\n<td class=\"hidden-xs hidden-md text-center\">+9<\/td>\n<td class=\"text-center\">11:5<\/td>\n<\/tr>\n<tr>\n<td class=\"only-icon text-center\"><\/td>\n<td class=\"visible-lg visible-xl text-center\">4<\/td>\n<td><a href=\"https:\/\/www.mytischtennis.de\/clicktt\/WTTV\/23-24\/ligen\/Herren-Bezirksoberliga\/gruppe\/436284\/mannschaft\/2691524\/TTF-Boenen-III\/spielerbilanzen\/vr\/\" data-auto-event-observed=\"true\">TTF B\u00f6nen III<\/a><\/td>\n<td class=\"hidden-xs text-center\">7<\/td>\n<td class=\"text-center\">4<\/td>\n<td class=\"text-center\">0<\/td>\n<td class=\"text-center\">3<\/td>\n<td class=\"hidden-xss text-center\"><a id=\"settooltipE1AF02A1-E1BF-4CD8-9DD1013C97B7FB51\" data-auto-event-observed=\"true\"><\/a>49:44<\/td>\n<td class=\"hidden-xs hidden-md text-center\">+5<\/td>\n<td class=\"text-center\">8:6<\/td>\n<\/tr>\n<tr>\n<td class=\"only-icon text-center\"><\/td>\n<td class=\"visible-lg visible-xl text-center\">5<\/td>\n<td><a href=\"https:\/\/www.mytischtennis.de\/clicktt\/WTTV\/23-24\/ligen\/Herren-Bezirksoberliga\/gruppe\/436284\/mannschaft\/2693978\/TTC-Bergkamen-Ruenthe\/spielerbilanzen\/vr\/\" data-auto-event-observed=\"true\">TTC Bergkamen-R\u00fcnthe<\/a><\/td>\n<td class=\"hidden-xs text-center\">8<\/td>\n<td class=\"text-center\">4<\/td>\n<td class=\"text-center\">0<\/td>\n<td class=\"text-center\">4<\/td>\n<td class=\"hidden-xss text-center\"><a id=\"settooltip6707064D-1AFB-4927-8D7A5D47DE954919\" data-auto-event-observed=\"true\"><\/a>63:47<\/td>\n<td class=\"hidden-xs hidden-md text-center\">+16<\/td>\n<td class=\"text-center\">8:8<\/td>\n<\/tr>\n<tr>\n<td class=\"only-icon text-center\"><\/td>\n<td class=\"visible-lg visible-xl text-center\">6<\/td>\n<td><a href=\"https:\/\/www.mytischtennis.de\/clicktt\/WTTV\/23-24\/ligen\/Herren-Bezirksoberliga\/gruppe\/436284\/mannschaft\/2689755\/TV-Fredeburg\/spielerbilanzen\/vr\/\" data-auto-event-observed=\"true\">TV Fredeburg<\/a><\/td>\n<td class=\"hidden-xs text-center\">7<\/td>\n<td class=\"text-center\">3<\/td>\n<td class=\"text-center\">1<\/td>\n<td class=\"text-center\">3<\/td>\n<td class=\"hidden-xss text-center\"><a id=\"settooltip163C61FD-4670-41B7-8852F0BF34EFE705\" data-auto-event-observed=\"true\"><\/a>51:49<\/td>\n<td class=\"hidden-xs hidden-md text-center\">+2<\/td>\n<td class=\"text-center\">7:7<\/td>\n<\/tr>\n<tr>\n<td class=\"only-icon text-center\"><\/td>\n<td class=\"visible-lg visible-xl text-center\">7<\/td>\n<td><a href=\"https:\/\/www.mytischtennis.de\/clicktt\/WTTV\/23-24\/ligen\/Herren-Bezirksoberliga\/gruppe\/436284\/mannschaft\/2691502\/DJK-Germania-Kamen\/spielerbilanzen\/vr\/\" data-auto-event-observed=\"true\">DJK Germania Kamen<\/a><\/td>\n<td class=\"hidden-xs text-center\">8<\/td>\n<td class=\"text-center\">3<\/td>\n<td class=\"text-center\">1<\/td>\n<td class=\"text-center\">4<\/td>\n<td class=\"hidden-xss text-center\"><a id=\"settooltip640C150D-C637-4036-BBB6E53F4915A0B7\" data-auto-event-observed=\"true\"><\/a>52:48<\/td>\n<td class=\"hidden-xs hidden-md text-center\">+4<\/td>\n<td class=\"text-center\">7:9<\/td>\n<\/tr>\n<tr>\n<td class=\"only-icon text-center\"><\/td>\n<td class=\"visible-lg visible-xl text-center\"><span style=\"color: #ff0000;\">8<\/span><\/td>\n<td><a href=\"https:\/\/www.mytischtennis.de\/clicktt\/WTTV\/23-24\/ligen\/Herren-Bezirksoberliga\/gruppe\/436284\/mannschaft\/2692109\/TuS-Sundern\/spielerbilanzen\/vr\/\" data-auto-event-observed=\"true\">TuS Sundern<\/a><\/td>\n<td class=\"hidden-xs text-center\">6<\/td>\n<td class=\"text-center\">3<\/td>\n<td class=\"text-center\">0<\/td>\n<td class=\"text-center\">3<\/td>\n<td class=\"hidden-xss text-center\"><a id=\"settooltip86190E6B-2FE0-4F28-ADB64DA5727F41AD\" data-auto-event-observed=\"true\"><\/a>30:46<\/td>\n<td class=\"hidden-xs hidden-md text-center\">-16<\/td>\n<td class=\"text-center\">6:6<\/td>\n<\/tr>\n<tr>\n<td class=\"only-icon text-center\"><\/td>\n<td class=\"visible-lg visible-xl text-center\"><span style=\"color: #ff0000;\">9<\/span><\/td>\n<td><a href=\"https:\/\/www.mytischtennis.de\/clicktt\/WTTV\/23-24\/ligen\/Herren-Bezirksoberliga\/gruppe\/436284\/mannschaft\/2690819\/GSV-Froendenberg-III\/spielerbilanzen\/vr\/\" data-auto-event-observed=\"true\">GSV Fr\u00f6ndenberg III<\/a><\/td>\n<td class=\"hidden-xs text-center\">7<\/td>\n<td class=\"text-center\">2<\/td>\n<td class=\"text-center\">0<\/td>\n<td class=\"text-center\">5<\/td>\n<td class=\"hidden-xss text-center\"><a id=\"settooltipB5B8EE49-9F41-4953-83296561A5D10A40\" data-auto-event-observed=\"true\"><\/a>35:56<\/td>\n<td class=\"hidden-xs hidden-md text-center\">-21<\/td>\n<td class=\"text-center\">4:10<\/td>\n<\/tr>\n<tr>\n<td class=\"only-icon text-center\"><\/td>\n<td class=\"visible-lg visible-xl text-center\"><span style=\"color: #ff0000;\">10<\/span><\/td>\n<td><a href=\"https:\/\/www.mytischtennis.de\/clicktt\/WTTV\/23-24\/ligen\/Herren-Bezirksoberliga\/gruppe\/436284\/mannschaft\/2689959\/TuS-Uentrop\/spielerbilanzen\/vr\/\" data-auto-event-observed=\"true\">TuS Uentrop<\/a><\/td>\n<td class=\"hidden-xs text-center\">5<\/td>\n<td class=\"text-center\">1<\/td>\n<td class=\"text-center\">0<\/td>\n<td class=\"text-center\">4<\/td>\n<td class=\"hidden-xss text-center\"><a id=\"settooltip3DF4BB02-6FDE-4981-AC415808B1999F15\" data-auto-event-observed=\"true\"><\/a>18:38<\/td>\n<td class=\"hidden-xs hidden-md text-center\">-20<\/td>\n<td class=\"text-center\">2:8<\/td>\n<\/tr>\n<tr>\n<td class=\"only-icon text-center\"><\/td>\n<td class=\"visible-lg visible-xl text-center\"><span style=\"color: #ff0000;\">11<\/span><\/td>\n<td><a href=\"https:\/\/www.mytischtennis.de\/clicktt\/WTTV\/23-24\/ligen\/Herren-Bezirksoberliga\/gruppe\/436284\/mannschaft\/2694781\/TuS-Bruchhausen-II\/spielerbilanzen\/vr\/\" data-auto-event-observed=\"true\">TuS Bruchhausen II<\/a><\/td>\n<td class=\"hidden-xs text-center\">7<\/td>\n<td class=\"text-center\">1<\/td>\n<td class=\"text-center\">0<\/td>\n<td class=\"text-center\">6<\/td>\n<td class=\"hidden-xss text-center\"><a id=\"settooltip3E85C854-212C-4A2F-81D747CB11B2257D\" data-auto-event-observed=\"true\"><\/a>37:58<\/td>\n<td class=\"hidden-xs hidden-md text-center\">-21<\/td>\n<td class=\"text-center\">2:12<\/td>\n<\/tr>\n<tr>\n<td class=\"only-icon text-center\"><\/td>\n<td class=\"visible-lg visible-xl text-center\"><span style=\"color: #ff0000;\">12<\/span><\/td>\n<td><a href=\"https:\/\/www.mytischtennis.de\/clicktt\/WTTV\/23-24\/ligen\/Herren-Bezirksoberliga\/gruppe\/436284\/mannschaft\/2694359\/DJK-SR-Cappel-II\/spielerbilanzen\/vr\/\" data-auto-event-observed=\"true\">DJK SR Cappel II<\/a><\/td>\n<td class=\"hidden-xs text-center\">7<\/td>\n<td class=\"text-center\">0<\/td>\n<td class=\"text-center\">1<\/td>\n<td class=\"text-center\">6<\/td>\n<td class=\"hidden-xss text-center\"><a id=\"settooltip36D79D43-A87C-4D15-B063CDDF1BE6CF39\" data-auto-event-observed=\"true\"><\/a>23:62<\/td>\n<td class=\"hidden-xs hidden-md text-center\">-39<\/td>\n<td class=\"text-center\">1:13<\/td>\n<\/tr>\n<\/tbody>\n<\/table>\n<\/div>\n","protected":false},"excerpt":{"rendered":"<p>Die gestrige &#8222;Klatsche&#8220; in Kamen galt es zu vergessen und zu alter Form zu finden. Soviel direkt zu Beginn &#8222;dies gelang mit sehr guten Leistungen  [&#8230;]<\/p>\n","protected":false},"author":1,"featured_media":0,"comment_status":"open","ping_status":"open","sticky":false,"template":"","format":"standard","meta":{"kia_subtitle":"","_themeisle_gutenberg_block_has_review":false,"footnotes":""},"categories":[4],"tags":[],"class_list":["post-6803","post","type-post","status-publish","format-standard","hentry","category-2-mannschaft"],"yoast_head":"<!-- This site is optimized with the Yoast SEO plugin v28.4 - https:\/\/yoast.com\/product\/yoast-seo-wordpress\/ -->\n<title>ZWEITE in Werl mit n\u00e4chster Niederlage trotz starker Leistung - TuS Bruchhausen 02 - TT Abteilung<\/title>\n<meta name=\"robots\" content=\"index, follow, max-snippet:-1, max-image-preview:large, max-video-preview:-1\" \/>\n<link rel=\"canonical\" href=\"http:\/\/tt-bruchhausen.de\/Web\/zweite-in-werl-mit-naechster-niederlage-trotz-starker-leistung\/\" \/>\n<meta property=\"og:locale\" content=\"de_DE\" \/>\n<meta property=\"og:type\" content=\"article\" \/>\n<meta property=\"og:title\" content=\"ZWEITE in Werl mit n\u00e4chster Niederlage trotz starker Leistung - TuS Bruchhausen 02 - TT Abteilung\" \/>\n<meta property=\"og:description\" content=\"Die gestrige &#8222;Klatsche&#8220; in Kamen galt es zu vergessen und zu alter Form zu finden. Soviel direkt zu Beginn &#8222;dies gelang mit sehr guten Leistungen [...]\" \/>\n<meta property=\"og:url\" content=\"http:\/\/tt-bruchhausen.de\/Web\/zweite-in-werl-mit-naechster-niederlage-trotz-starker-leistung\/\" \/>\n<meta property=\"og:site_name\" content=\"TuS Bruchhausen 02 - TT Abteilung\" \/>\n<meta property=\"article:published_time\" content=\"2023-11-12T10:45:26+00:00\" \/>\n<meta property=\"article:modified_time\" content=\"2023-11-12T10:51:26+00:00\" \/>\n<meta property=\"og:image\" content=\"http:\/\/tt-bruchhausen.de\/Web\/wp-content\/uploads\/2018\/03\/sebastian_einzeL_cappel.jpg\" \/>\n<meta name=\"author\" content=\"hcoels\" \/>\n<meta name=\"twitter:card\" content=\"summary_large_image\" \/>\n<meta name=\"twitter:label1\" content=\"Verfasst von\" \/>\n\t<meta name=\"twitter:data1\" content=\"hcoels\" \/>\n\t<meta name=\"twitter:label2\" content=\"Gesch\u00e4tzte Lesezeit\" \/>\n\t<meta name=\"twitter:data2\" content=\"5\u00a0Minuten\" \/>\n<script type=\"application\/ld+json\" class=\"yoast-schema-graph\">{\"@context\":\"https:\\\/\\\/schema.org\",\"@graph\":[{\"@type\":\"Article\",\"@id\":\"http:\\\/\\\/tt-bruchhausen.de\\\/Web\\\/zweite-in-werl-mit-naechster-niederlage-trotz-starker-leistung\\\/#article\",\"isPartOf\":{\"@id\":\"http:\\\/\\\/tt-bruchhausen.de\\\/Web\\\/zweite-in-werl-mit-naechster-niederlage-trotz-starker-leistung\\\/\"},\"author\":{\"name\":\"hcoels\",\"@id\":\"http:\\\/\\\/tt-bruchhausen.de\\\/Web\\\/#\\\/schema\\\/person\\\/5b848b23f9d6f6b51911da8dca8673d4\"},\"headline\":\"ZWEITE in Werl mit n\u00e4chster Niederlage trotz starker Leistung\",\"datePublished\":\"2023-11-12T10:45:26+00:00\",\"dateModified\":\"2023-11-12T10:51:26+00:00\",\"mainEntityOfPage\":{\"@id\":\"http:\\\/\\\/tt-bruchhausen.de\\\/Web\\\/zweite-in-werl-mit-naechster-niederlage-trotz-starker-leistung\\\/\"},\"wordCount\":966,\"commentCount\":0,\"image\":{\"@id\":\"http:\\\/\\\/tt-bruchhausen.de\\\/Web\\\/zweite-in-werl-mit-naechster-niederlage-trotz-starker-leistung\\\/#primaryimage\"},\"thumbnailUrl\":\"http:\\\/\\\/tt-bruchhausen.de\\\/Web\\\/wp-content\\\/uploads\\\/2018\\\/03\\\/sebastian_einzeL_cappel.jpg\",\"articleSection\":[\"2. Mannschaft\"],\"inLanguage\":\"de\",\"potentialAction\":[{\"@type\":\"CommentAction\",\"name\":\"Comment\",\"target\":[\"http:\\\/\\\/tt-bruchhausen.de\\\/Web\\\/zweite-in-werl-mit-naechster-niederlage-trotz-starker-leistung\\\/#respond\"]}]},{\"@type\":\"WebPage\",\"@id\":\"http:\\\/\\\/tt-bruchhausen.de\\\/Web\\\/zweite-in-werl-mit-naechster-niederlage-trotz-starker-leistung\\\/\",\"url\":\"http:\\\/\\\/tt-bruchhausen.de\\\/Web\\\/zweite-in-werl-mit-naechster-niederlage-trotz-starker-leistung\\\/\",\"name\":\"ZWEITE in Werl mit n\u00e4chster Niederlage trotz starker Leistung - TuS Bruchhausen 02 - TT Abteilung\",\"isPartOf\":{\"@id\":\"http:\\\/\\\/tt-bruchhausen.de\\\/Web\\\/#website\"},\"primaryImageOfPage\":{\"@id\":\"http:\\\/\\\/tt-bruchhausen.de\\\/Web\\\/zweite-in-werl-mit-naechster-niederlage-trotz-starker-leistung\\\/#primaryimage\"},\"image\":{\"@id\":\"http:\\\/\\\/tt-bruchhausen.de\\\/Web\\\/zweite-in-werl-mit-naechster-niederlage-trotz-starker-leistung\\\/#primaryimage\"},\"thumbnailUrl\":\"http:\\\/\\\/tt-bruchhausen.de\\\/Web\\\/wp-content\\\/uploads\\\/2018\\\/03\\\/sebastian_einzeL_cappel.jpg\",\"datePublished\":\"2023-11-12T10:45:26+00:00\",\"dateModified\":\"2023-11-12T10:51:26+00:00\",\"author\":{\"@id\":\"http:\\\/\\\/tt-bruchhausen.de\\\/Web\\\/#\\\/schema\\\/person\\\/5b848b23f9d6f6b51911da8dca8673d4\"},\"breadcrumb\":{\"@id\":\"http:\\\/\\\/tt-bruchhausen.de\\\/Web\\\/zweite-in-werl-mit-naechster-niederlage-trotz-starker-leistung\\\/#breadcrumb\"},\"inLanguage\":\"de\",\"potentialAction\":[{\"@type\":\"ReadAction\",\"target\":[\"http:\\\/\\\/tt-bruchhausen.de\\\/Web\\\/zweite-in-werl-mit-naechster-niederlage-trotz-starker-leistung\\\/\"]}]},{\"@type\":\"ImageObject\",\"inLanguage\":\"de\",\"@id\":\"http:\\\/\\\/tt-bruchhausen.de\\\/Web\\\/zweite-in-werl-mit-naechster-niederlage-trotz-starker-leistung\\\/#primaryimage\",\"url\":\"http:\\\/\\\/tt-bruchhausen.de\\\/Web\\\/wp-content\\\/uploads\\\/2018\\\/03\\\/sebastian_einzeL_cappel.jpg\",\"contentUrl\":\"http:\\\/\\\/tt-bruchhausen.de\\\/Web\\\/wp-content\\\/uploads\\\/2018\\\/03\\\/sebastian_einzeL_cappel.jpg\",\"width\":640,\"height\":551},{\"@type\":\"BreadcrumbList\",\"@id\":\"http:\\\/\\\/tt-bruchhausen.de\\\/Web\\\/zweite-in-werl-mit-naechster-niederlage-trotz-starker-leistung\\\/#breadcrumb\",\"itemListElement\":[{\"@type\":\"ListItem\",\"position\":1,\"name\":\"Start\",\"item\":\"http:\\\/\\\/tt-bruchhausen.de\\\/Web\\\/\"},{\"@type\":\"ListItem\",\"position\":2,\"name\":\"ZWEITE in Werl mit n\u00e4chster Niederlage trotz starker Leistung\"}]},{\"@type\":\"WebSite\",\"@id\":\"http:\\\/\\\/tt-bruchhausen.de\\\/Web\\\/#website\",\"url\":\"http:\\\/\\\/tt-bruchhausen.de\\\/Web\\\/\",\"name\":\"TuS Bruchhausen 02 - TT Abteilung\",\"description\":\"Tischtennis im Entondorf\",\"potentialAction\":[{\"@type\":\"SearchAction\",\"target\":{\"@type\":\"EntryPoint\",\"urlTemplate\":\"http:\\\/\\\/tt-bruchhausen.de\\\/Web\\\/?s={search_term_string}\"},\"query-input\":{\"@type\":\"PropertyValueSpecification\",\"valueRequired\":true,\"valueName\":\"search_term_string\"}}],\"inLanguage\":\"de\"},{\"@type\":\"Person\",\"@id\":\"http:\\\/\\\/tt-bruchhausen.de\\\/Web\\\/#\\\/schema\\\/person\\\/5b848b23f9d6f6b51911da8dca8673d4\",\"name\":\"hcoels\",\"image\":{\"@type\":\"ImageObject\",\"inLanguage\":\"de\",\"@id\":\"https:\\\/\\\/secure.gravatar.com\\\/avatar\\\/d351b66730ed647c7cd787c95779789fdef9e11e0073d715b25d18ba342bb98e?s=96&d=mm&r=g\",\"url\":\"https:\\\/\\\/secure.gravatar.com\\\/avatar\\\/d351b66730ed647c7cd787c95779789fdef9e11e0073d715b25d18ba342bb98e?s=96&d=mm&r=g\",\"contentUrl\":\"https:\\\/\\\/secure.gravatar.com\\\/avatar\\\/d351b66730ed647c7cd787c95779789fdef9e11e0073d715b25d18ba342bb98e?s=96&d=mm&r=g\",\"caption\":\"hcoels\"},\"sameAs\":[\"http:\\\/\\\/www.musikzirkus.eu\"],\"url\":\"http:\\\/\\\/tt-bruchhausen.de\\\/Web\\\/author\\\/hcoels\\\/\"}]}<\/script>\n<!-- \/ Yoast SEO plugin. -->","yoast_head_json":{"title":"ZWEITE in Werl mit n\u00e4chster Niederlage trotz starker Leistung - TuS Bruchhausen 02 - TT Abteilung","robots":{"index":"index","follow":"follow","max-snippet":"max-snippet:-1","max-image-preview":"max-image-preview:large","max-video-preview":"max-video-preview:-1"},"canonical":"http:\/\/tt-bruchhausen.de\/Web\/zweite-in-werl-mit-naechster-niederlage-trotz-starker-leistung\/","og_locale":"de_DE","og_type":"article","og_title":"ZWEITE in Werl mit n\u00e4chster Niederlage trotz starker Leistung - TuS Bruchhausen 02 - TT Abteilung","og_description":"Die gestrige &#8222;Klatsche&#8220; in Kamen galt es zu vergessen und zu alter Form zu finden. Soviel direkt zu Beginn &#8222;dies gelang mit sehr guten Leistungen [...]","og_url":"http:\/\/tt-bruchhausen.de\/Web\/zweite-in-werl-mit-naechster-niederlage-trotz-starker-leistung\/","og_site_name":"TuS Bruchhausen 02 - TT Abteilung","article_published_time":"2023-11-12T10:45:26+00:00","article_modified_time":"2023-11-12T10:51:26+00:00","og_image":[{"url":"http:\/\/tt-bruchhausen.de\/Web\/wp-content\/uploads\/2018\/03\/sebastian_einzeL_cappel.jpg","type":"","width":"","height":""}],"author":"hcoels","twitter_card":"summary_large_image","twitter_misc":{"Verfasst von":"hcoels","Gesch\u00e4tzte Lesezeit":"5\u00a0Minuten"},"schema":{"@context":"https:\/\/schema.org","@graph":[{"@type":"Article","@id":"http:\/\/tt-bruchhausen.de\/Web\/zweite-in-werl-mit-naechster-niederlage-trotz-starker-leistung\/#article","isPartOf":{"@id":"http:\/\/tt-bruchhausen.de\/Web\/zweite-in-werl-mit-naechster-niederlage-trotz-starker-leistung\/"},"author":{"name":"hcoels","@id":"http:\/\/tt-bruchhausen.de\/Web\/#\/schema\/person\/5b848b23f9d6f6b51911da8dca8673d4"},"headline":"ZWEITE in Werl mit n\u00e4chster Niederlage trotz starker Leistung","datePublished":"2023-11-12T10:45:26+00:00","dateModified":"2023-11-12T10:51:26+00:00","mainEntityOfPage":{"@id":"http:\/\/tt-bruchhausen.de\/Web\/zweite-in-werl-mit-naechster-niederlage-trotz-starker-leistung\/"},"wordCount":966,"commentCount":0,"image":{"@id":"http:\/\/tt-bruchhausen.de\/Web\/zweite-in-werl-mit-naechster-niederlage-trotz-starker-leistung\/#primaryimage"},"thumbnailUrl":"http:\/\/tt-bruchhausen.de\/Web\/wp-content\/uploads\/2018\/03\/sebastian_einzeL_cappel.jpg","articleSection":["2. Mannschaft"],"inLanguage":"de","potentialAction":[{"@type":"CommentAction","name":"Comment","target":["http:\/\/tt-bruchhausen.de\/Web\/zweite-in-werl-mit-naechster-niederlage-trotz-starker-leistung\/#respond"]}]},{"@type":"WebPage","@id":"http:\/\/tt-bruchhausen.de\/Web\/zweite-in-werl-mit-naechster-niederlage-trotz-starker-leistung\/","url":"http:\/\/tt-bruchhausen.de\/Web\/zweite-in-werl-mit-naechster-niederlage-trotz-starker-leistung\/","name":"ZWEITE in Werl mit n\u00e4chster Niederlage trotz starker Leistung - TuS Bruchhausen 02 - TT Abteilung","isPartOf":{"@id":"http:\/\/tt-bruchhausen.de\/Web\/#website"},"primaryImageOfPage":{"@id":"http:\/\/tt-bruchhausen.de\/Web\/zweite-in-werl-mit-naechster-niederlage-trotz-starker-leistung\/#primaryimage"},"image":{"@id":"http:\/\/tt-bruchhausen.de\/Web\/zweite-in-werl-mit-naechster-niederlage-trotz-starker-leistung\/#primaryimage"},"thumbnailUrl":"http:\/\/tt-bruchhausen.de\/Web\/wp-content\/uploads\/2018\/03\/sebastian_einzeL_cappel.jpg","datePublished":"2023-11-12T10:45:26+00:00","dateModified":"2023-11-12T10:51:26+00:00","author":{"@id":"http:\/\/tt-bruchhausen.de\/Web\/#\/schema\/person\/5b848b23f9d6f6b51911da8dca8673d4"},"breadcrumb":{"@id":"http:\/\/tt-bruchhausen.de\/Web\/zweite-in-werl-mit-naechster-niederlage-trotz-starker-leistung\/#breadcrumb"},"inLanguage":"de","potentialAction":[{"@type":"ReadAction","target":["http:\/\/tt-bruchhausen.de\/Web\/zweite-in-werl-mit-naechster-niederlage-trotz-starker-leistung\/"]}]},{"@type":"ImageObject","inLanguage":"de","@id":"http:\/\/tt-bruchhausen.de\/Web\/zweite-in-werl-mit-naechster-niederlage-trotz-starker-leistung\/#primaryimage","url":"http:\/\/tt-bruchhausen.de\/Web\/wp-content\/uploads\/2018\/03\/sebastian_einzeL_cappel.jpg","contentUrl":"http:\/\/tt-bruchhausen.de\/Web\/wp-content\/uploads\/2018\/03\/sebastian_einzeL_cappel.jpg","width":640,"height":551},{"@type":"BreadcrumbList","@id":"http:\/\/tt-bruchhausen.de\/Web\/zweite-in-werl-mit-naechster-niederlage-trotz-starker-leistung\/#breadcrumb","itemListElement":[{"@type":"ListItem","position":1,"name":"Start","item":"http:\/\/tt-bruchhausen.de\/Web\/"},{"@type":"ListItem","position":2,"name":"ZWEITE in Werl mit n\u00e4chster Niederlage trotz starker Leistung"}]},{"@type":"WebSite","@id":"http:\/\/tt-bruchhausen.de\/Web\/#website","url":"http:\/\/tt-bruchhausen.de\/Web\/","name":"TuS Bruchhausen 02 - TT Abteilung","description":"Tischtennis im Entondorf","potentialAction":[{"@type":"SearchAction","target":{"@type":"EntryPoint","urlTemplate":"http:\/\/tt-bruchhausen.de\/Web\/?s={search_term_string}"},"query-input":{"@type":"PropertyValueSpecification","valueRequired":true,"valueName":"search_term_string"}}],"inLanguage":"de"},{"@type":"Person","@id":"http:\/\/tt-bruchhausen.de\/Web\/#\/schema\/person\/5b848b23f9d6f6b51911da8dca8673d4","name":"hcoels","image":{"@type":"ImageObject","inLanguage":"de","@id":"https:\/\/secure.gravatar.com\/avatar\/d351b66730ed647c7cd787c95779789fdef9e11e0073d715b25d18ba342bb98e?s=96&d=mm&r=g","url":"https:\/\/secure.gravatar.com\/avatar\/d351b66730ed647c7cd787c95779789fdef9e11e0073d715b25d18ba342bb98e?s=96&d=mm&r=g","contentUrl":"https:\/\/secure.gravatar.com\/avatar\/d351b66730ed647c7cd787c95779789fdef9e11e0073d715b25d18ba342bb98e?s=96&d=mm&r=g","caption":"hcoels"},"sameAs":["http:\/\/www.musikzirkus.eu"],"url":"http:\/\/tt-bruchhausen.de\/Web\/author\/hcoels\/"}]}},"_links":{"self":[{"href":"http:\/\/tt-bruchhausen.de\/Web\/wp-json\/wp\/v2\/posts\/6803","targetHints":{"allow":["GET"]}}],"collection":[{"href":"http:\/\/tt-bruchhausen.de\/Web\/wp-json\/wp\/v2\/posts"}],"about":[{"href":"http:\/\/tt-bruchhausen.de\/Web\/wp-json\/wp\/v2\/types\/post"}],"author":[{"embeddable":true,"href":"http:\/\/tt-bruchhausen.de\/Web\/wp-json\/wp\/v2\/users\/1"}],"replies":[{"embeddable":true,"href":"http:\/\/tt-bruchhausen.de\/Web\/wp-json\/wp\/v2\/comments?post=6803"}],"version-history":[{"count":3,"href":"http:\/\/tt-bruchhausen.de\/Web\/wp-json\/wp\/v2\/posts\/6803\/revisions"}],"predecessor-version":[{"id":6806,"href":"http:\/\/tt-bruchhausen.de\/Web\/wp-json\/wp\/v2\/posts\/6803\/revisions\/6806"}],"wp:attachment":[{"href":"http:\/\/tt-bruchhausen.de\/Web\/wp-json\/wp\/v2\/media?parent=6803"}],"wp:term":[{"taxonomy":"category","embeddable":true,"href":"http:\/\/tt-bruchhausen.de\/Web\/wp-json\/wp\/v2\/categories?post=6803"},{"taxonomy":"post_tag","embeddable":true,"href":"http:\/\/tt-bruchhausen.de\/Web\/wp-json\/wp\/v2\/tags?post=6803"}],"curies":[{"name":"wp","href":"https:\/\/api.w.org\/{rel}","templated":true}]}}