{"id":6503,"date":"2023-06-13T18:35:35","date_gmt":"2023-06-13T16:35:35","guid":{"rendered":"http:\/\/tt-bruchhausen.de\/Web\/?p=6503"},"modified":"2023-10-19T09:11:32","modified_gmt":"2023-10-19T07:11:32","slug":"tus-nachwuchs-trainiert-beim-ehemaligen-bundestrainer","status":"publish","type":"post","link":"http:\/\/tt-bruchhausen.de\/Web\/tus-nachwuchs-trainiert-beim-ehemaligen-bundestrainer\/","title":{"rendered":"TuS-Nachwuchs trainiert beim ehemaligen Bundestrainer"},"content":{"rendered":"<p class=\"p1\"><span class=\"s1\">Kurz vor den Sommerferien erm\u00f6glichte es der Bezirk Arnsberg den Jugendspielern des Bezirkes, eine Trainingseinheit beim ehemaligen Bundestrainer Martin Adomeit zu absolvieren. An einer dieser Trainingseinheiten nahmen am vergangenen Samstag mit Louis L\u00f6hr und Duy-Anh Dinh nun auch zwei Jugendspieler des TuS teil.<br \/>\n<\/span>Bei sommerlichen Temperaturen trainierten die beiden knapp drei Stunden lang mit 13 anderen Kindern, die haupts\u00e4chlich aus Hamm und Umgebung kamen, zusammen und versuchten ihr bereits Erlerntes zu verbessern.<br \/>\nAuch wenn es f\u00fcr die Jungs etwas anstrengend war, hatte es beiden viel Spa\u00df gemacht, beim Bezirkskader zu trainieren. Beide Jungs wurden nach dem Training f\u00fcr ihre Leistung sehr gelobt, was man beim TuS nat\u00fcrlich gerne h\u00f6rt.<br \/>\nOb der Bezirk auch in Zukunft solche Trainingseinheiten anbietet, steht aktuell zwar leider noch in den Sternen, aber der Bezirk strebt auf jeden Fall auch in der neuen Saison eine Fortsetzung des Bezirkskadertrainings an.<\/p>\n<p><img loading=\"lazy\" decoding=\"async\" class=\"alignnone size-medium wp-image-6504\" src=\"http:\/\/tt-bruchhausen.de\/Web\/wp-content\/uploads\/2023\/06\/7F07AA90-8846-41CD-8C80-3DB327FAFEDA-225x300.jpeg\" alt=\"\" width=\"225\" height=\"300\" srcset=\"http:\/\/tt-bruchhausen.de\/Web\/wp-content\/uploads\/2023\/06\/7F07AA90-8846-41CD-8C80-3DB327FAFEDA-225x300.jpeg 225w, http:\/\/tt-bruchhausen.de\/Web\/wp-content\/uploads\/2023\/06\/7F07AA90-8846-41CD-8C80-3DB327FAFEDA-768x1024.jpeg 768w, http:\/\/tt-bruchhausen.de\/Web\/wp-content\/uploads\/2023\/06\/7F07AA90-8846-41CD-8C80-3DB327FAFEDA.jpeg 960w\" sizes=\"auto, (max-width: 225px) 100vw, 225px\" \/><br \/>\n<i>Duy-Anh und Louis nach dem Training mit Martin Adomeit.<\/i><\/p>\n","protected":false},"excerpt":{"rendered":"<p>Kurz vor den Sommerferien erm\u00f6glichte es der Bezirk Arnsberg den Jugendspielern des Bezirkes, eine Trainingseinheit beim ehemaligen Bundestrainer Martin Adomeit<\/p>\n","protected":false},"author":7,"featured_media":6505,"comment_status":"open","ping_status":"open","sticky":false,"template":"","format":"standard","meta":{"kia_subtitle":"","footnotes":""},"categories":[6],"tags":[],"class_list":["post-6503","post","type-post","status-publish","format-standard","has-post-thumbnail","hentry","category-1-nachwuchs"],"_links":{"self":[{"href":"http:\/\/tt-bruchhausen.de\/Web\/wp-json\/wp\/v2\/posts\/6503","targetHints":{"allow":["GET"]}}],"collection":[{"href":"http:\/\/tt-bruchhausen.de\/Web\/wp-json\/wp\/v2\/posts"}],"about":[{"href":"http:\/\/tt-bruchhausen.de\/Web\/wp-json\/wp\/v2\/types\/post"}],"author":[{"embeddable":true,"href":"http:\/\/tt-bruchhausen.de\/Web\/wp-json\/wp\/v2\/users\/7"}],"replies":[{"embeddable":true,"href":"http:\/\/tt-bruchhausen.de\/Web\/wp-json\/wp\/v2\/comments?post=6503"}],"version-history":[{"count":2,"href":"http:\/\/tt-bruchhausen.de\/Web\/wp-json\/wp\/v2\/posts\/6503\/revisions"}],"predecessor-version":[{"id":6718,"href":"http:\/\/tt-bruchhausen.de\/Web\/wp-json\/wp\/v2\/posts\/6503\/revisions\/6718"}],"wp:featuredmedia":[{"embeddable":true,"href":"http:\/\/tt-bruchhausen.de\/Web\/wp-json\/wp\/v2\/media\/6505"}],"wp:attachment":[{"href":"http:\/\/tt-bruchhausen.de\/Web\/wp-json\/wp\/v2\/media?parent=6503"}],"wp:term":[{"taxonomy":"category","embeddable":true,"href":"http:\/\/tt-bruchhausen.de\/Web\/wp-json\/wp\/v2\/categories?post=6503"},{"taxonomy":"post_tag","embeddable":true,"href":"http:\/\/tt-bruchhausen.de\/Web\/wp-json\/wp\/v2\/tags?post=6503"}],"curies":[{"name":"wp","href":"https:\/\/api.w.org\/{rel}","templated":true}]}}