{"id":6493,"date":"2023-06-10T13:23:57","date_gmt":"2023-06-10T11:23:57","guid":{"rendered":"http:\/\/tt-bruchhausen.de\/Web\/?p=6493"},"modified":"2023-10-19T09:12:18","modified_gmt":"2023-10-19T07:12:18","slug":"tus-duo-belegt-platz-3-beim-schwerter-tt-cup","status":"publish","type":"post","link":"http:\/\/tt-bruchhausen.de\/Web\/tus-duo-belegt-platz-3-beim-schwerter-tt-cup\/","title":{"rendered":"TuS-Duo belegt Platz 3 beim Schwerter TT-Cup"},"content":{"rendered":"<p class=\"p1\" style=\"text-align: left;\"><span class=\"s1\">Am vergangenen Wochenende spielten in Person von Louis L\u00f6hr und Duy-Anh Dinh zwei Spieler des TuS beim Schwerer TT-Cup. Dabei traten die beiden in der Nachwuchskonkurrenz Jungen\/M\u00e4dchen 19 bis 1000 QTTR-Punkte an &#8211; bedeutete also, dass sie auch wieder auf Gegner*innen treffen konnten, die bis zu 19 Jahre alt waren.<br \/>\n<\/span>Davon lie\u00dfen sich die beiden TuSler aber nicht beirren, und so zeigten sie in der Gruppenphase, was bereits in ihnen steckt: Louis schaffte es, aufgrund des besseren Satzverh\u00e4ltnisses, seine Gruppe zu gewinnen, und Duy-Anh belegte den zweiten Platz in seiner Gruppe, wodurch sich beide f\u00fcr die n\u00e4chste Runde qualifizieren konnten.<\/p>\n<p class=\"p1\"><span class=\"s1\">F\u00fcr Duy-Anh ging es nach der Gruppenphase mit dem Achtelfinale weiter, wo er auf Johann Bauer vom TTV Metelen traf. Dort ereilte ihn aber leider gegen den sp\u00e4teren Finalisten das Aus. Trotzdem eine gute Leistung von ihm, denn gerade im zweiten Satz konnte er gut mit dem Spieler vom TTV Metelen mithalten.<\/span><\/p>\n<p><img decoding=\"async\" class=\"alignnone size-medium wp-image-6494\" src=\"http:\/\/tt-bruchhausen.de\/Web\/wp-content\/uploads\/2023\/06\/E5294C2B-61E0-45E6-9F79-E2EBE60B379A-225x300.jpeg\" alt=\"\" width=\"225\" height=\"300\" srcset=\"http:\/\/tt-bruchhausen.de\/Web\/wp-content\/uploads\/2023\/06\/E5294C2B-61E0-45E6-9F79-E2EBE60B379A-225x300.jpeg 225w, http:\/\/tt-bruchhausen.de\/Web\/wp-content\/uploads\/2023\/06\/E5294C2B-61E0-45E6-9F79-E2EBE60B379A-768x1024.jpeg 768w, http:\/\/tt-bruchhausen.de\/Web\/wp-content\/uploads\/2023\/06\/E5294C2B-61E0-45E6-9F79-E2EBE60B379A-1152x1536.jpeg 1152w, http:\/\/tt-bruchhausen.de\/Web\/wp-content\/uploads\/2023\/06\/E5294C2B-61E0-45E6-9F79-E2EBE60B379A.jpeg 1512w\" sizes=\"(max-width: 225px) 100vw, 225px\" \/><\/p>\n<p class=\"p1\"><span class=\"s1\">Aufgrund seines ersten Platzes in der Gruppe hatte Louis f\u00fcr das Achtelfinale ein Freilos bekommen, sodass es f\u00fcr ihn im Viertelfinale weiterging. Dort traf er auf Ricardo Bonner vom TV Sundwig, und wie schon Duy-Anh im Achtelfinale, ereilte leider auch Louis gegen den sp\u00e4teren Finalisten und Sieger das Aus. Auch er konnte dabei aber phasenweise gut mit seinem Gegner mithalten, sodass es auch von ihm eine tolle Leistung war.<\/span><\/p>\n<p><img decoding=\"async\" class=\"alignnone size-medium wp-image-6495\" src=\"http:\/\/tt-bruchhausen.de\/Web\/wp-content\/uploads\/2023\/06\/40A6E659-0FA9-47BC-B671-05F1336A203C-300x225.jpeg\" alt=\"\" width=\"300\" height=\"225\" srcset=\"http:\/\/tt-bruchhausen.de\/Web\/wp-content\/uploads\/2023\/06\/40A6E659-0FA9-47BC-B671-05F1336A203C-300x225.jpeg 300w, http:\/\/tt-bruchhausen.de\/Web\/wp-content\/uploads\/2023\/06\/40A6E659-0FA9-47BC-B671-05F1336A203C-768x576.jpeg 768w, http:\/\/tt-bruchhausen.de\/Web\/wp-content\/uploads\/2023\/06\/40A6E659-0FA9-47BC-B671-05F1336A203C-1365x1024.jpeg 1365w, http:\/\/tt-bruchhausen.de\/Web\/wp-content\/uploads\/2023\/06\/40A6E659-0FA9-47BC-B671-05F1336A203C-1536x1152.jpeg 1536w\" sizes=\"(max-width: 300px) 100vw, 300px\" \/>\u00a0<span class=\"s1\">Zusammen traten die beiden dann anschlie\u00dfend noch in der Doppelkonkurrenz an, wo sie sich mit tollen Leistungen bis ins Halbfinale vorspielen konnten. Zwar verloren sie dieses gegen die sp\u00e4teren Sieger, aber trotzdem konnten sie sich zusammen \u00fcber einen starken dritten Platz im Doppel freuen.<\/span><img decoding=\"async\" class=\"alignnone size-medium wp-image-6496\" src=\"http:\/\/tt-bruchhausen.de\/Web\/wp-content\/uploads\/2023\/06\/C9B91A16-CF0C-4DDB-83DC-D6B24FCDFC0E-300x225.jpeg\" alt=\"\" width=\"300\" height=\"225\" srcset=\"http:\/\/tt-bruchhausen.de\/Web\/wp-content\/uploads\/2023\/06\/C9B91A16-CF0C-4DDB-83DC-D6B24FCDFC0E-300x225.jpeg 300w, http:\/\/tt-bruchhausen.de\/Web\/wp-content\/uploads\/2023\/06\/C9B91A16-CF0C-4DDB-83DC-D6B24FCDFC0E-768x576.jpeg 768w, http:\/\/tt-bruchhausen.de\/Web\/wp-content\/uploads\/2023\/06\/C9B91A16-CF0C-4DDB-83DC-D6B24FCDFC0E-1365x1024.jpeg 1365w, http:\/\/tt-bruchhausen.de\/Web\/wp-content\/uploads\/2023\/06\/C9B91A16-CF0C-4DDB-83DC-D6B24FCDFC0E-1536x1152.jpeg 1536w\" sizes=\"(max-width: 300px) 100vw, 300px\" \/><\/p>\n<p><img decoding=\"async\" class=\"alignnone size-medium wp-image-6498\" src=\"http:\/\/tt-bruchhausen.de\/Web\/wp-content\/uploads\/2023\/06\/04EE45EE-D0EE-4181-A854-C5A17824946D-225x300.jpeg\" alt=\"\" width=\"225\" height=\"300\" srcset=\"http:\/\/tt-bruchhausen.de\/Web\/wp-content\/uploads\/2023\/06\/04EE45EE-D0EE-4181-A854-C5A17824946D-225x300.jpeg 225w, http:\/\/tt-bruchhausen.de\/Web\/wp-content\/uploads\/2023\/06\/04EE45EE-D0EE-4181-A854-C5A17824946D-768x1024.jpeg 768w, http:\/\/tt-bruchhausen.de\/Web\/wp-content\/uploads\/2023\/06\/04EE45EE-D0EE-4181-A854-C5A17824946D-1152x1536.jpeg 1152w, http:\/\/tt-bruchhausen.de\/Web\/wp-content\/uploads\/2023\/06\/04EE45EE-D0EE-4181-A854-C5A17824946D.jpeg 1512w\" sizes=\"(max-width: 225px) 100vw, 225px\" \/><br \/>\n<i>Belegten Platz 3 im Doppel: Duy-Anh und Louis<\/i><\/p>\n","protected":false},"excerpt":{"rendered":"<p>Am vergangenen Wochenende spielten in Person von Louis L\u00f6hr und Duy-Anh Dinh zwei Spieler des TuS beim Schwerer TT-Cup. Dabei traten die beiden in der  [&#8230;]<\/p>\n","protected":false},"author":7,"featured_media":6501,"comment_status":"open","ping_status":"open","sticky":false,"template":"","format":"standard","meta":{"kia_subtitle":"","_themeisle_gutenberg_block_has_review":false,"footnotes":""},"categories":[6,12],"tags":[],"class_list":["post-6493","post","type-post","status-publish","format-standard","has-post-thumbnail","hentry","category-1-nachwuchs","category-1-turniere"],"yoast_head":"<!-- This site is optimized with the Yoast SEO plugin v28.4 - https:\/\/yoast.com\/product\/yoast-seo-wordpress\/ -->\n<title>TuS-Duo belegt Platz 3 beim Schwerter TT-Cup - TuS Bruchhausen 02 - TT Abteilung<\/title>\n<meta name=\"robots\" content=\"index, follow, max-snippet:-1, max-image-preview:large, max-video-preview:-1\" \/>\n<link rel=\"canonical\" href=\"http:\/\/tt-bruchhausen.de\/Web\/tus-duo-belegt-platz-3-beim-schwerter-tt-cup\/\" \/>\n<meta property=\"og:locale\" content=\"de_DE\" \/>\n<meta property=\"og:type\" content=\"article\" \/>\n<meta property=\"og:title\" content=\"TuS-Duo belegt Platz 3 beim Schwerter TT-Cup - TuS Bruchhausen 02 - TT Abteilung\" \/>\n<meta property=\"og:description\" content=\"Am vergangenen Wochenende spielten in Person von Louis L\u00f6hr und Duy-Anh Dinh zwei Spieler des TuS beim Schwerer TT-Cup. Dabei traten die beiden in der [...]\" \/>\n<meta property=\"og:url\" content=\"http:\/\/tt-bruchhausen.de\/Web\/tus-duo-belegt-platz-3-beim-schwerter-tt-cup\/\" \/>\n<meta property=\"og:site_name\" content=\"TuS Bruchhausen 02 - TT Abteilung\" \/>\n<meta property=\"article:published_time\" content=\"2023-06-10T11:23:57+00:00\" \/>\n<meta property=\"article:modified_time\" content=\"2023-10-19T07:12:18+00:00\" \/>\n<meta property=\"og:image\" content=\"http:\/\/tt-bruchhausen.de\/Web\/wp-content\/uploads\/2023\/06\/EF0E2513-A7E2-466B-A9B4-6275DC6A3660-scaled.jpeg\" \/>\n\t<meta property=\"og:image:width\" content=\"2560\" \/>\n\t<meta property=\"og:image:height\" content=\"1920\" \/>\n\t<meta property=\"og:image:type\" content=\"image\/jpeg\" \/>\n<meta name=\"author\" content=\"MK\" \/>\n<meta name=\"twitter:card\" content=\"summary_large_image\" \/>\n<meta name=\"twitter:label1\" content=\"Verfasst von\" \/>\n\t<meta name=\"twitter:data1\" content=\"MK\" \/>\n\t<meta name=\"twitter:label2\" content=\"Gesch\u00e4tzte Lesezeit\" \/>\n\t<meta name=\"twitter:data2\" content=\"1\u00a0Minute\" \/>\n<script type=\"application\/ld+json\" class=\"yoast-schema-graph\">{\"@context\":\"https:\\\/\\\/schema.org\",\"@graph\":[{\"@type\":\"Article\",\"@id\":\"http:\\\/\\\/tt-bruchhausen.de\\\/Web\\\/tus-duo-belegt-platz-3-beim-schwerter-tt-cup\\\/#article\",\"isPartOf\":{\"@id\":\"http:\\\/\\\/tt-bruchhausen.de\\\/Web\\\/tus-duo-belegt-platz-3-beim-schwerter-tt-cup\\\/\"},\"author\":{\"name\":\"MK\",\"@id\":\"http:\\\/\\\/tt-bruchhausen.de\\\/Web\\\/#\\\/schema\\\/person\\\/8c5d35e003f430988a311361f303e3e2\"},\"headline\":\"TuS-Duo belegt Platz 3 beim Schwerter TT-Cup\",\"datePublished\":\"2023-06-10T11:23:57+00:00\",\"dateModified\":\"2023-10-19T07:12:18+00:00\",\"mainEntityOfPage\":{\"@id\":\"http:\\\/\\\/tt-bruchhausen.de\\\/Web\\\/tus-duo-belegt-platz-3-beim-schwerter-tt-cup\\\/\"},\"wordCount\":290,\"commentCount\":0,\"image\":{\"@id\":\"http:\\\/\\\/tt-bruchhausen.de\\\/Web\\\/tus-duo-belegt-platz-3-beim-schwerter-tt-cup\\\/#primaryimage\"},\"thumbnailUrl\":\"http:\\\/\\\/tt-bruchhausen.de\\\/Web\\\/wp-content\\\/uploads\\\/2023\\\/06\\\/EF0E2513-A7E2-466B-A9B4-6275DC6A3660-scaled.jpeg\",\"articleSection\":[\"Nachwuchs\",\"Turniere\"],\"inLanguage\":\"de\",\"potentialAction\":[{\"@type\":\"CommentAction\",\"name\":\"Comment\",\"target\":[\"http:\\\/\\\/tt-bruchhausen.de\\\/Web\\\/tus-duo-belegt-platz-3-beim-schwerter-tt-cup\\\/#respond\"]}]},{\"@type\":\"WebPage\",\"@id\":\"http:\\\/\\\/tt-bruchhausen.de\\\/Web\\\/tus-duo-belegt-platz-3-beim-schwerter-tt-cup\\\/\",\"url\":\"http:\\\/\\\/tt-bruchhausen.de\\\/Web\\\/tus-duo-belegt-platz-3-beim-schwerter-tt-cup\\\/\",\"name\":\"TuS-Duo belegt Platz 3 beim Schwerter TT-Cup - TuS Bruchhausen 02 - TT Abteilung\",\"isPartOf\":{\"@id\":\"http:\\\/\\\/tt-bruchhausen.de\\\/Web\\\/#website\"},\"primaryImageOfPage\":{\"@id\":\"http:\\\/\\\/tt-bruchhausen.de\\\/Web\\\/tus-duo-belegt-platz-3-beim-schwerter-tt-cup\\\/#primaryimage\"},\"image\":{\"@id\":\"http:\\\/\\\/tt-bruchhausen.de\\\/Web\\\/tus-duo-belegt-platz-3-beim-schwerter-tt-cup\\\/#primaryimage\"},\"thumbnailUrl\":\"http:\\\/\\\/tt-bruchhausen.de\\\/Web\\\/wp-content\\\/uploads\\\/2023\\\/06\\\/EF0E2513-A7E2-466B-A9B4-6275DC6A3660-scaled.jpeg\",\"datePublished\":\"2023-06-10T11:23:57+00:00\",\"dateModified\":\"2023-10-19T07:12:18+00:00\",\"author\":{\"@id\":\"http:\\\/\\\/tt-bruchhausen.de\\\/Web\\\/#\\\/schema\\\/person\\\/8c5d35e003f430988a311361f303e3e2\"},\"breadcrumb\":{\"@id\":\"http:\\\/\\\/tt-bruchhausen.de\\\/Web\\\/tus-duo-belegt-platz-3-beim-schwerter-tt-cup\\\/#breadcrumb\"},\"inLanguage\":\"de\",\"potentialAction\":[{\"@type\":\"ReadAction\",\"target\":[\"http:\\\/\\\/tt-bruchhausen.de\\\/Web\\\/tus-duo-belegt-platz-3-beim-schwerter-tt-cup\\\/\"]}]},{\"@type\":\"ImageObject\",\"inLanguage\":\"de\",\"@id\":\"http:\\\/\\\/tt-bruchhausen.de\\\/Web\\\/tus-duo-belegt-platz-3-beim-schwerter-tt-cup\\\/#primaryimage\",\"url\":\"http:\\\/\\\/tt-bruchhausen.de\\\/Web\\\/wp-content\\\/uploads\\\/2023\\\/06\\\/EF0E2513-A7E2-466B-A9B4-6275DC6A3660-scaled.jpeg\",\"contentUrl\":\"http:\\\/\\\/tt-bruchhausen.de\\\/Web\\\/wp-content\\\/uploads\\\/2023\\\/06\\\/EF0E2513-A7E2-466B-A9B4-6275DC6A3660-scaled.jpeg\",\"width\":2560,\"height\":1920},{\"@type\":\"BreadcrumbList\",\"@id\":\"http:\\\/\\\/tt-bruchhausen.de\\\/Web\\\/tus-duo-belegt-platz-3-beim-schwerter-tt-cup\\\/#breadcrumb\",\"itemListElement\":[{\"@type\":\"ListItem\",\"position\":1,\"name\":\"Start\",\"item\":\"http:\\\/\\\/tt-bruchhausen.de\\\/Web\\\/\"},{\"@type\":\"ListItem\",\"position\":2,\"name\":\"TuS-Duo belegt Platz 3 beim Schwerter TT-Cup\"}]},{\"@type\":\"WebSite\",\"@id\":\"http:\\\/\\\/tt-bruchhausen.de\\\/Web\\\/#website\",\"url\":\"http:\\\/\\\/tt-bruchhausen.de\\\/Web\\\/\",\"name\":\"TuS Bruchhausen 02 - TT Abteilung\",\"description\":\"Tischtennis im Entondorf\",\"potentialAction\":[{\"@type\":\"SearchAction\",\"target\":{\"@type\":\"EntryPoint\",\"urlTemplate\":\"http:\\\/\\\/tt-bruchhausen.de\\\/Web\\\/?s={search_term_string}\"},\"query-input\":{\"@type\":\"PropertyValueSpecification\",\"valueRequired\":true,\"valueName\":\"search_term_string\"}}],\"inLanguage\":\"de\"},{\"@type\":\"Person\",\"@id\":\"http:\\\/\\\/tt-bruchhausen.de\\\/Web\\\/#\\\/schema\\\/person\\\/8c5d35e003f430988a311361f303e3e2\",\"name\":\"MK\",\"image\":{\"@type\":\"ImageObject\",\"inLanguage\":\"de\",\"@id\":\"https:\\\/\\\/secure.gravatar.com\\\/avatar\\\/b08fdd492f94f070b6fff67dfa1643dae8c7e60b0708012bd8990eddba27596c?s=96&d=mm&r=g\",\"url\":\"https:\\\/\\\/secure.gravatar.com\\\/avatar\\\/b08fdd492f94f070b6fff67dfa1643dae8c7e60b0708012bd8990eddba27596c?s=96&d=mm&r=g\",\"contentUrl\":\"https:\\\/\\\/secure.gravatar.com\\\/avatar\\\/b08fdd492f94f070b6fff67dfa1643dae8c7e60b0708012bd8990eddba27596c?s=96&d=mm&r=g\",\"caption\":\"MK\"},\"sameAs\":[\"http:\\\/\\\/tt-bruchhausen.de\"],\"url\":\"http:\\\/\\\/tt-bruchhausen.de\\\/Web\\\/author\\\/mk\\\/\"}]}<\/script>\n<!-- \/ Yoast SEO plugin. -->","yoast_head_json":{"title":"TuS-Duo belegt Platz 3 beim Schwerter TT-Cup - TuS Bruchhausen 02 - TT Abteilung","robots":{"index":"index","follow":"follow","max-snippet":"max-snippet:-1","max-image-preview":"max-image-preview:large","max-video-preview":"max-video-preview:-1"},"canonical":"http:\/\/tt-bruchhausen.de\/Web\/tus-duo-belegt-platz-3-beim-schwerter-tt-cup\/","og_locale":"de_DE","og_type":"article","og_title":"TuS-Duo belegt Platz 3 beim Schwerter TT-Cup - TuS Bruchhausen 02 - TT Abteilung","og_description":"Am vergangenen Wochenende spielten in Person von Louis L\u00f6hr und Duy-Anh Dinh zwei Spieler des TuS beim Schwerer TT-Cup. Dabei traten die beiden in der [...]","og_url":"http:\/\/tt-bruchhausen.de\/Web\/tus-duo-belegt-platz-3-beim-schwerter-tt-cup\/","og_site_name":"TuS Bruchhausen 02 - TT Abteilung","article_published_time":"2023-06-10T11:23:57+00:00","article_modified_time":"2023-10-19T07:12:18+00:00","og_image":[{"width":2560,"height":1920,"url":"http:\/\/tt-bruchhausen.de\/Web\/wp-content\/uploads\/2023\/06\/EF0E2513-A7E2-466B-A9B4-6275DC6A3660-scaled.jpeg","type":"image\/jpeg"}],"author":"MK","twitter_card":"summary_large_image","twitter_misc":{"Verfasst von":"MK","Gesch\u00e4tzte Lesezeit":"1\u00a0Minute"},"schema":{"@context":"https:\/\/schema.org","@graph":[{"@type":"Article","@id":"http:\/\/tt-bruchhausen.de\/Web\/tus-duo-belegt-platz-3-beim-schwerter-tt-cup\/#article","isPartOf":{"@id":"http:\/\/tt-bruchhausen.de\/Web\/tus-duo-belegt-platz-3-beim-schwerter-tt-cup\/"},"author":{"name":"MK","@id":"http:\/\/tt-bruchhausen.de\/Web\/#\/schema\/person\/8c5d35e003f430988a311361f303e3e2"},"headline":"TuS-Duo belegt Platz 3 beim Schwerter TT-Cup","datePublished":"2023-06-10T11:23:57+00:00","dateModified":"2023-10-19T07:12:18+00:00","mainEntityOfPage":{"@id":"http:\/\/tt-bruchhausen.de\/Web\/tus-duo-belegt-platz-3-beim-schwerter-tt-cup\/"},"wordCount":290,"commentCount":0,"image":{"@id":"http:\/\/tt-bruchhausen.de\/Web\/tus-duo-belegt-platz-3-beim-schwerter-tt-cup\/#primaryimage"},"thumbnailUrl":"http:\/\/tt-bruchhausen.de\/Web\/wp-content\/uploads\/2023\/06\/EF0E2513-A7E2-466B-A9B4-6275DC6A3660-scaled.jpeg","articleSection":["Nachwuchs","Turniere"],"inLanguage":"de","potentialAction":[{"@type":"CommentAction","name":"Comment","target":["http:\/\/tt-bruchhausen.de\/Web\/tus-duo-belegt-platz-3-beim-schwerter-tt-cup\/#respond"]}]},{"@type":"WebPage","@id":"http:\/\/tt-bruchhausen.de\/Web\/tus-duo-belegt-platz-3-beim-schwerter-tt-cup\/","url":"http:\/\/tt-bruchhausen.de\/Web\/tus-duo-belegt-platz-3-beim-schwerter-tt-cup\/","name":"TuS-Duo belegt Platz 3 beim Schwerter TT-Cup - TuS Bruchhausen 02 - TT Abteilung","isPartOf":{"@id":"http:\/\/tt-bruchhausen.de\/Web\/#website"},"primaryImageOfPage":{"@id":"http:\/\/tt-bruchhausen.de\/Web\/tus-duo-belegt-platz-3-beim-schwerter-tt-cup\/#primaryimage"},"image":{"@id":"http:\/\/tt-bruchhausen.de\/Web\/tus-duo-belegt-platz-3-beim-schwerter-tt-cup\/#primaryimage"},"thumbnailUrl":"http:\/\/tt-bruchhausen.de\/Web\/wp-content\/uploads\/2023\/06\/EF0E2513-A7E2-466B-A9B4-6275DC6A3660-scaled.jpeg","datePublished":"2023-06-10T11:23:57+00:00","dateModified":"2023-10-19T07:12:18+00:00","author":{"@id":"http:\/\/tt-bruchhausen.de\/Web\/#\/schema\/person\/8c5d35e003f430988a311361f303e3e2"},"breadcrumb":{"@id":"http:\/\/tt-bruchhausen.de\/Web\/tus-duo-belegt-platz-3-beim-schwerter-tt-cup\/#breadcrumb"},"inLanguage":"de","potentialAction":[{"@type":"ReadAction","target":["http:\/\/tt-bruchhausen.de\/Web\/tus-duo-belegt-platz-3-beim-schwerter-tt-cup\/"]}]},{"@type":"ImageObject","inLanguage":"de","@id":"http:\/\/tt-bruchhausen.de\/Web\/tus-duo-belegt-platz-3-beim-schwerter-tt-cup\/#primaryimage","url":"http:\/\/tt-bruchhausen.de\/Web\/wp-content\/uploads\/2023\/06\/EF0E2513-A7E2-466B-A9B4-6275DC6A3660-scaled.jpeg","contentUrl":"http:\/\/tt-bruchhausen.de\/Web\/wp-content\/uploads\/2023\/06\/EF0E2513-A7E2-466B-A9B4-6275DC6A3660-scaled.jpeg","width":2560,"height":1920},{"@type":"BreadcrumbList","@id":"http:\/\/tt-bruchhausen.de\/Web\/tus-duo-belegt-platz-3-beim-schwerter-tt-cup\/#breadcrumb","itemListElement":[{"@type":"ListItem","position":1,"name":"Start","item":"http:\/\/tt-bruchhausen.de\/Web\/"},{"@type":"ListItem","position":2,"name":"TuS-Duo belegt Platz 3 beim Schwerter TT-Cup"}]},{"@type":"WebSite","@id":"http:\/\/tt-bruchhausen.de\/Web\/#website","url":"http:\/\/tt-bruchhausen.de\/Web\/","name":"TuS Bruchhausen 02 - TT Abteilung","description":"Tischtennis im Entondorf","potentialAction":[{"@type":"SearchAction","target":{"@type":"EntryPoint","urlTemplate":"http:\/\/tt-bruchhausen.de\/Web\/?s={search_term_string}"},"query-input":{"@type":"PropertyValueSpecification","valueRequired":true,"valueName":"search_term_string"}}],"inLanguage":"de"},{"@type":"Person","@id":"http:\/\/tt-bruchhausen.de\/Web\/#\/schema\/person\/8c5d35e003f430988a311361f303e3e2","name":"MK","image":{"@type":"ImageObject","inLanguage":"de","@id":"https:\/\/secure.gravatar.com\/avatar\/b08fdd492f94f070b6fff67dfa1643dae8c7e60b0708012bd8990eddba27596c?s=96&d=mm&r=g","url":"https:\/\/secure.gravatar.com\/avatar\/b08fdd492f94f070b6fff67dfa1643dae8c7e60b0708012bd8990eddba27596c?s=96&d=mm&r=g","contentUrl":"https:\/\/secure.gravatar.com\/avatar\/b08fdd492f94f070b6fff67dfa1643dae8c7e60b0708012bd8990eddba27596c?s=96&d=mm&r=g","caption":"MK"},"sameAs":["http:\/\/tt-bruchhausen.de"],"url":"http:\/\/tt-bruchhausen.de\/Web\/author\/mk\/"}]}},"_links":{"self":[{"href":"http:\/\/tt-bruchhausen.de\/Web\/wp-json\/wp\/v2\/posts\/6493","targetHints":{"allow":["GET"]}}],"collection":[{"href":"http:\/\/tt-bruchhausen.de\/Web\/wp-json\/wp\/v2\/posts"}],"about":[{"href":"http:\/\/tt-bruchhausen.de\/Web\/wp-json\/wp\/v2\/types\/post"}],"author":[{"embeddable":true,"href":"http:\/\/tt-bruchhausen.de\/Web\/wp-json\/wp\/v2\/users\/7"}],"replies":[{"embeddable":true,"href":"http:\/\/tt-bruchhausen.de\/Web\/wp-json\/wp\/v2\/comments?post=6493"}],"version-history":[{"count":4,"href":"http:\/\/tt-bruchhausen.de\/Web\/wp-json\/wp\/v2\/posts\/6493\/revisions"}],"predecessor-version":[{"id":6720,"href":"http:\/\/tt-bruchhausen.de\/Web\/wp-json\/wp\/v2\/posts\/6493\/revisions\/6720"}],"wp:featuredmedia":[{"embeddable":true,"href":"http:\/\/tt-bruchhausen.de\/Web\/wp-json\/wp\/v2\/media\/6501"}],"wp:attachment":[{"href":"http:\/\/tt-bruchhausen.de\/Web\/wp-json\/wp\/v2\/media?parent=6493"}],"wp:term":[{"taxonomy":"category","embeddable":true,"href":"http:\/\/tt-bruchhausen.de\/Web\/wp-json\/wp\/v2\/categories?post=6493"},{"taxonomy":"post_tag","embeddable":true,"href":"http:\/\/tt-bruchhausen.de\/Web\/wp-json\/wp\/v2\/tags?post=6493"}],"curies":[{"name":"wp","href":"https:\/\/api.w.org\/{rel}","templated":true}]}}