{"id":6416,"date":"2023-04-25T18:55:32","date_gmt":"2023-04-25T16:55:32","guid":{"rendered":"http:\/\/tt-bruchhausen.de\/Web\/?p=6416"},"modified":"2023-04-25T19:32:12","modified_gmt":"2023-04-25T17:32:12","slug":"tus-jugend-bei-kreisrangliste-am-start","status":"publish","type":"post","link":"http:\/\/tt-bruchhausen.de\/Web\/tus-jugend-bei-kreisrangliste-am-start\/","title":{"rendered":"TuS Jugend bei Kreisrangliste am Start"},"content":{"rendered":"<p>Am vergangenen Wochenende konnten sich unsere Jugendspieler wieder auf einem Turnier beweisen und brachten dabei teils sehr gute Ergebnisse mit nach Hause. Bei der Vorrunde der Kreisrangliste der Jungen 13 in Wadersloh traten mit Louis L\u00f6hr, Duy-Anh Dinh, Jonathan Goldmann und Damion Bode gleich vier unserer Nachwuchsspieler an und zeigten in ihren jeweiligen Gruppen durchweg gute Leistungen.<\/p>\n<hr \/>\n<p>In Gruppe A ging Louis L\u00f6hr in der einzigen 6er-Gruppe an den Start. Dort zeigte er eine konzentrierte und spielerisch gute Leistung, die &#8211; nach lediglich einer knappen Niederlage im Entscheidungssatz gegen den starken Jonas Beule vom TV Fredeburg &#8211; mit dem 2. Platz und somit der sicheren Qualifikation f\u00fcr die Endrunde in B\u00fcren belohnt wurde.<\/p>\n<p><img decoding=\"async\" class=\"size-full wp-image-6417 aligncenter\" src=\"http:\/\/tt-bruchhausen.de\/Web\/wp-content\/uploads\/2023\/04\/louis_wadersloh_april23.jpg\" alt=\"\" width=\"640\" height=\"480\" srcset=\"http:\/\/tt-bruchhausen.de\/Web\/wp-content\/uploads\/2023\/04\/louis_wadersloh_april23-300x225.jpg 300w, http:\/\/tt-bruchhausen.de\/Web\/wp-content\/uploads\/2023\/04\/louis_wadersloh_april23.jpg 640w\" sizes=\"(max-width: 640px) 100vw, 640px\" \/><\/p>\n<p>In Gruppe C spielte Duy-Anh Dinh bei seiner ersten Rangliste f\u00fcr den TuS gro\u00df auf. Mit einer starken Leistung qualifizierte er sich &#8211; ohne Spiel- und Satzverlust bei sechs Spielen, und somit mit dem 1. Platz &#8211; souver\u00e4n f\u00fcr die Endrunde in B\u00fcren. Ein Ergebnis, mit dem im Vorfeld nicht unbedingt zu rechnen war, das sich Duy-Anh aber durch Trainingsflei\u00df in den letzten Wochen verdient hat.<\/p>\n<p><img decoding=\"async\" class=\"size-full wp-image-6418 aligncenter\" src=\"http:\/\/tt-bruchhausen.de\/Web\/wp-content\/uploads\/2023\/04\/Duy_Anh_Dinh_wadersloh_april23.jpg\" alt=\"\" width=\"800\" height=\"600\" srcset=\"http:\/\/tt-bruchhausen.de\/Web\/wp-content\/uploads\/2023\/04\/Duy_Anh_Dinh_wadersloh_april23-300x225.jpg 300w, http:\/\/tt-bruchhausen.de\/Web\/wp-content\/uploads\/2023\/04\/Duy_Anh_Dinh_wadersloh_april23-768x576.jpg 768w, http:\/\/tt-bruchhausen.de\/Web\/wp-content\/uploads\/2023\/04\/Duy_Anh_Dinh_wadersloh_april23.jpg 800w\" sizes=\"(max-width: 800px) 100vw, 800px\" \/><\/p>\n<p>Jonathan Goldmann spielte in Gruppe B. Dort zeigte auch er eine gute Leistung und k\u00e4mpfte um jeden Ball. Dies wurde bei seiner ersten Rangliste \u00fcberhaupt mit einem Sieg, und mehreren Satzgewinnen belohnt. Gerade gegen den sp\u00e4teren Zweitplatzierten seiner Gruppe zeigte er dabei eine starke Leistung, denn gegen ihn verlor er nur \u00e4u\u00dferst knapp im Entscheidungssatz.<\/p>\n<p><img decoding=\"async\" class=\"size-full wp-image-6419 aligncenter\" src=\"http:\/\/tt-bruchhausen.de\/Web\/wp-content\/uploads\/2023\/04\/jonathan_golgmann_wadersloh_april23.jpg\" alt=\"\" width=\"800\" height=\"600\" srcset=\"http:\/\/tt-bruchhausen.de\/Web\/wp-content\/uploads\/2023\/04\/jonathan_golgmann_wadersloh_april23-300x225.jpg 300w, http:\/\/tt-bruchhausen.de\/Web\/wp-content\/uploads\/2023\/04\/jonathan_golgmann_wadersloh_april23-768x576.jpg 768w, http:\/\/tt-bruchhausen.de\/Web\/wp-content\/uploads\/2023\/04\/jonathan_golgmann_wadersloh_april23.jpg 800w\" sizes=\"(max-width: 800px) 100vw, 800px\" \/><\/p>\n<p>F\u00fcr Damion Bode ging es bei seinem ersten Turnier f\u00fcr den TuS haupts\u00e4chlich darum, erste Erfahrungen zu sammeln. Diese sammelte er in Gruppe C, wo er in seinen Spielen um jeden Ball k\u00e4mpfte. Dieser Kampfgeist wurde sogar fast mit einem Sieg belohnt, aber leider unterlag er knapp im Entscheidungssatz. Trotzdem auch von Damion eine gute Leistung!<\/p>\n<p><img decoding=\"async\" class=\"size-full wp-image-6420 aligncenter\" src=\"http:\/\/tt-bruchhausen.de\/Web\/wp-content\/uploads\/2023\/04\/damian_bode_wadersloh_april23.jpg\" alt=\"\" width=\"800\" height=\"600\" srcset=\"http:\/\/tt-bruchhausen.de\/Web\/wp-content\/uploads\/2023\/04\/damian_bode_wadersloh_april23-300x225.jpg 300w, http:\/\/tt-bruchhausen.de\/Web\/wp-content\/uploads\/2023\/04\/damian_bode_wadersloh_april23-768x576.jpg 768w, http:\/\/tt-bruchhausen.de\/Web\/wp-content\/uploads\/2023\/04\/damian_bode_wadersloh_april23.jpg 800w\" sizes=\"(max-width: 800px) 100vw, 800px\" \/><\/p>\n<hr \/>\n<p>Abschlie\u00dfend kann man sagen, dass alle vier Jungs den TuS w\u00fcrdig bei der Kreisrangliste vertreten haben, daher waren die beiden Betreuer \u201eFuzzi\u201c L\u00f6hr und Melina K\u00f6sling, die die Jungs nach Wadersloh begleitet hatten, zurecht stolz und zufrieden mit den Leistungen der Vier gewesen.<\/p>\n<p>Erw\u00e4hnenswert ist ebenfalls, dass die Vier auch au\u00dferhalb der Platten als Einheit auftraten, denn sie unterst\u00fctzten und feuerten sich bei den Spielen gegenseitig an. Das l\u00e4sst f\u00fcr die kommende Saison, wo sie erstmals als Mannschaft antreten werden, hoffen.<\/p>\n<h6>Melina K\u00f6sling 25.4.23<\/h6>\n<hr \/>\n<p>&nbsp;<\/p>\n","protected":false},"excerpt":{"rendered":"<p>Am vergangenen Wochenende konnten sich unsere Jugendspieler wieder auf einem Turnier beweisen und brachten dabei teils sehr gute Ergebnisse mit nach Hause. Bei der Vorrunde  [&#8230;]<\/p>\n","protected":false},"author":1,"featured_media":0,"comment_status":"open","ping_status":"open","sticky":false,"template":"","format":"standard","meta":{"kia_subtitle":"","_themeisle_gutenberg_block_has_review":false,"footnotes":""},"categories":[1,6,12],"tags":[],"class_list":["post-6416","post","type-post","status-publish","format-standard","hentry","category-1-allgemein","category-1-nachwuchs","category-1-turniere"],"yoast_head":"<!-- This site is optimized with the Yoast SEO plugin v28.4 - https:\/\/yoast.com\/product\/yoast-seo-wordpress\/ -->\n<title>TuS Jugend bei Kreisrangliste am Start - TuS Bruchhausen 02 - TT Abteilung<\/title>\n<meta name=\"robots\" content=\"index, follow, max-snippet:-1, max-image-preview:large, max-video-preview:-1\" \/>\n<link rel=\"canonical\" href=\"http:\/\/tt-bruchhausen.de\/Web\/tus-jugend-bei-kreisrangliste-am-start\/\" \/>\n<meta property=\"og:locale\" content=\"de_DE\" \/>\n<meta property=\"og:type\" content=\"article\" \/>\n<meta property=\"og:title\" content=\"TuS Jugend bei Kreisrangliste am Start - TuS Bruchhausen 02 - TT Abteilung\" \/>\n<meta property=\"og:description\" content=\"Am vergangenen Wochenende konnten sich unsere Jugendspieler wieder auf einem Turnier beweisen und brachten dabei teils sehr gute Ergebnisse mit nach Hause. Bei der Vorrunde [...]\" \/>\n<meta property=\"og:url\" content=\"http:\/\/tt-bruchhausen.de\/Web\/tus-jugend-bei-kreisrangliste-am-start\/\" \/>\n<meta property=\"og:site_name\" content=\"TuS Bruchhausen 02 - TT Abteilung\" \/>\n<meta property=\"article:published_time\" content=\"2023-04-25T16:55:32+00:00\" \/>\n<meta property=\"article:modified_time\" content=\"2023-04-25T17:32:12+00:00\" \/>\n<meta property=\"og:image\" content=\"http:\/\/tt-bruchhausen.de\/Web\/wp-content\/uploads\/2023\/04\/louis_wadersloh_april23.jpg\" \/>\n<meta name=\"author\" content=\"hcoels\" \/>\n<meta name=\"twitter:card\" content=\"summary_large_image\" \/>\n<meta name=\"twitter:label1\" content=\"Verfasst von\" \/>\n\t<meta name=\"twitter:data1\" content=\"hcoels\" \/>\n\t<meta name=\"twitter:label2\" content=\"Gesch\u00e4tzte Lesezeit\" \/>\n\t<meta name=\"twitter:data2\" content=\"2\u00a0Minuten\" \/>\n<script type=\"application\/ld+json\" class=\"yoast-schema-graph\">{\"@context\":\"https:\\\/\\\/schema.org\",\"@graph\":[{\"@type\":\"Article\",\"@id\":\"http:\\\/\\\/tt-bruchhausen.de\\\/Web\\\/tus-jugend-bei-kreisrangliste-am-start\\\/#article\",\"isPartOf\":{\"@id\":\"http:\\\/\\\/tt-bruchhausen.de\\\/Web\\\/tus-jugend-bei-kreisrangliste-am-start\\\/\"},\"author\":{\"name\":\"hcoels\",\"@id\":\"http:\\\/\\\/tt-bruchhausen.de\\\/Web\\\/#\\\/schema\\\/person\\\/5b848b23f9d6f6b51911da8dca8673d4\"},\"headline\":\"TuS Jugend bei Kreisrangliste am Start\",\"datePublished\":\"2023-04-25T16:55:32+00:00\",\"dateModified\":\"2023-04-25T17:32:12+00:00\",\"mainEntityOfPage\":{\"@id\":\"http:\\\/\\\/tt-bruchhausen.de\\\/Web\\\/tus-jugend-bei-kreisrangliste-am-start\\\/\"},\"wordCount\":402,\"commentCount\":1,\"image\":{\"@id\":\"http:\\\/\\\/tt-bruchhausen.de\\\/Web\\\/tus-jugend-bei-kreisrangliste-am-start\\\/#primaryimage\"},\"thumbnailUrl\":\"http:\\\/\\\/tt-bruchhausen.de\\\/Web\\\/wp-content\\\/uploads\\\/2023\\\/04\\\/louis_wadersloh_april23.jpg\",\"articleSection\":[\"Allgemein\\\/News\",\"Nachwuchs\",\"Turniere\"],\"inLanguage\":\"de\",\"potentialAction\":[{\"@type\":\"CommentAction\",\"name\":\"Comment\",\"target\":[\"http:\\\/\\\/tt-bruchhausen.de\\\/Web\\\/tus-jugend-bei-kreisrangliste-am-start\\\/#respond\"]}]},{\"@type\":\"WebPage\",\"@id\":\"http:\\\/\\\/tt-bruchhausen.de\\\/Web\\\/tus-jugend-bei-kreisrangliste-am-start\\\/\",\"url\":\"http:\\\/\\\/tt-bruchhausen.de\\\/Web\\\/tus-jugend-bei-kreisrangliste-am-start\\\/\",\"name\":\"TuS Jugend bei Kreisrangliste am Start - TuS Bruchhausen 02 - TT Abteilung\",\"isPartOf\":{\"@id\":\"http:\\\/\\\/tt-bruchhausen.de\\\/Web\\\/#website\"},\"primaryImageOfPage\":{\"@id\":\"http:\\\/\\\/tt-bruchhausen.de\\\/Web\\\/tus-jugend-bei-kreisrangliste-am-start\\\/#primaryimage\"},\"image\":{\"@id\":\"http:\\\/\\\/tt-bruchhausen.de\\\/Web\\\/tus-jugend-bei-kreisrangliste-am-start\\\/#primaryimage\"},\"thumbnailUrl\":\"http:\\\/\\\/tt-bruchhausen.de\\\/Web\\\/wp-content\\\/uploads\\\/2023\\\/04\\\/louis_wadersloh_april23.jpg\",\"datePublished\":\"2023-04-25T16:55:32+00:00\",\"dateModified\":\"2023-04-25T17:32:12+00:00\",\"author\":{\"@id\":\"http:\\\/\\\/tt-bruchhausen.de\\\/Web\\\/#\\\/schema\\\/person\\\/5b848b23f9d6f6b51911da8dca8673d4\"},\"breadcrumb\":{\"@id\":\"http:\\\/\\\/tt-bruchhausen.de\\\/Web\\\/tus-jugend-bei-kreisrangliste-am-start\\\/#breadcrumb\"},\"inLanguage\":\"de\",\"potentialAction\":[{\"@type\":\"ReadAction\",\"target\":[\"http:\\\/\\\/tt-bruchhausen.de\\\/Web\\\/tus-jugend-bei-kreisrangliste-am-start\\\/\"]}]},{\"@type\":\"ImageObject\",\"inLanguage\":\"de\",\"@id\":\"http:\\\/\\\/tt-bruchhausen.de\\\/Web\\\/tus-jugend-bei-kreisrangliste-am-start\\\/#primaryimage\",\"url\":\"http:\\\/\\\/tt-bruchhausen.de\\\/Web\\\/wp-content\\\/uploads\\\/2023\\\/04\\\/louis_wadersloh_april23.jpg\",\"contentUrl\":\"http:\\\/\\\/tt-bruchhausen.de\\\/Web\\\/wp-content\\\/uploads\\\/2023\\\/04\\\/louis_wadersloh_april23.jpg\",\"width\":640,\"height\":480},{\"@type\":\"BreadcrumbList\",\"@id\":\"http:\\\/\\\/tt-bruchhausen.de\\\/Web\\\/tus-jugend-bei-kreisrangliste-am-start\\\/#breadcrumb\",\"itemListElement\":[{\"@type\":\"ListItem\",\"position\":1,\"name\":\"Start\",\"item\":\"http:\\\/\\\/tt-bruchhausen.de\\\/Web\\\/\"},{\"@type\":\"ListItem\",\"position\":2,\"name\":\"TuS Jugend bei Kreisrangliste am Start\"}]},{\"@type\":\"WebSite\",\"@id\":\"http:\\\/\\\/tt-bruchhausen.de\\\/Web\\\/#website\",\"url\":\"http:\\\/\\\/tt-bruchhausen.de\\\/Web\\\/\",\"name\":\"TuS Bruchhausen 02 - TT Abteilung\",\"description\":\"Tischtennis im Entondorf\",\"potentialAction\":[{\"@type\":\"SearchAction\",\"target\":{\"@type\":\"EntryPoint\",\"urlTemplate\":\"http:\\\/\\\/tt-bruchhausen.de\\\/Web\\\/?s={search_term_string}\"},\"query-input\":{\"@type\":\"PropertyValueSpecification\",\"valueRequired\":true,\"valueName\":\"search_term_string\"}}],\"inLanguage\":\"de\"},{\"@type\":\"Person\",\"@id\":\"http:\\\/\\\/tt-bruchhausen.de\\\/Web\\\/#\\\/schema\\\/person\\\/5b848b23f9d6f6b51911da8dca8673d4\",\"name\":\"hcoels\",\"image\":{\"@type\":\"ImageObject\",\"inLanguage\":\"de\",\"@id\":\"https:\\\/\\\/secure.gravatar.com\\\/avatar\\\/d351b66730ed647c7cd787c95779789fdef9e11e0073d715b25d18ba342bb98e?s=96&d=mm&r=g\",\"url\":\"https:\\\/\\\/secure.gravatar.com\\\/avatar\\\/d351b66730ed647c7cd787c95779789fdef9e11e0073d715b25d18ba342bb98e?s=96&d=mm&r=g\",\"contentUrl\":\"https:\\\/\\\/secure.gravatar.com\\\/avatar\\\/d351b66730ed647c7cd787c95779789fdef9e11e0073d715b25d18ba342bb98e?s=96&d=mm&r=g\",\"caption\":\"hcoels\"},\"sameAs\":[\"http:\\\/\\\/www.musikzirkus.eu\"],\"url\":\"http:\\\/\\\/tt-bruchhausen.de\\\/Web\\\/author\\\/hcoels\\\/\"}]}<\/script>\n<!-- \/ Yoast SEO plugin. -->","yoast_head_json":{"title":"TuS Jugend bei Kreisrangliste am Start - TuS Bruchhausen 02 - TT Abteilung","robots":{"index":"index","follow":"follow","max-snippet":"max-snippet:-1","max-image-preview":"max-image-preview:large","max-video-preview":"max-video-preview:-1"},"canonical":"http:\/\/tt-bruchhausen.de\/Web\/tus-jugend-bei-kreisrangliste-am-start\/","og_locale":"de_DE","og_type":"article","og_title":"TuS Jugend bei Kreisrangliste am Start - TuS Bruchhausen 02 - TT Abteilung","og_description":"Am vergangenen Wochenende konnten sich unsere Jugendspieler wieder auf einem Turnier beweisen und brachten dabei teils sehr gute Ergebnisse mit nach Hause. Bei der Vorrunde [...]","og_url":"http:\/\/tt-bruchhausen.de\/Web\/tus-jugend-bei-kreisrangliste-am-start\/","og_site_name":"TuS Bruchhausen 02 - TT Abteilung","article_published_time":"2023-04-25T16:55:32+00:00","article_modified_time":"2023-04-25T17:32:12+00:00","og_image":[{"url":"http:\/\/tt-bruchhausen.de\/Web\/wp-content\/uploads\/2023\/04\/louis_wadersloh_april23.jpg","type":"","width":"","height":""}],"author":"hcoels","twitter_card":"summary_large_image","twitter_misc":{"Verfasst von":"hcoels","Gesch\u00e4tzte Lesezeit":"2\u00a0Minuten"},"schema":{"@context":"https:\/\/schema.org","@graph":[{"@type":"Article","@id":"http:\/\/tt-bruchhausen.de\/Web\/tus-jugend-bei-kreisrangliste-am-start\/#article","isPartOf":{"@id":"http:\/\/tt-bruchhausen.de\/Web\/tus-jugend-bei-kreisrangliste-am-start\/"},"author":{"name":"hcoels","@id":"http:\/\/tt-bruchhausen.de\/Web\/#\/schema\/person\/5b848b23f9d6f6b51911da8dca8673d4"},"headline":"TuS Jugend bei Kreisrangliste am Start","datePublished":"2023-04-25T16:55:32+00:00","dateModified":"2023-04-25T17:32:12+00:00","mainEntityOfPage":{"@id":"http:\/\/tt-bruchhausen.de\/Web\/tus-jugend-bei-kreisrangliste-am-start\/"},"wordCount":402,"commentCount":1,"image":{"@id":"http:\/\/tt-bruchhausen.de\/Web\/tus-jugend-bei-kreisrangliste-am-start\/#primaryimage"},"thumbnailUrl":"http:\/\/tt-bruchhausen.de\/Web\/wp-content\/uploads\/2023\/04\/louis_wadersloh_april23.jpg","articleSection":["Allgemein\/News","Nachwuchs","Turniere"],"inLanguage":"de","potentialAction":[{"@type":"CommentAction","name":"Comment","target":["http:\/\/tt-bruchhausen.de\/Web\/tus-jugend-bei-kreisrangliste-am-start\/#respond"]}]},{"@type":"WebPage","@id":"http:\/\/tt-bruchhausen.de\/Web\/tus-jugend-bei-kreisrangliste-am-start\/","url":"http:\/\/tt-bruchhausen.de\/Web\/tus-jugend-bei-kreisrangliste-am-start\/","name":"TuS Jugend bei Kreisrangliste am Start - TuS Bruchhausen 02 - TT Abteilung","isPartOf":{"@id":"http:\/\/tt-bruchhausen.de\/Web\/#website"},"primaryImageOfPage":{"@id":"http:\/\/tt-bruchhausen.de\/Web\/tus-jugend-bei-kreisrangliste-am-start\/#primaryimage"},"image":{"@id":"http:\/\/tt-bruchhausen.de\/Web\/tus-jugend-bei-kreisrangliste-am-start\/#primaryimage"},"thumbnailUrl":"http:\/\/tt-bruchhausen.de\/Web\/wp-content\/uploads\/2023\/04\/louis_wadersloh_april23.jpg","datePublished":"2023-04-25T16:55:32+00:00","dateModified":"2023-04-25T17:32:12+00:00","author":{"@id":"http:\/\/tt-bruchhausen.de\/Web\/#\/schema\/person\/5b848b23f9d6f6b51911da8dca8673d4"},"breadcrumb":{"@id":"http:\/\/tt-bruchhausen.de\/Web\/tus-jugend-bei-kreisrangliste-am-start\/#breadcrumb"},"inLanguage":"de","potentialAction":[{"@type":"ReadAction","target":["http:\/\/tt-bruchhausen.de\/Web\/tus-jugend-bei-kreisrangliste-am-start\/"]}]},{"@type":"ImageObject","inLanguage":"de","@id":"http:\/\/tt-bruchhausen.de\/Web\/tus-jugend-bei-kreisrangliste-am-start\/#primaryimage","url":"http:\/\/tt-bruchhausen.de\/Web\/wp-content\/uploads\/2023\/04\/louis_wadersloh_april23.jpg","contentUrl":"http:\/\/tt-bruchhausen.de\/Web\/wp-content\/uploads\/2023\/04\/louis_wadersloh_april23.jpg","width":640,"height":480},{"@type":"BreadcrumbList","@id":"http:\/\/tt-bruchhausen.de\/Web\/tus-jugend-bei-kreisrangliste-am-start\/#breadcrumb","itemListElement":[{"@type":"ListItem","position":1,"name":"Start","item":"http:\/\/tt-bruchhausen.de\/Web\/"},{"@type":"ListItem","position":2,"name":"TuS Jugend bei Kreisrangliste am Start"}]},{"@type":"WebSite","@id":"http:\/\/tt-bruchhausen.de\/Web\/#website","url":"http:\/\/tt-bruchhausen.de\/Web\/","name":"TuS Bruchhausen 02 - TT Abteilung","description":"Tischtennis im Entondorf","potentialAction":[{"@type":"SearchAction","target":{"@type":"EntryPoint","urlTemplate":"http:\/\/tt-bruchhausen.de\/Web\/?s={search_term_string}"},"query-input":{"@type":"PropertyValueSpecification","valueRequired":true,"valueName":"search_term_string"}}],"inLanguage":"de"},{"@type":"Person","@id":"http:\/\/tt-bruchhausen.de\/Web\/#\/schema\/person\/5b848b23f9d6f6b51911da8dca8673d4","name":"hcoels","image":{"@type":"ImageObject","inLanguage":"de","@id":"https:\/\/secure.gravatar.com\/avatar\/d351b66730ed647c7cd787c95779789fdef9e11e0073d715b25d18ba342bb98e?s=96&d=mm&r=g","url":"https:\/\/secure.gravatar.com\/avatar\/d351b66730ed647c7cd787c95779789fdef9e11e0073d715b25d18ba342bb98e?s=96&d=mm&r=g","contentUrl":"https:\/\/secure.gravatar.com\/avatar\/d351b66730ed647c7cd787c95779789fdef9e11e0073d715b25d18ba342bb98e?s=96&d=mm&r=g","caption":"hcoels"},"sameAs":["http:\/\/www.musikzirkus.eu"],"url":"http:\/\/tt-bruchhausen.de\/Web\/author\/hcoels\/"}]}},"_links":{"self":[{"href":"http:\/\/tt-bruchhausen.de\/Web\/wp-json\/wp\/v2\/posts\/6416","targetHints":{"allow":["GET"]}}],"collection":[{"href":"http:\/\/tt-bruchhausen.de\/Web\/wp-json\/wp\/v2\/posts"}],"about":[{"href":"http:\/\/tt-bruchhausen.de\/Web\/wp-json\/wp\/v2\/types\/post"}],"author":[{"embeddable":true,"href":"http:\/\/tt-bruchhausen.de\/Web\/wp-json\/wp\/v2\/users\/1"}],"replies":[{"embeddable":true,"href":"http:\/\/tt-bruchhausen.de\/Web\/wp-json\/wp\/v2\/comments?post=6416"}],"version-history":[{"count":2,"href":"http:\/\/tt-bruchhausen.de\/Web\/wp-json\/wp\/v2\/posts\/6416\/revisions"}],"predecessor-version":[{"id":6423,"href":"http:\/\/tt-bruchhausen.de\/Web\/wp-json\/wp\/v2\/posts\/6416\/revisions\/6423"}],"wp:attachment":[{"href":"http:\/\/tt-bruchhausen.de\/Web\/wp-json\/wp\/v2\/media?parent=6416"}],"wp:term":[{"taxonomy":"category","embeddable":true,"href":"http:\/\/tt-bruchhausen.de\/Web\/wp-json\/wp\/v2\/categories?post=6416"},{"taxonomy":"post_tag","embeddable":true,"href":"http:\/\/tt-bruchhausen.de\/Web\/wp-json\/wp\/v2\/tags?post=6416"}],"curies":[{"name":"wp","href":"https:\/\/api.w.org\/{rel}","templated":true}]}}