{"id":6346,"date":"2023-03-26T14:40:52","date_gmt":"2023-03-26T12:40:52","guid":{"rendered":"http:\/\/tt-bruchhausen.de\/Web\/?p=6346"},"modified":"2023-10-21T18:11:24","modified_gmt":"2023-10-21T16:11:24","slug":"minis-des-tus-erfolgreich-beim-kreisentscheid","status":"publish","type":"post","link":"http:\/\/tt-bruchhausen.de\/Web\/minis-des-tus-erfolgreich-beim-kreisentscheid\/","title":{"rendered":"\u201eMinis\u201c des TuS erfolgreich beim Kreisentscheid"},"content":{"rendered":"<p>Nachdem sich unsere J\u00fcngsten im Januar beim Ortsentscheid in Neheim (<a href=\"http:\/\/tt-bruchhausen.de\/Web\/tus-02-erfolgreich-bei-den-40-mini-meisterschaften-des-ttv\/\">http:\/\/tt-bruchhausen.de\/Web\/tus-02-erfolgreich-bei-den-40-mini-meisterschaften-des-ttv\/<\/a>) f\u00fcr die n\u00e4chste Runde der 40. Mini-Meisterschaften qualifizieren konnten, starteten sie nun beim Kreisentscheid in Soest. Dabei wurden sie, wie bereits zuvor in Neheim, von Betreuer \u201eFuzzi\u201c L\u00f6hr und seinem Sohn Louis sowie von einigen Eltern begleitet und unterst\u00fctzt.<\/p>\n<p>Die TuS-Farben vertraten dabei in der Altersklasse der 11-\/12-J\u00e4hrigen (Jahrg\u00e4nge 2010\/2011) Duy-Anh Dinh, Jonathan Goldmann und Damion Bode und in der Altersklasse 8 Jahre und j\u00fcnger (Jahrg\u00e4nge 2014 und j\u00fcnger) Benedikt Goldmann.<\/p>\n<p>Alle vier Jungen zeigten tolle Leistungen und konnten sich dadurch Platzierungen in den Top-10 erspielen. Dabei stach der 2. Platz von Duy-Anh Dinh besonders hervor, aber auch Jonathan Goldmann als 7., Damion Bode als 10., und Benedikt Goldmann in der j\u00fcngsten Altersklasse als 6., konnten \u00fcberzeugen.<\/p>\n<p>Durch ihre guten Platzierungen haben sich alle vier TuS-Jungen f\u00fcr die n\u00e4chste Runde, den Bezirksentscheid in Menden qualifiziert. Man darf gespannt sein, wie sie sich dort Ende April schlagen werden.<\/p>\n<p><img decoding=\"async\" class=\"aligncenter size-full wp-image-6348\" src=\"http:\/\/tt-bruchhausen.de\/Web\/wp-content\/uploads\/2023\/03\/Mini-Entscheid-Jungen.jpg\" alt=\"\" width=\"2016\" height=\"1512\" srcset=\"http:\/\/tt-bruchhausen.de\/Web\/wp-content\/uploads\/2023\/03\/Mini-Entscheid-Jungen-300x225.jpg 300w, http:\/\/tt-bruchhausen.de\/Web\/wp-content\/uploads\/2023\/03\/Mini-Entscheid-Jungen-768x576.jpg 768w, http:\/\/tt-bruchhausen.de\/Web\/wp-content\/uploads\/2023\/03\/Mini-Entscheid-Jungen-1365x1024.jpg 1365w, http:\/\/tt-bruchhausen.de\/Web\/wp-content\/uploads\/2023\/03\/Mini-Entscheid-Jungen-1536x1152.jpg 1536w, http:\/\/tt-bruchhausen.de\/Web\/wp-content\/uploads\/2023\/03\/Mini-Entscheid-Jungen.jpg 2016w\" sizes=\"(max-width: 2016px) 100vw, 2016px\" \/><\/p>\n<p>von links: Jonathan Goldmann, Louis L\u00f6hr, Damion Bode, Benedikt Goldmann, Duy Anh Dinh<\/p>\n<p>(MK)<\/p>\n","protected":false},"excerpt":{"rendered":"<p>Nachdem sich unsere J\u00fcngsten im Januar beim Ortsentscheid in Neheim (http:\/\/tt-bruchhausen.de\/Web\/tus-02-erfolgreich-bei-den-40-mini-meisterschaften-des-ttv\/) f\u00fcr die n\u00e4chste Runde der 40. Mini-Meisterschaften qualifizieren konnten, starteten sie nun beim Kreisentscheid  [&#8230;]<\/p>\n","protected":false},"author":4,"featured_media":6348,"comment_status":"open","ping_status":"open","sticky":false,"template":"","format":"standard","meta":{"kia_subtitle":"Jugendarbeit zahlt sich aus","_themeisle_gutenberg_block_has_review":false,"footnotes":""},"categories":[6,12],"tags":[],"class_list":["post-6346","post","type-post","status-publish","format-standard","has-post-thumbnail","hentry","category-1-nachwuchs","category-1-turniere"],"yoast_head":"<!-- This site is optimized with the Yoast SEO plugin v28.4 - https:\/\/yoast.com\/product\/yoast-seo-wordpress\/ -->\n<title>\u201eMinis\u201c des TuS erfolgreich beim Kreisentscheid - TuS Bruchhausen 02 - TT Abteilung<\/title>\n<meta name=\"robots\" content=\"index, follow, max-snippet:-1, max-image-preview:large, max-video-preview:-1\" \/>\n<link rel=\"canonical\" href=\"http:\/\/tt-bruchhausen.de\/Web\/minis-des-tus-erfolgreich-beim-kreisentscheid\/\" \/>\n<meta property=\"og:locale\" content=\"de_DE\" \/>\n<meta property=\"og:type\" content=\"article\" \/>\n<meta property=\"og:title\" content=\"\u201eMinis\u201c des TuS erfolgreich beim Kreisentscheid - TuS Bruchhausen 02 - TT Abteilung\" \/>\n<meta property=\"og:description\" content=\"Nachdem sich unsere J\u00fcngsten im Januar beim Ortsentscheid in Neheim (http:\/\/tt-bruchhausen.de\/Web\/tus-02-erfolgreich-bei-den-40-mini-meisterschaften-des-ttv\/) f\u00fcr die n\u00e4chste Runde der 40. Mini-Meisterschaften qualifizieren konnten, starteten sie nun beim Kreisentscheid [...]\" \/>\n<meta property=\"og:url\" content=\"http:\/\/tt-bruchhausen.de\/Web\/minis-des-tus-erfolgreich-beim-kreisentscheid\/\" \/>\n<meta property=\"og:site_name\" content=\"TuS Bruchhausen 02 - TT Abteilung\" \/>\n<meta property=\"article:published_time\" content=\"2023-03-26T12:40:52+00:00\" \/>\n<meta property=\"article:modified_time\" content=\"2023-10-21T16:11:24+00:00\" \/>\n<meta property=\"og:image\" content=\"http:\/\/tt-bruchhausen.de\/Web\/wp-content\/uploads\/2023\/03\/Mini-Entscheid-Jungen.jpg\" \/>\n\t<meta property=\"og:image:width\" content=\"2016\" \/>\n\t<meta property=\"og:image:height\" content=\"1512\" \/>\n\t<meta property=\"og:image:type\" content=\"image\/jpeg\" \/>\n<meta name=\"author\" content=\"Fabian Willeke\" \/>\n<meta name=\"twitter:card\" content=\"summary_large_image\" \/>\n<meta name=\"twitter:label1\" content=\"Verfasst von\" \/>\n\t<meta name=\"twitter:data1\" content=\"Fabian Willeke\" \/>\n\t<meta name=\"twitter:label2\" content=\"Gesch\u00e4tzte Lesezeit\" \/>\n\t<meta name=\"twitter:data2\" content=\"1\u00a0Minute\" \/>\n<script type=\"application\/ld+json\" class=\"yoast-schema-graph\">{\"@context\":\"https:\\\/\\\/schema.org\",\"@graph\":[{\"@type\":\"Article\",\"@id\":\"http:\\\/\\\/tt-bruchhausen.de\\\/Web\\\/minis-des-tus-erfolgreich-beim-kreisentscheid\\\/#article\",\"isPartOf\":{\"@id\":\"http:\\\/\\\/tt-bruchhausen.de\\\/Web\\\/minis-des-tus-erfolgreich-beim-kreisentscheid\\\/\"},\"author\":{\"name\":\"Fabian Willeke\",\"@id\":\"http:\\\/\\\/tt-bruchhausen.de\\\/Web\\\/#\\\/schema\\\/person\\\/7c735958f443bed6480f227cb3676192\"},\"headline\":\"\u201eMinis\u201c des TuS erfolgreich beim Kreisentscheid\",\"datePublished\":\"2023-03-26T12:40:52+00:00\",\"dateModified\":\"2023-10-21T16:11:24+00:00\",\"mainEntityOfPage\":{\"@id\":\"http:\\\/\\\/tt-bruchhausen.de\\\/Web\\\/minis-des-tus-erfolgreich-beim-kreisentscheid\\\/\"},\"wordCount\":191,\"commentCount\":0,\"image\":{\"@id\":\"http:\\\/\\\/tt-bruchhausen.de\\\/Web\\\/minis-des-tus-erfolgreich-beim-kreisentscheid\\\/#primaryimage\"},\"thumbnailUrl\":\"http:\\\/\\\/tt-bruchhausen.de\\\/Web\\\/wp-content\\\/uploads\\\/2023\\\/03\\\/Mini-Entscheid-Jungen.jpg\",\"articleSection\":[\"Nachwuchs\",\"Turniere\"],\"inLanguage\":\"de\",\"potentialAction\":[{\"@type\":\"CommentAction\",\"name\":\"Comment\",\"target\":[\"http:\\\/\\\/tt-bruchhausen.de\\\/Web\\\/minis-des-tus-erfolgreich-beim-kreisentscheid\\\/#respond\"]}]},{\"@type\":\"WebPage\",\"@id\":\"http:\\\/\\\/tt-bruchhausen.de\\\/Web\\\/minis-des-tus-erfolgreich-beim-kreisentscheid\\\/\",\"url\":\"http:\\\/\\\/tt-bruchhausen.de\\\/Web\\\/minis-des-tus-erfolgreich-beim-kreisentscheid\\\/\",\"name\":\"\u201eMinis\u201c des TuS erfolgreich beim Kreisentscheid - TuS Bruchhausen 02 - TT Abteilung\",\"isPartOf\":{\"@id\":\"http:\\\/\\\/tt-bruchhausen.de\\\/Web\\\/#website\"},\"primaryImageOfPage\":{\"@id\":\"http:\\\/\\\/tt-bruchhausen.de\\\/Web\\\/minis-des-tus-erfolgreich-beim-kreisentscheid\\\/#primaryimage\"},\"image\":{\"@id\":\"http:\\\/\\\/tt-bruchhausen.de\\\/Web\\\/minis-des-tus-erfolgreich-beim-kreisentscheid\\\/#primaryimage\"},\"thumbnailUrl\":\"http:\\\/\\\/tt-bruchhausen.de\\\/Web\\\/wp-content\\\/uploads\\\/2023\\\/03\\\/Mini-Entscheid-Jungen.jpg\",\"datePublished\":\"2023-03-26T12:40:52+00:00\",\"dateModified\":\"2023-10-21T16:11:24+00:00\",\"author\":{\"@id\":\"http:\\\/\\\/tt-bruchhausen.de\\\/Web\\\/#\\\/schema\\\/person\\\/7c735958f443bed6480f227cb3676192\"},\"breadcrumb\":{\"@id\":\"http:\\\/\\\/tt-bruchhausen.de\\\/Web\\\/minis-des-tus-erfolgreich-beim-kreisentscheid\\\/#breadcrumb\"},\"inLanguage\":\"de\",\"potentialAction\":[{\"@type\":\"ReadAction\",\"target\":[\"http:\\\/\\\/tt-bruchhausen.de\\\/Web\\\/minis-des-tus-erfolgreich-beim-kreisentscheid\\\/\"]}]},{\"@type\":\"ImageObject\",\"inLanguage\":\"de\",\"@id\":\"http:\\\/\\\/tt-bruchhausen.de\\\/Web\\\/minis-des-tus-erfolgreich-beim-kreisentscheid\\\/#primaryimage\",\"url\":\"http:\\\/\\\/tt-bruchhausen.de\\\/Web\\\/wp-content\\\/uploads\\\/2023\\\/03\\\/Mini-Entscheid-Jungen.jpg\",\"contentUrl\":\"http:\\\/\\\/tt-bruchhausen.de\\\/Web\\\/wp-content\\\/uploads\\\/2023\\\/03\\\/Mini-Entscheid-Jungen.jpg\",\"width\":2016,\"height\":1512},{\"@type\":\"BreadcrumbList\",\"@id\":\"http:\\\/\\\/tt-bruchhausen.de\\\/Web\\\/minis-des-tus-erfolgreich-beim-kreisentscheid\\\/#breadcrumb\",\"itemListElement\":[{\"@type\":\"ListItem\",\"position\":1,\"name\":\"Start\",\"item\":\"http:\\\/\\\/tt-bruchhausen.de\\\/Web\\\/\"},{\"@type\":\"ListItem\",\"position\":2,\"name\":\"\u201eMinis\u201c des TuS erfolgreich beim Kreisentscheid\"}]},{\"@type\":\"WebSite\",\"@id\":\"http:\\\/\\\/tt-bruchhausen.de\\\/Web\\\/#website\",\"url\":\"http:\\\/\\\/tt-bruchhausen.de\\\/Web\\\/\",\"name\":\"TuS Bruchhausen 02 - TT Abteilung\",\"description\":\"Tischtennis im Entondorf\",\"potentialAction\":[{\"@type\":\"SearchAction\",\"target\":{\"@type\":\"EntryPoint\",\"urlTemplate\":\"http:\\\/\\\/tt-bruchhausen.de\\\/Web\\\/?s={search_term_string}\"},\"query-input\":{\"@type\":\"PropertyValueSpecification\",\"valueRequired\":true,\"valueName\":\"search_term_string\"}}],\"inLanguage\":\"de\"},{\"@type\":\"Person\",\"@id\":\"http:\\\/\\\/tt-bruchhausen.de\\\/Web\\\/#\\\/schema\\\/person\\\/7c735958f443bed6480f227cb3676192\",\"name\":\"Fabian Willeke\",\"image\":{\"@type\":\"ImageObject\",\"inLanguage\":\"de\",\"@id\":\"https:\\\/\\\/secure.gravatar.com\\\/avatar\\\/af5e7cc9f1c13b7bf8b459810c41d1270d104693cd0048ec11a10acb24a19def?s=96&d=mm&r=g\",\"url\":\"https:\\\/\\\/secure.gravatar.com\\\/avatar\\\/af5e7cc9f1c13b7bf8b459810c41d1270d104693cd0048ec11a10acb24a19def?s=96&d=mm&r=g\",\"contentUrl\":\"https:\\\/\\\/secure.gravatar.com\\\/avatar\\\/af5e7cc9f1c13b7bf8b459810c41d1270d104693cd0048ec11a10acb24a19def?s=96&d=mm&r=g\",\"caption\":\"Fabian Willeke\"},\"sameAs\":[\"http:\\\/\\\/TT-Bruchhausen.de\"],\"url\":\"http:\\\/\\\/tt-bruchhausen.de\\\/Web\\\/author\\\/fabian\\\/\"}]}<\/script>\n<!-- \/ Yoast SEO plugin. -->","yoast_head_json":{"title":"\u201eMinis\u201c des TuS erfolgreich beim Kreisentscheid - TuS Bruchhausen 02 - TT Abteilung","robots":{"index":"index","follow":"follow","max-snippet":"max-snippet:-1","max-image-preview":"max-image-preview:large","max-video-preview":"max-video-preview:-1"},"canonical":"http:\/\/tt-bruchhausen.de\/Web\/minis-des-tus-erfolgreich-beim-kreisentscheid\/","og_locale":"de_DE","og_type":"article","og_title":"\u201eMinis\u201c des TuS erfolgreich beim Kreisentscheid - TuS Bruchhausen 02 - TT Abteilung","og_description":"Nachdem sich unsere J\u00fcngsten im Januar beim Ortsentscheid in Neheim (http:\/\/tt-bruchhausen.de\/Web\/tus-02-erfolgreich-bei-den-40-mini-meisterschaften-des-ttv\/) f\u00fcr die n\u00e4chste Runde der 40. Mini-Meisterschaften qualifizieren konnten, starteten sie nun beim Kreisentscheid [...]","og_url":"http:\/\/tt-bruchhausen.de\/Web\/minis-des-tus-erfolgreich-beim-kreisentscheid\/","og_site_name":"TuS Bruchhausen 02 - TT Abteilung","article_published_time":"2023-03-26T12:40:52+00:00","article_modified_time":"2023-10-21T16:11:24+00:00","og_image":[{"width":2016,"height":1512,"url":"http:\/\/tt-bruchhausen.de\/Web\/wp-content\/uploads\/2023\/03\/Mini-Entscheid-Jungen.jpg","type":"image\/jpeg"}],"author":"Fabian Willeke","twitter_card":"summary_large_image","twitter_misc":{"Verfasst von":"Fabian Willeke","Gesch\u00e4tzte Lesezeit":"1\u00a0Minute"},"schema":{"@context":"https:\/\/schema.org","@graph":[{"@type":"Article","@id":"http:\/\/tt-bruchhausen.de\/Web\/minis-des-tus-erfolgreich-beim-kreisentscheid\/#article","isPartOf":{"@id":"http:\/\/tt-bruchhausen.de\/Web\/minis-des-tus-erfolgreich-beim-kreisentscheid\/"},"author":{"name":"Fabian Willeke","@id":"http:\/\/tt-bruchhausen.de\/Web\/#\/schema\/person\/7c735958f443bed6480f227cb3676192"},"headline":"\u201eMinis\u201c des TuS erfolgreich beim Kreisentscheid","datePublished":"2023-03-26T12:40:52+00:00","dateModified":"2023-10-21T16:11:24+00:00","mainEntityOfPage":{"@id":"http:\/\/tt-bruchhausen.de\/Web\/minis-des-tus-erfolgreich-beim-kreisentscheid\/"},"wordCount":191,"commentCount":0,"image":{"@id":"http:\/\/tt-bruchhausen.de\/Web\/minis-des-tus-erfolgreich-beim-kreisentscheid\/#primaryimage"},"thumbnailUrl":"http:\/\/tt-bruchhausen.de\/Web\/wp-content\/uploads\/2023\/03\/Mini-Entscheid-Jungen.jpg","articleSection":["Nachwuchs","Turniere"],"inLanguage":"de","potentialAction":[{"@type":"CommentAction","name":"Comment","target":["http:\/\/tt-bruchhausen.de\/Web\/minis-des-tus-erfolgreich-beim-kreisentscheid\/#respond"]}]},{"@type":"WebPage","@id":"http:\/\/tt-bruchhausen.de\/Web\/minis-des-tus-erfolgreich-beim-kreisentscheid\/","url":"http:\/\/tt-bruchhausen.de\/Web\/minis-des-tus-erfolgreich-beim-kreisentscheid\/","name":"\u201eMinis\u201c des TuS erfolgreich beim Kreisentscheid - TuS Bruchhausen 02 - TT Abteilung","isPartOf":{"@id":"http:\/\/tt-bruchhausen.de\/Web\/#website"},"primaryImageOfPage":{"@id":"http:\/\/tt-bruchhausen.de\/Web\/minis-des-tus-erfolgreich-beim-kreisentscheid\/#primaryimage"},"image":{"@id":"http:\/\/tt-bruchhausen.de\/Web\/minis-des-tus-erfolgreich-beim-kreisentscheid\/#primaryimage"},"thumbnailUrl":"http:\/\/tt-bruchhausen.de\/Web\/wp-content\/uploads\/2023\/03\/Mini-Entscheid-Jungen.jpg","datePublished":"2023-03-26T12:40:52+00:00","dateModified":"2023-10-21T16:11:24+00:00","author":{"@id":"http:\/\/tt-bruchhausen.de\/Web\/#\/schema\/person\/7c735958f443bed6480f227cb3676192"},"breadcrumb":{"@id":"http:\/\/tt-bruchhausen.de\/Web\/minis-des-tus-erfolgreich-beim-kreisentscheid\/#breadcrumb"},"inLanguage":"de","potentialAction":[{"@type":"ReadAction","target":["http:\/\/tt-bruchhausen.de\/Web\/minis-des-tus-erfolgreich-beim-kreisentscheid\/"]}]},{"@type":"ImageObject","inLanguage":"de","@id":"http:\/\/tt-bruchhausen.de\/Web\/minis-des-tus-erfolgreich-beim-kreisentscheid\/#primaryimage","url":"http:\/\/tt-bruchhausen.de\/Web\/wp-content\/uploads\/2023\/03\/Mini-Entscheid-Jungen.jpg","contentUrl":"http:\/\/tt-bruchhausen.de\/Web\/wp-content\/uploads\/2023\/03\/Mini-Entscheid-Jungen.jpg","width":2016,"height":1512},{"@type":"BreadcrumbList","@id":"http:\/\/tt-bruchhausen.de\/Web\/minis-des-tus-erfolgreich-beim-kreisentscheid\/#breadcrumb","itemListElement":[{"@type":"ListItem","position":1,"name":"Start","item":"http:\/\/tt-bruchhausen.de\/Web\/"},{"@type":"ListItem","position":2,"name":"\u201eMinis\u201c des TuS erfolgreich beim Kreisentscheid"}]},{"@type":"WebSite","@id":"http:\/\/tt-bruchhausen.de\/Web\/#website","url":"http:\/\/tt-bruchhausen.de\/Web\/","name":"TuS Bruchhausen 02 - TT Abteilung","description":"Tischtennis im Entondorf","potentialAction":[{"@type":"SearchAction","target":{"@type":"EntryPoint","urlTemplate":"http:\/\/tt-bruchhausen.de\/Web\/?s={search_term_string}"},"query-input":{"@type":"PropertyValueSpecification","valueRequired":true,"valueName":"search_term_string"}}],"inLanguage":"de"},{"@type":"Person","@id":"http:\/\/tt-bruchhausen.de\/Web\/#\/schema\/person\/7c735958f443bed6480f227cb3676192","name":"Fabian Willeke","image":{"@type":"ImageObject","inLanguage":"de","@id":"https:\/\/secure.gravatar.com\/avatar\/af5e7cc9f1c13b7bf8b459810c41d1270d104693cd0048ec11a10acb24a19def?s=96&d=mm&r=g","url":"https:\/\/secure.gravatar.com\/avatar\/af5e7cc9f1c13b7bf8b459810c41d1270d104693cd0048ec11a10acb24a19def?s=96&d=mm&r=g","contentUrl":"https:\/\/secure.gravatar.com\/avatar\/af5e7cc9f1c13b7bf8b459810c41d1270d104693cd0048ec11a10acb24a19def?s=96&d=mm&r=g","caption":"Fabian Willeke"},"sameAs":["http:\/\/TT-Bruchhausen.de"],"url":"http:\/\/tt-bruchhausen.de\/Web\/author\/fabian\/"}]}},"_links":{"self":[{"href":"http:\/\/tt-bruchhausen.de\/Web\/wp-json\/wp\/v2\/posts\/6346","targetHints":{"allow":["GET"]}}],"collection":[{"href":"http:\/\/tt-bruchhausen.de\/Web\/wp-json\/wp\/v2\/posts"}],"about":[{"href":"http:\/\/tt-bruchhausen.de\/Web\/wp-json\/wp\/v2\/types\/post"}],"author":[{"embeddable":true,"href":"http:\/\/tt-bruchhausen.de\/Web\/wp-json\/wp\/v2\/users\/4"}],"replies":[{"embeddable":true,"href":"http:\/\/tt-bruchhausen.de\/Web\/wp-json\/wp\/v2\/comments?post=6346"}],"version-history":[{"count":4,"href":"http:\/\/tt-bruchhausen.de\/Web\/wp-json\/wp\/v2\/posts\/6346\/revisions"}],"predecessor-version":[{"id":6752,"href":"http:\/\/tt-bruchhausen.de\/Web\/wp-json\/wp\/v2\/posts\/6346\/revisions\/6752"}],"wp:featuredmedia":[{"embeddable":true,"href":"http:\/\/tt-bruchhausen.de\/Web\/wp-json\/wp\/v2\/media\/6348"}],"wp:attachment":[{"href":"http:\/\/tt-bruchhausen.de\/Web\/wp-json\/wp\/v2\/media?parent=6346"}],"wp:term":[{"taxonomy":"category","embeddable":true,"href":"http:\/\/tt-bruchhausen.de\/Web\/wp-json\/wp\/v2\/categories?post=6346"},{"taxonomy":"post_tag","embeddable":true,"href":"http:\/\/tt-bruchhausen.de\/Web\/wp-json\/wp\/v2\/tags?post=6346"}],"curies":[{"name":"wp","href":"https:\/\/api.w.org\/{rel}","templated":true}]}}