{"id":6168,"date":"2023-01-15T10:31:13","date_gmt":"2023-01-15T08:31:13","guid":{"rendered":"http:\/\/tt-bruchhausen.de\/Web\/?p=6168"},"modified":"2023-01-16T12:20:51","modified_gmt":"2023-01-16T10:20:51","slug":"tus-reserve-legt-nach","status":"publish","type":"post","link":"http:\/\/tt-bruchhausen.de\/Web\/tus-reserve-legt-nach\/","title":{"rendered":"TuS hat keine Bremse &#8211; &#8222;Reserve&#8220; legt nach"},"content":{"rendered":"<p>Nach einem harten Fight, konnte der TuS in Medebach mit 9:5 gewinnen. Auch hier gibt es Parallelen zur 1. Mannschaft, war es doch Lippstadt die der 1. den einzigen Verlustpunkt beibringen konnte, so ist es auch in diesem Fall.<\/p>\n<p>Medebach holte ein 8:8 im ersten Spiel der Hinrunde.<\/p>\n<p>Das galt es nun zu vermeiden. Es sollte ein Sieg her, um die Tabellenspitze weiter festigen zu k\u00f6nnen.<\/p>\n<p>Bruchhausen stellte mit Drescher, Volpert, Dickner, Schreiner, Macioszek und van Bargen ein starkes Team, Medebach musste auf ihre Nummer 2 verzichten.<\/p>\n<p>Die Eingangsdoppel gingen durch Siege von Drescher\/van Bargen und Schreiner\/Macioszek mit 2:1 an Bruchhausen.<\/p>\n<p>Oben stellte Medebach mit R. Kuhnhenne einen der aktuell st\u00e4rksten Spieler. Dementsprechend motiviert ging Dieter Volpert an den Tisch.<\/p>\n<p>In einem hochklassigen Match konnte sich Dieter mit 11:9 im Entscheidungssatz durchsetzen und so ein erstes Ausrufezeichen setzten.<\/p>\n<p>Jens Drescher hatte einen Sahne Tag erwischt; er lie\u00df B. Heinemann keine Chance. 3:0 S\u00e4tze und eine 4:1 F\u00fchrung waren somit hergestellt.<\/p>\n<p>Medebach konnte durch Frank Pohle verk\u00fcrzen. Er besiegte Christian Schreiner, den er als ex Vereinskollege gut kennt und mit dem Noppenspiel von Christian keine Probleme hatte.<\/p>\n<p>Robert Dickner konnte den alten Vorsprung wieder herstellen. Er siegte in vier S\u00e4tzen. J. van Bargen tat sich schwer, er unterlag und so hie\u00df es 5:3 f\u00fcr den TuS.<\/p>\n<p>Christian Macioszek siegte unten in drei S\u00e4tzen gegen Andreas Kuhnhenne; 6:3.<\/p>\n<hr \/>\n<p>Nun waren die top Gesetzen wieder an der Reihe.<\/p>\n<p>Jens Drescher spielte baumstark gegen Raimund Kuhnhenne und legte den Grundstein zum sp\u00e4teren Sieg. 3:0 S\u00e4tze sprechen f\u00fcr sich. So konnte Jens Revanche nehmen, da er in der Hinrunde noch knapp unterlag.<\/p>\n<p>Dieter Volpert musste gegen Heinemann abgeben. Bj\u00f6rn kam mit Dieters Spiel gut zurecht und siegte f\u00fcr Medebach.<\/p>\n<p>Es folgte eine Niederlage und zwei Siege f\u00fcr Bruchhausen. Das bedeutete den 9:5 Ausw\u00e4rtssieg.<\/p>\n<p>Medebach war bis zu diesem Tag zuhause <strong>ungeschlagen<\/strong>.<\/p>\n<p>Mit einem Minuspunkt behaftet kann die zweite Herren von der Spitze des Tabelle die kommenden Aufgaben beruhigt angehen.<\/p>\n<hr \/>\n<p><img decoding=\"async\" class=\"alignnone size-full wp-image-6173\" src=\"http:\/\/tt-bruchhausen.de\/Web\/wp-content\/uploads\/2023\/01\/herren2_berichtmedebach.jpg\" alt=\"\" width=\"508\" height=\"685\" srcset=\"http:\/\/tt-bruchhausen.de\/Web\/wp-content\/uploads\/2023\/01\/herren2_berichtmedebach-222x300.jpg 222w, http:\/\/tt-bruchhausen.de\/Web\/wp-content\/uploads\/2023\/01\/herren2_berichtmedebach.jpg 508w\" sizes=\"(max-width: 508px) 100vw, 508px\" \/><\/p>\n<p>&nbsp;<\/p>\n<div class=\"row\">\n<div class=\"col-xs-6\">\n<h5><\/h5>\n<\/div>\n<\/div>\n<h3>Tabelle (gesamt)<\/h3>\n<table class=\"table table-mytt table-striped table-bordered table-mini-xs table-mini-sm table-mini-md\" style=\"height: 350px;\" width=\"892\">\n<thead>\n<tr>\n<th class=\"only-icon\"><\/th>\n<th class=\"visible-lg visible-xl text-center\">Rang<\/th>\n<th>Mannschaft<\/th>\n<th class=\"hidden-xs text-center\"><abbr title=\"Begegnungen\">Beg.<\/abbr><\/th>\n<th class=\"text-center\">S<\/th>\n<th class=\"text-center\">U<\/th>\n<th class=\"text-center\">N<\/th>\n<th class=\"hidden-xss text-center\">Spiele<\/th>\n<th class=\"hidden-xs hidden-md text-center\">+\/-<\/th>\n<th class=\"text-center\">Punkte<\/th>\n<\/tr>\n<\/thead>\n<tbody>\n<tr>\n<td class=\"only-icon text-center\"><\/td>\n<td class=\"visible-lg visible-xl text-center\">1<\/td>\n<td><a href=\"https:\/\/www.mytischtennis.de\/clicktt\/WTTV\/22-23\/ligen\/Herren-Bezirksklasse-Gruppe-5\/gruppe\/418558\/mannschaft\/2604895\/TuS-Bruchhausen-II\/spielerbilanzen\/rr\/\">TuS Bruchhausen II<\/a><\/td>\n<td class=\"hidden-xs text-center\">12<\/td>\n<td class=\"text-center\">11<\/td>\n<td class=\"text-center\">1<\/td>\n<td class=\"text-center\">0<\/td>\n<td class=\"hidden-xss text-center\"><a id=\"settooltipB0A7F0A8-F32C-41F5-97DD421CA1F68DE0\"><\/a>107:42<\/td>\n<td class=\"hidden-xs hidden-md text-center\">+65<\/td>\n<td class=\"text-center\">23:1<\/td>\n<\/tr>\n<tr>\n<td class=\"only-icon text-center\"><\/td>\n<td class=\"visible-lg visible-xl text-center\">2<\/td>\n<td><a href=\"https:\/\/www.mytischtennis.de\/clicktt\/WTTV\/22-23\/ligen\/Herren-Bezirksklasse-Gruppe-5\/gruppe\/418558\/mannschaft\/2601740\/DJK-SR-Cappel-II\/spielerbilanzen\/rr\/\">DJK SR Cappel II<\/a><\/td>\n<td class=\"hidden-xs text-center\">12<\/td>\n<td class=\"text-center\">9<\/td>\n<td class=\"text-center\">0<\/td>\n<td class=\"text-center\">3<\/td>\n<td class=\"hidden-xss text-center\"><a id=\"settooltipCB05D3F7-4EBB-4A8E-923B77C225259F76\"><\/a>91:52<\/td>\n<td class=\"hidden-xs hidden-md text-center\">+39<\/td>\n<td class=\"text-center\">18:6<\/td>\n<\/tr>\n<tr>\n<td class=\"only-icon text-center\"><\/td>\n<td class=\"visible-lg visible-xl text-center\">3<\/td>\n<td><a href=\"https:\/\/www.mytischtennis.de\/clicktt\/WTTV\/22-23\/ligen\/Herren-Bezirksklasse-Gruppe-5\/gruppe\/418558\/mannschaft\/2604011\/TTC-turflon-Werl-II\/spielerbilanzen\/rr\/\">TTC turflon Werl II<\/a><\/td>\n<td class=\"hidden-xs text-center\">12<\/td>\n<td class=\"text-center\">8<\/td>\n<td class=\"text-center\">0<\/td>\n<td class=\"text-center\">4<\/td>\n<td class=\"hidden-xss text-center\"><a id=\"settooltip835DCB82-98C6-4DFF-BD608EEEEBDB1F3F\"><\/a>91:61<\/td>\n<td class=\"hidden-xs hidden-md text-center\">+30<\/td>\n<td class=\"text-center\">16:8<\/td>\n<\/tr>\n<tr>\n<td class=\"only-icon text-center\"><\/td>\n<td class=\"visible-lg visible-xl text-center\">4<\/td>\n<td><a href=\"https:\/\/www.mytischtennis.de\/clicktt\/WTTV\/22-23\/ligen\/Herren-Bezirksklasse-Gruppe-5\/gruppe\/418558\/mannschaft\/2601419\/TuS-Medebach\/spielerbilanzen\/rr\/\">TuS Medebach<\/a><\/td>\n<td class=\"hidden-xs text-center\">12<\/td>\n<td class=\"text-center\">7<\/td>\n<td class=\"text-center\">2<\/td>\n<td class=\"text-center\">3<\/td>\n<td class=\"hidden-xss text-center\"><a id=\"settooltip4B775BAE-B731-4DF6-8A16CA9F66917E0F\"><\/a>91:72<\/td>\n<td class=\"hidden-xs hidden-md text-center\">+19<\/td>\n<td class=\"text-center\">16:8<\/td>\n<\/tr>\n<tr>\n<td class=\"only-icon text-center\"><\/td>\n<td class=\"visible-lg visible-xl text-center\">5<\/td>\n<td><a href=\"https:\/\/www.mytischtennis.de\/clicktt\/WTTV\/22-23\/ligen\/Herren-Bezirksklasse-Gruppe-5\/gruppe\/418558\/mannschaft\/2604456\/DJK-Erwitte\/spielerbilanzen\/rr\/\">DJK Erwitte<\/a><\/td>\n<td class=\"hidden-xs text-center\">12<\/td>\n<td class=\"text-center\">6<\/td>\n<td class=\"text-center\">1<\/td>\n<td class=\"text-center\">5<\/td>\n<td class=\"hidden-xss text-center\"><a id=\"settooltip086B8F4F-88AA-448F-95001E5489B00BB4\"><\/a>84:65<\/td>\n<td class=\"hidden-xs hidden-md text-center\">+19<\/td>\n<td class=\"text-center\">13:11<\/td>\n<\/tr>\n<tr>\n<td class=\"only-icon text-center\"><\/td>\n<td class=\"visible-lg visible-xl text-center\">6<\/td>\n<td><a href=\"https:\/\/www.mytischtennis.de\/clicktt\/WTTV\/22-23\/ligen\/Herren-Bezirksklasse-Gruppe-5\/gruppe\/418558\/mannschaft\/2603030\/TTV-Neheim-Huesten-III\/spielerbilanzen\/rr\/\">TTV Neheim-H\u00fcsten III<\/a><\/td>\n<td class=\"hidden-xs text-center\">12<\/td>\n<td class=\"text-center\">5<\/td>\n<td class=\"text-center\">2<\/td>\n<td class=\"text-center\">5<\/td>\n<td class=\"hidden-xss text-center\"><a id=\"settooltipD4E5386B-C24D-4B7B-98214FB7E8A54BBB\"><\/a>84:75<\/td>\n<td class=\"hidden-xs hidden-md text-center\">+9<\/td>\n<td class=\"text-center\">12:12<\/td>\n<\/tr>\n<tr>\n<td class=\"only-icon text-center\"><\/td>\n<td class=\"visible-lg visible-xl text-center\">7<\/td>\n<td><a href=\"https:\/\/www.mytischtennis.de\/clicktt\/WTTV\/22-23\/ligen\/Herren-Bezirksklasse-Gruppe-5\/gruppe\/418558\/mannschaft\/2600407\/SV-BW-Eickelborn\/spielerbilanzen\/rr\/\">SV BW Eickelborn<\/a><\/td>\n<td class=\"hidden-xs text-center\">12<\/td>\n<td class=\"text-center\">5<\/td>\n<td class=\"text-center\">2<\/td>\n<td class=\"text-center\">5<\/td>\n<td class=\"hidden-xss text-center\"><a id=\"settooltip94FA18CE-60A2-4599-961596852926D0DB\"><\/a>77:77<\/td>\n<td class=\"hidden-xs hidden-md text-center\">+0<\/td>\n<td class=\"text-center\">12:12<\/td>\n<\/tr>\n<tr>\n<td class=\"only-icon text-center\"><\/td>\n<td class=\"visible-lg visible-xl text-center\">8<\/td>\n<td><a href=\"https:\/\/www.mytischtennis.de\/clicktt\/WTTV\/22-23\/ligen\/Herren-Bezirksklasse-Gruppe-5\/gruppe\/418558\/mannschaft\/2602115\/TuS-Warstein-II\/spielerbilanzen\/rr\/\">TuS Warstein II<\/a><\/td>\n<td class=\"hidden-xs text-center\">11<\/td>\n<td class=\"text-center\">5<\/td>\n<td class=\"text-center\">1<\/td>\n<td class=\"text-center\">5<\/td>\n<td class=\"hidden-xss text-center\"><a id=\"settooltipDA4BA62A-3373-4CBD-83142BEC696EFE2A\"><\/a>73:78<\/td>\n<td class=\"hidden-xs hidden-md text-center\">-5<\/td>\n<td class=\"text-center\">11:11<\/td>\n<\/tr>\n<tr>\n<td class=\"only-icon text-center\"><\/td>\n<td class=\"visible-lg visible-xl text-center\">9<\/td>\n<td><a href=\"https:\/\/www.mytischtennis.de\/clicktt\/WTTV\/22-23\/ligen\/Herren-Bezirksklasse-Gruppe-5\/gruppe\/418558\/mannschaft\/2603471\/SSV-Meschede\/spielerbilanzen\/rr\/\">SSV Meschede<\/a><\/td>\n<td class=\"hidden-xs text-center\">12<\/td>\n<td class=\"text-center\">4<\/td>\n<td class=\"text-center\">3<\/td>\n<td class=\"text-center\">5<\/td>\n<td class=\"hidden-xss text-center\"><a id=\"settooltipE45834AE-5C23-4DC1-8FC85CCB1AA29DBA\"><\/a>73:81<\/td>\n<td class=\"hidden-xs hidden-md text-center\">-8<\/td>\n<td class=\"text-center\">11:13<\/td>\n<\/tr>\n<tr>\n<td class=\"only-icon text-center\"><\/td>\n<td class=\"visible-lg visible-xl text-center\">10<\/td>\n<td><a href=\"https:\/\/www.mytischtennis.de\/clicktt\/WTTV\/22-23\/ligen\/Herren-Bezirksklasse-Gruppe-5\/gruppe\/418558\/mannschaft\/2601705\/Soester-TV\/spielerbilanzen\/rr\/\">Soester TV<\/a><\/td>\n<td class=\"hidden-xs text-center\">12<\/td>\n<td class=\"text-center\">2<\/td>\n<td class=\"text-center\">2<\/td>\n<td class=\"text-center\">8<\/td>\n<td class=\"hidden-xss text-center\"><a id=\"settooltip146F433A-C37A-439C-9053EA7687DD4AC2\"><\/a>61:96<\/td>\n<td class=\"hidden-xs hidden-md text-center\">-35<\/td>\n<td class=\"text-center\">6:18<\/td>\n<\/tr>\n<tr>\n<td class=\"only-icon text-center\"><\/td>\n<td class=\"visible-lg visible-xl text-center\">11<\/td>\n<td><a href=\"https:\/\/www.mytischtennis.de\/clicktt\/WTTV\/22-23\/ligen\/Herren-Bezirksklasse-Gruppe-5\/gruppe\/418558\/mannschaft\/2604424\/TV-Wickede\/spielerbilanzen\/rr\/\">TV Wickede<\/a><\/td>\n<td class=\"hidden-xs text-center\">11<\/td>\n<td class=\"text-center\">2<\/td>\n<td class=\"text-center\">0<\/td>\n<td class=\"text-center\">9<\/td>\n<td class=\"hidden-xss text-center\"><a id=\"settooltipBA482F72-7F52-4935-96F2D0B126EA041A\"><\/a>44:91<\/td>\n<td class=\"hidden-xs hidden-md text-center\">-47<\/td>\n<td class=\"text-center\">4:18<\/td>\n<\/tr>\n<tr>\n<td class=\"only-icon text-center\"><\/td>\n<td class=\"visible-lg visible-xl text-center\">12<\/td>\n<td><a href=\"https:\/\/www.mytischtennis.de\/clicktt\/WTTV\/22-23\/ligen\/Herren-Bezirksklasse-Gruppe-5\/gruppe\/418558\/mannschaft\/2602601\/TuS-Oeventrop\/spielerbilanzen\/rr\/\">TuS Oeventrop<\/a><\/td>\n<td class=\"hidden-xs text-center\">12<\/td>\n<td class=\"text-center\">0<\/td>\n<td class=\"text-center\">0<\/td>\n<td class=\"text-center\">12<\/td>\n<td class=\"hidden-xss text-center\"><a id=\"settooltip65B0A0FA-0B08-489C-9E33DACF8217D0A0\"><\/a>22:108<\/td>\n<td class=\"hidden-xs hidden-md text-center\">-86<\/td>\n<td class=\"text-center\">0:24<\/td>\n<\/tr>\n<\/tbody>\n<\/table>\n<hr \/>\n<p>&nbsp;<\/p>\n","protected":false},"excerpt":{"rendered":"<p>Nach einem harten Fight, konnte der TuS in Medebach mit 9:5 gewinnen. Auch hier gibt es Parallelen zur 1. Mannschaft, war es doch Lippstadt die  [&#8230;]<\/p>\n","protected":false},"author":1,"featured_media":0,"comment_status":"open","ping_status":"open","sticky":false,"template":"","format":"standard","meta":{"kia_subtitle":"","_themeisle_gutenberg_block_has_review":false,"footnotes":""},"categories":[4],"tags":[],"class_list":["post-6168","post","type-post","status-publish","format-standard","hentry","category-2-mannschaft"],"yoast_head":"<!-- This site is optimized with the Yoast SEO plugin v28.4 - https:\/\/yoast.com\/product\/yoast-seo-wordpress\/ -->\n<title>TuS hat keine Bremse - &quot;Reserve&quot; legt nach - TuS Bruchhausen 02 - TT Abteilung<\/title>\n<meta name=\"robots\" content=\"index, follow, max-snippet:-1, max-image-preview:large, max-video-preview:-1\" \/>\n<link rel=\"canonical\" href=\"http:\/\/tt-bruchhausen.de\/Web\/tus-reserve-legt-nach\/\" \/>\n<meta property=\"og:locale\" content=\"de_DE\" \/>\n<meta property=\"og:type\" content=\"article\" \/>\n<meta property=\"og:title\" content=\"TuS hat keine Bremse - &quot;Reserve&quot; legt nach - TuS Bruchhausen 02 - TT Abteilung\" \/>\n<meta property=\"og:description\" content=\"Nach einem harten Fight, konnte der TuS in Medebach mit 9:5 gewinnen. Auch hier gibt es Parallelen zur 1. Mannschaft, war es doch Lippstadt die [...]\" \/>\n<meta property=\"og:url\" content=\"http:\/\/tt-bruchhausen.de\/Web\/tus-reserve-legt-nach\/\" \/>\n<meta property=\"og:site_name\" content=\"TuS Bruchhausen 02 - TT Abteilung\" \/>\n<meta property=\"article:published_time\" content=\"2023-01-15T08:31:13+00:00\" \/>\n<meta property=\"article:modified_time\" content=\"2023-01-16T10:20:51+00:00\" \/>\n<meta property=\"og:image\" content=\"http:\/\/tt-bruchhausen.de\/Web\/wp-content\/uploads\/2023\/01\/herren2_berichtmedebach.jpg\" \/>\n<meta name=\"author\" content=\"hcoels\" \/>\n<meta name=\"twitter:card\" content=\"summary_large_image\" \/>\n<meta name=\"twitter:label1\" content=\"Verfasst von\" \/>\n\t<meta name=\"twitter:data1\" content=\"hcoels\" \/>\n\t<meta name=\"twitter:label2\" content=\"Gesch\u00e4tzte Lesezeit\" \/>\n\t<meta name=\"twitter:data2\" content=\"2\u00a0Minuten\" \/>\n<script type=\"application\/ld+json\" class=\"yoast-schema-graph\">{\"@context\":\"https:\\\/\\\/schema.org\",\"@graph\":[{\"@type\":\"Article\",\"@id\":\"http:\\\/\\\/tt-bruchhausen.de\\\/Web\\\/tus-reserve-legt-nach\\\/#article\",\"isPartOf\":{\"@id\":\"http:\\\/\\\/tt-bruchhausen.de\\\/Web\\\/tus-reserve-legt-nach\\\/\"},\"author\":{\"name\":\"hcoels\",\"@id\":\"http:\\\/\\\/tt-bruchhausen.de\\\/Web\\\/#\\\/schema\\\/person\\\/5b848b23f9d6f6b51911da8dca8673d4\"},\"headline\":\"TuS hat keine Bremse &#8211; &#8222;Reserve&#8220; legt nach\",\"datePublished\":\"2023-01-15T08:31:13+00:00\",\"dateModified\":\"2023-01-16T10:20:51+00:00\",\"mainEntityOfPage\":{\"@id\":\"http:\\\/\\\/tt-bruchhausen.de\\\/Web\\\/tus-reserve-legt-nach\\\/\"},\"wordCount\":387,\"commentCount\":0,\"image\":{\"@id\":\"http:\\\/\\\/tt-bruchhausen.de\\\/Web\\\/tus-reserve-legt-nach\\\/#primaryimage\"},\"thumbnailUrl\":\"http:\\\/\\\/tt-bruchhausen.de\\\/Web\\\/wp-content\\\/uploads\\\/2023\\\/01\\\/herren2_berichtmedebach.jpg\",\"articleSection\":[\"2. Mannschaft\"],\"inLanguage\":\"de\",\"potentialAction\":[{\"@type\":\"CommentAction\",\"name\":\"Comment\",\"target\":[\"http:\\\/\\\/tt-bruchhausen.de\\\/Web\\\/tus-reserve-legt-nach\\\/#respond\"]}]},{\"@type\":\"WebPage\",\"@id\":\"http:\\\/\\\/tt-bruchhausen.de\\\/Web\\\/tus-reserve-legt-nach\\\/\",\"url\":\"http:\\\/\\\/tt-bruchhausen.de\\\/Web\\\/tus-reserve-legt-nach\\\/\",\"name\":\"TuS hat keine Bremse - \\\"Reserve\\\" legt nach - TuS Bruchhausen 02 - TT Abteilung\",\"isPartOf\":{\"@id\":\"http:\\\/\\\/tt-bruchhausen.de\\\/Web\\\/#website\"},\"primaryImageOfPage\":{\"@id\":\"http:\\\/\\\/tt-bruchhausen.de\\\/Web\\\/tus-reserve-legt-nach\\\/#primaryimage\"},\"image\":{\"@id\":\"http:\\\/\\\/tt-bruchhausen.de\\\/Web\\\/tus-reserve-legt-nach\\\/#primaryimage\"},\"thumbnailUrl\":\"http:\\\/\\\/tt-bruchhausen.de\\\/Web\\\/wp-content\\\/uploads\\\/2023\\\/01\\\/herren2_berichtmedebach.jpg\",\"datePublished\":\"2023-01-15T08:31:13+00:00\",\"dateModified\":\"2023-01-16T10:20:51+00:00\",\"author\":{\"@id\":\"http:\\\/\\\/tt-bruchhausen.de\\\/Web\\\/#\\\/schema\\\/person\\\/5b848b23f9d6f6b51911da8dca8673d4\"},\"breadcrumb\":{\"@id\":\"http:\\\/\\\/tt-bruchhausen.de\\\/Web\\\/tus-reserve-legt-nach\\\/#breadcrumb\"},\"inLanguage\":\"de\",\"potentialAction\":[{\"@type\":\"ReadAction\",\"target\":[\"http:\\\/\\\/tt-bruchhausen.de\\\/Web\\\/tus-reserve-legt-nach\\\/\"]}]},{\"@type\":\"ImageObject\",\"inLanguage\":\"de\",\"@id\":\"http:\\\/\\\/tt-bruchhausen.de\\\/Web\\\/tus-reserve-legt-nach\\\/#primaryimage\",\"url\":\"http:\\\/\\\/tt-bruchhausen.de\\\/Web\\\/wp-content\\\/uploads\\\/2023\\\/01\\\/herren2_berichtmedebach.jpg\",\"contentUrl\":\"http:\\\/\\\/tt-bruchhausen.de\\\/Web\\\/wp-content\\\/uploads\\\/2023\\\/01\\\/herren2_berichtmedebach.jpg\",\"width\":508,\"height\":685},{\"@type\":\"BreadcrumbList\",\"@id\":\"http:\\\/\\\/tt-bruchhausen.de\\\/Web\\\/tus-reserve-legt-nach\\\/#breadcrumb\",\"itemListElement\":[{\"@type\":\"ListItem\",\"position\":1,\"name\":\"Start\",\"item\":\"http:\\\/\\\/tt-bruchhausen.de\\\/Web\\\/\"},{\"@type\":\"ListItem\",\"position\":2,\"name\":\"TuS hat keine Bremse &#8211; &#8222;Reserve&#8220; legt nach\"}]},{\"@type\":\"WebSite\",\"@id\":\"http:\\\/\\\/tt-bruchhausen.de\\\/Web\\\/#website\",\"url\":\"http:\\\/\\\/tt-bruchhausen.de\\\/Web\\\/\",\"name\":\"TuS Bruchhausen 02 - TT Abteilung\",\"description\":\"Tischtennis im Entondorf\",\"potentialAction\":[{\"@type\":\"SearchAction\",\"target\":{\"@type\":\"EntryPoint\",\"urlTemplate\":\"http:\\\/\\\/tt-bruchhausen.de\\\/Web\\\/?s={search_term_string}\"},\"query-input\":{\"@type\":\"PropertyValueSpecification\",\"valueRequired\":true,\"valueName\":\"search_term_string\"}}],\"inLanguage\":\"de\"},{\"@type\":\"Person\",\"@id\":\"http:\\\/\\\/tt-bruchhausen.de\\\/Web\\\/#\\\/schema\\\/person\\\/5b848b23f9d6f6b51911da8dca8673d4\",\"name\":\"hcoels\",\"image\":{\"@type\":\"ImageObject\",\"inLanguage\":\"de\",\"@id\":\"https:\\\/\\\/secure.gravatar.com\\\/avatar\\\/d351b66730ed647c7cd787c95779789fdef9e11e0073d715b25d18ba342bb98e?s=96&d=mm&r=g\",\"url\":\"https:\\\/\\\/secure.gravatar.com\\\/avatar\\\/d351b66730ed647c7cd787c95779789fdef9e11e0073d715b25d18ba342bb98e?s=96&d=mm&r=g\",\"contentUrl\":\"https:\\\/\\\/secure.gravatar.com\\\/avatar\\\/d351b66730ed647c7cd787c95779789fdef9e11e0073d715b25d18ba342bb98e?s=96&d=mm&r=g\",\"caption\":\"hcoels\"},\"sameAs\":[\"http:\\\/\\\/www.musikzirkus.eu\"],\"url\":\"http:\\\/\\\/tt-bruchhausen.de\\\/Web\\\/author\\\/hcoels\\\/\"}]}<\/script>\n<!-- \/ Yoast SEO plugin. -->","yoast_head_json":{"title":"TuS hat keine Bremse - \"Reserve\" legt nach - TuS Bruchhausen 02 - TT Abteilung","robots":{"index":"index","follow":"follow","max-snippet":"max-snippet:-1","max-image-preview":"max-image-preview:large","max-video-preview":"max-video-preview:-1"},"canonical":"http:\/\/tt-bruchhausen.de\/Web\/tus-reserve-legt-nach\/","og_locale":"de_DE","og_type":"article","og_title":"TuS hat keine Bremse - \"Reserve\" legt nach - TuS Bruchhausen 02 - TT Abteilung","og_description":"Nach einem harten Fight, konnte der TuS in Medebach mit 9:5 gewinnen. Auch hier gibt es Parallelen zur 1. Mannschaft, war es doch Lippstadt die [...]","og_url":"http:\/\/tt-bruchhausen.de\/Web\/tus-reserve-legt-nach\/","og_site_name":"TuS Bruchhausen 02 - TT Abteilung","article_published_time":"2023-01-15T08:31:13+00:00","article_modified_time":"2023-01-16T10:20:51+00:00","og_image":[{"url":"http:\/\/tt-bruchhausen.de\/Web\/wp-content\/uploads\/2023\/01\/herren2_berichtmedebach.jpg","type":"","width":"","height":""}],"author":"hcoels","twitter_card":"summary_large_image","twitter_misc":{"Verfasst von":"hcoels","Gesch\u00e4tzte Lesezeit":"2\u00a0Minuten"},"schema":{"@context":"https:\/\/schema.org","@graph":[{"@type":"Article","@id":"http:\/\/tt-bruchhausen.de\/Web\/tus-reserve-legt-nach\/#article","isPartOf":{"@id":"http:\/\/tt-bruchhausen.de\/Web\/tus-reserve-legt-nach\/"},"author":{"name":"hcoels","@id":"http:\/\/tt-bruchhausen.de\/Web\/#\/schema\/person\/5b848b23f9d6f6b51911da8dca8673d4"},"headline":"TuS hat keine Bremse &#8211; &#8222;Reserve&#8220; legt nach","datePublished":"2023-01-15T08:31:13+00:00","dateModified":"2023-01-16T10:20:51+00:00","mainEntityOfPage":{"@id":"http:\/\/tt-bruchhausen.de\/Web\/tus-reserve-legt-nach\/"},"wordCount":387,"commentCount":0,"image":{"@id":"http:\/\/tt-bruchhausen.de\/Web\/tus-reserve-legt-nach\/#primaryimage"},"thumbnailUrl":"http:\/\/tt-bruchhausen.de\/Web\/wp-content\/uploads\/2023\/01\/herren2_berichtmedebach.jpg","articleSection":["2. Mannschaft"],"inLanguage":"de","potentialAction":[{"@type":"CommentAction","name":"Comment","target":["http:\/\/tt-bruchhausen.de\/Web\/tus-reserve-legt-nach\/#respond"]}]},{"@type":"WebPage","@id":"http:\/\/tt-bruchhausen.de\/Web\/tus-reserve-legt-nach\/","url":"http:\/\/tt-bruchhausen.de\/Web\/tus-reserve-legt-nach\/","name":"TuS hat keine Bremse - \"Reserve\" legt nach - TuS Bruchhausen 02 - TT Abteilung","isPartOf":{"@id":"http:\/\/tt-bruchhausen.de\/Web\/#website"},"primaryImageOfPage":{"@id":"http:\/\/tt-bruchhausen.de\/Web\/tus-reserve-legt-nach\/#primaryimage"},"image":{"@id":"http:\/\/tt-bruchhausen.de\/Web\/tus-reserve-legt-nach\/#primaryimage"},"thumbnailUrl":"http:\/\/tt-bruchhausen.de\/Web\/wp-content\/uploads\/2023\/01\/herren2_berichtmedebach.jpg","datePublished":"2023-01-15T08:31:13+00:00","dateModified":"2023-01-16T10:20:51+00:00","author":{"@id":"http:\/\/tt-bruchhausen.de\/Web\/#\/schema\/person\/5b848b23f9d6f6b51911da8dca8673d4"},"breadcrumb":{"@id":"http:\/\/tt-bruchhausen.de\/Web\/tus-reserve-legt-nach\/#breadcrumb"},"inLanguage":"de","potentialAction":[{"@type":"ReadAction","target":["http:\/\/tt-bruchhausen.de\/Web\/tus-reserve-legt-nach\/"]}]},{"@type":"ImageObject","inLanguage":"de","@id":"http:\/\/tt-bruchhausen.de\/Web\/tus-reserve-legt-nach\/#primaryimage","url":"http:\/\/tt-bruchhausen.de\/Web\/wp-content\/uploads\/2023\/01\/herren2_berichtmedebach.jpg","contentUrl":"http:\/\/tt-bruchhausen.de\/Web\/wp-content\/uploads\/2023\/01\/herren2_berichtmedebach.jpg","width":508,"height":685},{"@type":"BreadcrumbList","@id":"http:\/\/tt-bruchhausen.de\/Web\/tus-reserve-legt-nach\/#breadcrumb","itemListElement":[{"@type":"ListItem","position":1,"name":"Start","item":"http:\/\/tt-bruchhausen.de\/Web\/"},{"@type":"ListItem","position":2,"name":"TuS hat keine Bremse &#8211; &#8222;Reserve&#8220; legt nach"}]},{"@type":"WebSite","@id":"http:\/\/tt-bruchhausen.de\/Web\/#website","url":"http:\/\/tt-bruchhausen.de\/Web\/","name":"TuS Bruchhausen 02 - TT Abteilung","description":"Tischtennis im Entondorf","potentialAction":[{"@type":"SearchAction","target":{"@type":"EntryPoint","urlTemplate":"http:\/\/tt-bruchhausen.de\/Web\/?s={search_term_string}"},"query-input":{"@type":"PropertyValueSpecification","valueRequired":true,"valueName":"search_term_string"}}],"inLanguage":"de"},{"@type":"Person","@id":"http:\/\/tt-bruchhausen.de\/Web\/#\/schema\/person\/5b848b23f9d6f6b51911da8dca8673d4","name":"hcoels","image":{"@type":"ImageObject","inLanguage":"de","@id":"https:\/\/secure.gravatar.com\/avatar\/d351b66730ed647c7cd787c95779789fdef9e11e0073d715b25d18ba342bb98e?s=96&d=mm&r=g","url":"https:\/\/secure.gravatar.com\/avatar\/d351b66730ed647c7cd787c95779789fdef9e11e0073d715b25d18ba342bb98e?s=96&d=mm&r=g","contentUrl":"https:\/\/secure.gravatar.com\/avatar\/d351b66730ed647c7cd787c95779789fdef9e11e0073d715b25d18ba342bb98e?s=96&d=mm&r=g","caption":"hcoels"},"sameAs":["http:\/\/www.musikzirkus.eu"],"url":"http:\/\/tt-bruchhausen.de\/Web\/author\/hcoels\/"}]}},"_links":{"self":[{"href":"http:\/\/tt-bruchhausen.de\/Web\/wp-json\/wp\/v2\/posts\/6168","targetHints":{"allow":["GET"]}}],"collection":[{"href":"http:\/\/tt-bruchhausen.de\/Web\/wp-json\/wp\/v2\/posts"}],"about":[{"href":"http:\/\/tt-bruchhausen.de\/Web\/wp-json\/wp\/v2\/types\/post"}],"author":[{"embeddable":true,"href":"http:\/\/tt-bruchhausen.de\/Web\/wp-json\/wp\/v2\/users\/1"}],"replies":[{"embeddable":true,"href":"http:\/\/tt-bruchhausen.de\/Web\/wp-json\/wp\/v2\/comments?post=6168"}],"version-history":[{"count":7,"href":"http:\/\/tt-bruchhausen.de\/Web\/wp-json\/wp\/v2\/posts\/6168\/revisions"}],"predecessor-version":[{"id":6181,"href":"http:\/\/tt-bruchhausen.de\/Web\/wp-json\/wp\/v2\/posts\/6168\/revisions\/6181"}],"wp:attachment":[{"href":"http:\/\/tt-bruchhausen.de\/Web\/wp-json\/wp\/v2\/media?parent=6168"}],"wp:term":[{"taxonomy":"category","embeddable":true,"href":"http:\/\/tt-bruchhausen.de\/Web\/wp-json\/wp\/v2\/categories?post=6168"},{"taxonomy":"post_tag","embeddable":true,"href":"http:\/\/tt-bruchhausen.de\/Web\/wp-json\/wp\/v2\/tags?post=6168"}],"curies":[{"name":"wp","href":"https:\/\/api.w.org\/{rel}","templated":true}]}}