{"id":5636,"date":"2021-10-10T16:05:56","date_gmt":"2021-10-10T14:05:56","guid":{"rendered":"http:\/\/tt-bruchhausen.de\/Web\/?p=5636"},"modified":"2021-10-10T16:05:56","modified_gmt":"2021-10-10T14:05:56","slug":"zweite-mit-punktgewinn-in-cappel","status":"publish","type":"post","link":"http:\/\/tt-bruchhausen.de\/Web\/zweite-mit-punktgewinn-in-cappel\/","title":{"rendered":"Zweite mit Punktgewinn in Cappel"},"content":{"rendered":"\n<p class=\"wp-block-paragraph\">Am vierten Spieltag musste die Zweite am Sonntagmorgen bei den Gastgebern vom DJK SR Cappel antreten. Dieter Volpert trat die Reise mit R\u00fcckenbeschwerden an, was sp\u00e4ter noch relevant werden sollte. Jungspieler Janik van Bargen verbrachte die Nacht zuvor entweder damit, mit Gleichgesinnten im exklusivsten Gentlemen\u2019s Club der Stadt bei Cognac und Zigarren die aktuelle weltpolitische Lage zu er\u00f6rtern oder er feierte bis zum Sonnenaufgang Mallorca-Party in der \u00f6rtlichen Dorfdisco, so genau war der Umstand an jenem Morgen nicht mehr zu ermitteln. <\/p>\n\n\n\n<p class=\"wp-block-paragraph\">Da J\u00f6rg Broch im\nAnschluss offizielle Pflichten zu bestreiten hatte, stellte man Volpert und Storm\nins erste Doppel, Broch und Macioszek spielten an Zwei, Willeke und van Bargen\nwie gewohnt an Position drei.<\/p>\n\n\n\n<p class=\"wp-block-paragraph\">Broch und\nMacioszek konnten in glatten drei S\u00e4tzen den ersten Punkt gegen Bentler und\nEisenbrecher holen. Volpert\/Storm gegen Schnieder\/Brunsig und Willeke\/van\nBargen gegen Schwade\/Kopp brauchten hingegen die volle Distanz, konnten aber\nebenfalls zwei Punkte beisteuern, sodass der Auftakt schon verhei\u00dfungsvoll\nbegann.<\/p>\n\n\n\n<p class=\"wp-block-paragraph\">Im ersten Spiel hatte\nBroch gegen Bentler M\u00fche sein Spiel aufzuziehen. Oft hatte der Top-Mann der\nGastgeber eine passende Antwort auf das Spiel von J\u00f6rg. In f\u00fcnf S\u00e4tzen ging der\nerste Punkt an die Gastgeber. Parallel hatte Volpert in seinem Zustand wenig\nSchnitte gegen Eisenbrecher. Dieser verstand es sehr gut, Dieter auszuspielen\nund siegte folgerichtig in vier S\u00e4tzen.<\/p>\n\n\n\n<p class=\"wp-block-paragraph\">In der Mitte\nbegann Willeke sehr stark gegen Schnieder. Nach einem knapp gewonnen ersten\nSatz und einer 8:4-F\u00fchrung im zweiten Durchgang verlor er aber zunehmend seine Contenance.\nSchnieder begann ihm sein Spiel aufzudr\u00fccken und siegte letztlich verdient in\nvier S\u00e4tzen. Im Parallelspiel machte Macioszek hingegen kurzen Prozess gegen\nSchwade und siegte in drei klaren Durchg\u00e4ngen.<\/p>\n\n\n\n<p class=\"wp-block-paragraph\">Unten merkte man\nvan Bargen deutlich die lange Nacht an. Viele Fehler und wenig Bewegung pr\u00e4gten\nsein Spiel gegen Brunsing. In vier S\u00e4tzen ging das Spiel an die Gastgeber. <\/p>\n\n\n\n<p class=\"wp-block-paragraph\">Storm und Kopp\nlieferten sich parallel ein h\u00f6chst unansehnliches Spiel, was dem Material der\nbeiden geschuldet war. Unabh\u00e4ngig vom Unterhaltungswert war die Freude bei der\nZweiten gro\u00df, als Frank in vier S\u00e4tzen zur 5:4-F\u00fchrung f\u00fcr den TUS punktete.<\/p>\n\n\n\n<p class=\"wp-block-paragraph\">Das Duell der\nTopspieler war eine schnelle Sache zu Gunsten von Benteler. Volpert merkte man\nseine Schmerzen an, nicht einen Schritt mehr als n\u00f6tig konnte er bestreiten,\nentsprechend ging das Spiel in drei S\u00e4tzen an die Gastgeber. Ebenso eindeutig\nkonnte Broch jedoch gegen Eisenbrecher punkten. Zu unangenehm das Spiel von J\u00f6rg,\n6:5 aus TUS-Sicht.<\/p>\n\n\n\n<p class=\"wp-block-paragraph\">Das Bild in der\nMitte war zweigeteilt. Konnte Macioszek in einem ganz engen Spiel in f\u00fcnf\nS\u00e4tzen gegen Schnieder punkten, gab Willeke parallel dazu in drei S\u00e4tzen gegen\nSchwade ab. Konnte Christian sich immer wieder in das Spiel hineink\u00e4mpfen, kam\nWilleke gegen das aggressive Spiel von Schwade erst gar nicht dazu. Beide\nSpielausg\u00e4nge gehen voll in Ordnung, 7:6 f\u00fcr die Zweite.<\/p>\n\n\n\n<p class=\"wp-block-paragraph\">Unten k\u00e4mpfte\nStorm verbissen gegen Brunsing um den achten Punkt. In einem ganz engen Spiel,\nwas so oder so h\u00e4tte ausgehen k\u00f6nnen, konnte sich der Spieler der\nHeimmannschaft am Ende hauchd\u00fcnn durchsetzen und auf 7:7 ausgleichen.<\/p>\n\n\n\n<p class=\"wp-block-paragraph\">Van Bargen konnte\nund wollte sich jedoch f\u00fcr sein erstes Match rehabilitieren. Meist geduldig\nwartend, mit weniger eigenen Fehlern als im Auftaktspiel, auf seine gute\nVorhand vertrauend, gewann Janik in vier S\u00e4tzen gegen Kopp und sicherte damit\neinen Punkt f\u00fcr den TUS.<\/p>\n\n\n\n<p class=\"wp-block-paragraph\">Damit h\u00e4tte ein\nAbschlussdoppel die Entscheidung bringen m\u00fcssen. Vern\u00fcnftigerweise entschied\nman jedoch, das Spiel freiwillig aufzugeben, sodass am Ende ein 8:8 bei 31:32\nS\u00e4tzen aus TUS-Sicht zur Buche stand. Gesundheit geht vor, keine Frage. An\ndieser Stelle gute Besserung f\u00fcr Kamerad Volpert. <\/p>\n\n\n\n<p class=\"wp-block-paragraph\">Die Zweite hat einen weiteren Z\u00e4hler, mit dem nicht unbedingt zu rechnen war, gegen den Abstieg eingefahren. Nach vier Spieltagen ist man noch ungeschlagen und hat nun vier Wochen Zeit sich auszukurieren, um dann mit frischen Kr\u00e4ften wieder anzugreifen.<\/p>\n\n\n\n<figure class=\"wp-block-image\"><img decoding=\"async\" width=\"759\" height=\"873\" src=\"http:\/\/tt-bruchhausen.de\/Web\/wp-content\/uploads\/2021\/10\/Cappel-vs.-TUS-II-10.10.2021.jpg\" alt=\"\" class=\"wp-image-5638\" srcset=\"http:\/\/tt-bruchhausen.de\/Web\/wp-content\/uploads\/2021\/10\/Cappel-vs.-TUS-II-10.10.2021-261x300.jpg 261w, http:\/\/tt-bruchhausen.de\/Web\/wp-content\/uploads\/2021\/10\/Cappel-vs.-TUS-II-10.10.2021.jpg 759w\" sizes=\"(max-width: 759px) 100vw, 759px\" \/><\/figure>\n","protected":false},"excerpt":{"rendered":"<p>Am vierten Spieltag musste die Zweite am Sonntagmorgen bei den Gastgebern vom DJK SR Cappel antreten. Dieter Volpert trat die Reise mit R\u00fcckenbeschwerden an, was  [&#8230;]<\/p>\n","protected":false},"author":4,"featured_media":1562,"comment_status":"closed","ping_status":"closed","sticky":false,"template":"","format":"standard","meta":{"kia_subtitle":"","_themeisle_gutenberg_block_has_review":false,"footnotes":""},"categories":[4],"tags":[],"class_list":["post-5636","post","type-post","status-publish","format-standard","has-post-thumbnail","hentry","category-2-mannschaft"],"yoast_head":"<!-- This site is optimized with the Yoast SEO plugin v28.4 - https:\/\/yoast.com\/product\/yoast-seo-wordpress\/ -->\n<title>Zweite mit Punktgewinn in Cappel - TuS Bruchhausen 02 - TT Abteilung<\/title>\n<meta name=\"robots\" content=\"index, follow, max-snippet:-1, max-image-preview:large, max-video-preview:-1\" \/>\n<link rel=\"canonical\" href=\"http:\/\/tt-bruchhausen.de\/Web\/zweite-mit-punktgewinn-in-cappel\/\" \/>\n<meta property=\"og:locale\" content=\"de_DE\" \/>\n<meta property=\"og:type\" content=\"article\" \/>\n<meta property=\"og:title\" content=\"Zweite mit Punktgewinn in Cappel - TuS Bruchhausen 02 - TT Abteilung\" \/>\n<meta property=\"og:description\" content=\"Am vierten Spieltag musste die Zweite am Sonntagmorgen bei den Gastgebern vom DJK SR Cappel antreten. Dieter Volpert trat die Reise mit R\u00fcckenbeschwerden an, was [...]\" \/>\n<meta property=\"og:url\" content=\"http:\/\/tt-bruchhausen.de\/Web\/zweite-mit-punktgewinn-in-cappel\/\" \/>\n<meta property=\"og:site_name\" content=\"TuS Bruchhausen 02 - TT Abteilung\" \/>\n<meta property=\"article:published_time\" content=\"2021-10-10T14:05:56+00:00\" \/>\n<meta property=\"og:image\" content=\"http:\/\/tt-bruchhausen.de\/Web\/wp-content\/uploads\/2015\/03\/netz_ball1000pix.jpg\" \/>\n\t<meta property=\"og:image:width\" content=\"1000\" \/>\n\t<meta property=\"og:image:height\" content=\"666\" \/>\n\t<meta property=\"og:image:type\" content=\"image\/jpeg\" \/>\n<meta name=\"author\" content=\"Fabian Willeke\" \/>\n<meta name=\"twitter:card\" content=\"summary_large_image\" \/>\n<meta name=\"twitter:label1\" content=\"Verfasst von\" \/>\n\t<meta name=\"twitter:data1\" content=\"Fabian Willeke\" \/>\n\t<meta name=\"twitter:label2\" content=\"Gesch\u00e4tzte Lesezeit\" \/>\n\t<meta name=\"twitter:data2\" content=\"3\u00a0Minuten\" \/>\n<script type=\"application\/ld+json\" class=\"yoast-schema-graph\">{\"@context\":\"https:\\\/\\\/schema.org\",\"@graph\":[{\"@type\":\"Article\",\"@id\":\"http:\\\/\\\/tt-bruchhausen.de\\\/Web\\\/zweite-mit-punktgewinn-in-cappel\\\/#article\",\"isPartOf\":{\"@id\":\"http:\\\/\\\/tt-bruchhausen.de\\\/Web\\\/zweite-mit-punktgewinn-in-cappel\\\/\"},\"author\":{\"name\":\"Fabian Willeke\",\"@id\":\"http:\\\/\\\/tt-bruchhausen.de\\\/Web\\\/#\\\/schema\\\/person\\\/7c735958f443bed6480f227cb3676192\"},\"headline\":\"Zweite mit Punktgewinn in Cappel\",\"datePublished\":\"2021-10-10T14:05:56+00:00\",\"mainEntityOfPage\":{\"@id\":\"http:\\\/\\\/tt-bruchhausen.de\\\/Web\\\/zweite-mit-punktgewinn-in-cappel\\\/\"},\"wordCount\":659,\"image\":{\"@id\":\"http:\\\/\\\/tt-bruchhausen.de\\\/Web\\\/zweite-mit-punktgewinn-in-cappel\\\/#primaryimage\"},\"thumbnailUrl\":\"http:\\\/\\\/tt-bruchhausen.de\\\/Web\\\/wp-content\\\/uploads\\\/2015\\\/03\\\/netz_ball1000pix.jpg\",\"articleSection\":[\"2. Mannschaft\"],\"inLanguage\":\"de\"},{\"@type\":\"WebPage\",\"@id\":\"http:\\\/\\\/tt-bruchhausen.de\\\/Web\\\/zweite-mit-punktgewinn-in-cappel\\\/\",\"url\":\"http:\\\/\\\/tt-bruchhausen.de\\\/Web\\\/zweite-mit-punktgewinn-in-cappel\\\/\",\"name\":\"Zweite mit Punktgewinn in Cappel - TuS Bruchhausen 02 - TT Abteilung\",\"isPartOf\":{\"@id\":\"http:\\\/\\\/tt-bruchhausen.de\\\/Web\\\/#website\"},\"primaryImageOfPage\":{\"@id\":\"http:\\\/\\\/tt-bruchhausen.de\\\/Web\\\/zweite-mit-punktgewinn-in-cappel\\\/#primaryimage\"},\"image\":{\"@id\":\"http:\\\/\\\/tt-bruchhausen.de\\\/Web\\\/zweite-mit-punktgewinn-in-cappel\\\/#primaryimage\"},\"thumbnailUrl\":\"http:\\\/\\\/tt-bruchhausen.de\\\/Web\\\/wp-content\\\/uploads\\\/2015\\\/03\\\/netz_ball1000pix.jpg\",\"datePublished\":\"2021-10-10T14:05:56+00:00\",\"author\":{\"@id\":\"http:\\\/\\\/tt-bruchhausen.de\\\/Web\\\/#\\\/schema\\\/person\\\/7c735958f443bed6480f227cb3676192\"},\"breadcrumb\":{\"@id\":\"http:\\\/\\\/tt-bruchhausen.de\\\/Web\\\/zweite-mit-punktgewinn-in-cappel\\\/#breadcrumb\"},\"inLanguage\":\"de\",\"potentialAction\":[{\"@type\":\"ReadAction\",\"target\":[\"http:\\\/\\\/tt-bruchhausen.de\\\/Web\\\/zweite-mit-punktgewinn-in-cappel\\\/\"]}]},{\"@type\":\"ImageObject\",\"inLanguage\":\"de\",\"@id\":\"http:\\\/\\\/tt-bruchhausen.de\\\/Web\\\/zweite-mit-punktgewinn-in-cappel\\\/#primaryimage\",\"url\":\"http:\\\/\\\/tt-bruchhausen.de\\\/Web\\\/wp-content\\\/uploads\\\/2015\\\/03\\\/netz_ball1000pix.jpg\",\"contentUrl\":\"http:\\\/\\\/tt-bruchhausen.de\\\/Web\\\/wp-content\\\/uploads\\\/2015\\\/03\\\/netz_ball1000pix.jpg\",\"width\":1000,\"height\":666},{\"@type\":\"BreadcrumbList\",\"@id\":\"http:\\\/\\\/tt-bruchhausen.de\\\/Web\\\/zweite-mit-punktgewinn-in-cappel\\\/#breadcrumb\",\"itemListElement\":[{\"@type\":\"ListItem\",\"position\":1,\"name\":\"Start\",\"item\":\"http:\\\/\\\/tt-bruchhausen.de\\\/Web\\\/\"},{\"@type\":\"ListItem\",\"position\":2,\"name\":\"Zweite mit Punktgewinn in Cappel\"}]},{\"@type\":\"WebSite\",\"@id\":\"http:\\\/\\\/tt-bruchhausen.de\\\/Web\\\/#website\",\"url\":\"http:\\\/\\\/tt-bruchhausen.de\\\/Web\\\/\",\"name\":\"TuS Bruchhausen 02 - TT Abteilung\",\"description\":\"Tischtennis im Entondorf\",\"potentialAction\":[{\"@type\":\"SearchAction\",\"target\":{\"@type\":\"EntryPoint\",\"urlTemplate\":\"http:\\\/\\\/tt-bruchhausen.de\\\/Web\\\/?s={search_term_string}\"},\"query-input\":{\"@type\":\"PropertyValueSpecification\",\"valueRequired\":true,\"valueName\":\"search_term_string\"}}],\"inLanguage\":\"de\"},{\"@type\":\"Person\",\"@id\":\"http:\\\/\\\/tt-bruchhausen.de\\\/Web\\\/#\\\/schema\\\/person\\\/7c735958f443bed6480f227cb3676192\",\"name\":\"Fabian Willeke\",\"image\":{\"@type\":\"ImageObject\",\"inLanguage\":\"de\",\"@id\":\"https:\\\/\\\/secure.gravatar.com\\\/avatar\\\/af5e7cc9f1c13b7bf8b459810c41d1270d104693cd0048ec11a10acb24a19def?s=96&d=mm&r=g\",\"url\":\"https:\\\/\\\/secure.gravatar.com\\\/avatar\\\/af5e7cc9f1c13b7bf8b459810c41d1270d104693cd0048ec11a10acb24a19def?s=96&d=mm&r=g\",\"contentUrl\":\"https:\\\/\\\/secure.gravatar.com\\\/avatar\\\/af5e7cc9f1c13b7bf8b459810c41d1270d104693cd0048ec11a10acb24a19def?s=96&d=mm&r=g\",\"caption\":\"Fabian Willeke\"},\"sameAs\":[\"http:\\\/\\\/TT-Bruchhausen.de\"],\"url\":\"http:\\\/\\\/tt-bruchhausen.de\\\/Web\\\/author\\\/fabian\\\/\"}]}<\/script>\n<!-- \/ Yoast SEO plugin. -->","yoast_head_json":{"title":"Zweite mit Punktgewinn in Cappel - TuS Bruchhausen 02 - TT Abteilung","robots":{"index":"index","follow":"follow","max-snippet":"max-snippet:-1","max-image-preview":"max-image-preview:large","max-video-preview":"max-video-preview:-1"},"canonical":"http:\/\/tt-bruchhausen.de\/Web\/zweite-mit-punktgewinn-in-cappel\/","og_locale":"de_DE","og_type":"article","og_title":"Zweite mit Punktgewinn in Cappel - TuS Bruchhausen 02 - TT Abteilung","og_description":"Am vierten Spieltag musste die Zweite am Sonntagmorgen bei den Gastgebern vom DJK SR Cappel antreten. Dieter Volpert trat die Reise mit R\u00fcckenbeschwerden an, was [...]","og_url":"http:\/\/tt-bruchhausen.de\/Web\/zweite-mit-punktgewinn-in-cappel\/","og_site_name":"TuS Bruchhausen 02 - TT Abteilung","article_published_time":"2021-10-10T14:05:56+00:00","og_image":[{"width":1000,"height":666,"url":"http:\/\/tt-bruchhausen.de\/Web\/wp-content\/uploads\/2015\/03\/netz_ball1000pix.jpg","type":"image\/jpeg"}],"author":"Fabian Willeke","twitter_card":"summary_large_image","twitter_misc":{"Verfasst von":"Fabian Willeke","Gesch\u00e4tzte Lesezeit":"3\u00a0Minuten"},"schema":{"@context":"https:\/\/schema.org","@graph":[{"@type":"Article","@id":"http:\/\/tt-bruchhausen.de\/Web\/zweite-mit-punktgewinn-in-cappel\/#article","isPartOf":{"@id":"http:\/\/tt-bruchhausen.de\/Web\/zweite-mit-punktgewinn-in-cappel\/"},"author":{"name":"Fabian Willeke","@id":"http:\/\/tt-bruchhausen.de\/Web\/#\/schema\/person\/7c735958f443bed6480f227cb3676192"},"headline":"Zweite mit Punktgewinn in Cappel","datePublished":"2021-10-10T14:05:56+00:00","mainEntityOfPage":{"@id":"http:\/\/tt-bruchhausen.de\/Web\/zweite-mit-punktgewinn-in-cappel\/"},"wordCount":659,"image":{"@id":"http:\/\/tt-bruchhausen.de\/Web\/zweite-mit-punktgewinn-in-cappel\/#primaryimage"},"thumbnailUrl":"http:\/\/tt-bruchhausen.de\/Web\/wp-content\/uploads\/2015\/03\/netz_ball1000pix.jpg","articleSection":["2. Mannschaft"],"inLanguage":"de"},{"@type":"WebPage","@id":"http:\/\/tt-bruchhausen.de\/Web\/zweite-mit-punktgewinn-in-cappel\/","url":"http:\/\/tt-bruchhausen.de\/Web\/zweite-mit-punktgewinn-in-cappel\/","name":"Zweite mit Punktgewinn in Cappel - TuS Bruchhausen 02 - TT Abteilung","isPartOf":{"@id":"http:\/\/tt-bruchhausen.de\/Web\/#website"},"primaryImageOfPage":{"@id":"http:\/\/tt-bruchhausen.de\/Web\/zweite-mit-punktgewinn-in-cappel\/#primaryimage"},"image":{"@id":"http:\/\/tt-bruchhausen.de\/Web\/zweite-mit-punktgewinn-in-cappel\/#primaryimage"},"thumbnailUrl":"http:\/\/tt-bruchhausen.de\/Web\/wp-content\/uploads\/2015\/03\/netz_ball1000pix.jpg","datePublished":"2021-10-10T14:05:56+00:00","author":{"@id":"http:\/\/tt-bruchhausen.de\/Web\/#\/schema\/person\/7c735958f443bed6480f227cb3676192"},"breadcrumb":{"@id":"http:\/\/tt-bruchhausen.de\/Web\/zweite-mit-punktgewinn-in-cappel\/#breadcrumb"},"inLanguage":"de","potentialAction":[{"@type":"ReadAction","target":["http:\/\/tt-bruchhausen.de\/Web\/zweite-mit-punktgewinn-in-cappel\/"]}]},{"@type":"ImageObject","inLanguage":"de","@id":"http:\/\/tt-bruchhausen.de\/Web\/zweite-mit-punktgewinn-in-cappel\/#primaryimage","url":"http:\/\/tt-bruchhausen.de\/Web\/wp-content\/uploads\/2015\/03\/netz_ball1000pix.jpg","contentUrl":"http:\/\/tt-bruchhausen.de\/Web\/wp-content\/uploads\/2015\/03\/netz_ball1000pix.jpg","width":1000,"height":666},{"@type":"BreadcrumbList","@id":"http:\/\/tt-bruchhausen.de\/Web\/zweite-mit-punktgewinn-in-cappel\/#breadcrumb","itemListElement":[{"@type":"ListItem","position":1,"name":"Start","item":"http:\/\/tt-bruchhausen.de\/Web\/"},{"@type":"ListItem","position":2,"name":"Zweite mit Punktgewinn in Cappel"}]},{"@type":"WebSite","@id":"http:\/\/tt-bruchhausen.de\/Web\/#website","url":"http:\/\/tt-bruchhausen.de\/Web\/","name":"TuS Bruchhausen 02 - TT Abteilung","description":"Tischtennis im Entondorf","potentialAction":[{"@type":"SearchAction","target":{"@type":"EntryPoint","urlTemplate":"http:\/\/tt-bruchhausen.de\/Web\/?s={search_term_string}"},"query-input":{"@type":"PropertyValueSpecification","valueRequired":true,"valueName":"search_term_string"}}],"inLanguage":"de"},{"@type":"Person","@id":"http:\/\/tt-bruchhausen.de\/Web\/#\/schema\/person\/7c735958f443bed6480f227cb3676192","name":"Fabian Willeke","image":{"@type":"ImageObject","inLanguage":"de","@id":"https:\/\/secure.gravatar.com\/avatar\/af5e7cc9f1c13b7bf8b459810c41d1270d104693cd0048ec11a10acb24a19def?s=96&d=mm&r=g","url":"https:\/\/secure.gravatar.com\/avatar\/af5e7cc9f1c13b7bf8b459810c41d1270d104693cd0048ec11a10acb24a19def?s=96&d=mm&r=g","contentUrl":"https:\/\/secure.gravatar.com\/avatar\/af5e7cc9f1c13b7bf8b459810c41d1270d104693cd0048ec11a10acb24a19def?s=96&d=mm&r=g","caption":"Fabian Willeke"},"sameAs":["http:\/\/TT-Bruchhausen.de"],"url":"http:\/\/tt-bruchhausen.de\/Web\/author\/fabian\/"}]}},"_links":{"self":[{"href":"http:\/\/tt-bruchhausen.de\/Web\/wp-json\/wp\/v2\/posts\/5636","targetHints":{"allow":["GET"]}}],"collection":[{"href":"http:\/\/tt-bruchhausen.de\/Web\/wp-json\/wp\/v2\/posts"}],"about":[{"href":"http:\/\/tt-bruchhausen.de\/Web\/wp-json\/wp\/v2\/types\/post"}],"author":[{"embeddable":true,"href":"http:\/\/tt-bruchhausen.de\/Web\/wp-json\/wp\/v2\/users\/4"}],"replies":[{"embeddable":true,"href":"http:\/\/tt-bruchhausen.de\/Web\/wp-json\/wp\/v2\/comments?post=5636"}],"version-history":[{"count":2,"href":"http:\/\/tt-bruchhausen.de\/Web\/wp-json\/wp\/v2\/posts\/5636\/revisions"}],"predecessor-version":[{"id":5639,"href":"http:\/\/tt-bruchhausen.de\/Web\/wp-json\/wp\/v2\/posts\/5636\/revisions\/5639"}],"wp:featuredmedia":[{"embeddable":true,"href":"http:\/\/tt-bruchhausen.de\/Web\/wp-json\/wp\/v2\/media\/1562"}],"wp:attachment":[{"href":"http:\/\/tt-bruchhausen.de\/Web\/wp-json\/wp\/v2\/media?parent=5636"}],"wp:term":[{"taxonomy":"category","embeddable":true,"href":"http:\/\/tt-bruchhausen.de\/Web\/wp-json\/wp\/v2\/categories?post=5636"},{"taxonomy":"post_tag","embeddable":true,"href":"http:\/\/tt-bruchhausen.de\/Web\/wp-json\/wp\/v2\/tags?post=5636"}],"curies":[{"name":"wp","href":"https:\/\/api.w.org\/{rel}","templated":true}]}}