{"id":5629,"date":"2021-10-03T09:18:19","date_gmt":"2021-10-03T07:18:19","guid":{"rendered":"http:\/\/tt-bruchhausen.de\/Web\/?p=5629"},"modified":"2021-10-10T16:06:55","modified_gmt":"2021-10-10T14:06:55","slug":"zweite-quaelt-sich-zum-sieg-gegen-oventrop","status":"publish","type":"post","link":"http:\/\/tt-bruchhausen.de\/Web\/zweite-quaelt-sich-zum-sieg-gegen-oventrop\/","title":{"rendered":"Zweite qu\u00e4lt sich zum Sieg gegen Oeventrop"},"content":{"rendered":"\n<p class=\"wp-block-paragraph\">Am dritten\nSpieltag der Saison empfing die Zweite die G\u00e4ste aus Oeventrop. Nach zwei\ngelungenen Auftaktspielen gegen vermeintlich schwerere Gegner, rechnete man\nfest mit einem Sieg, zumal die G\u00e4ste nicht in Bestbesetzung antraten. Aber\nsolche Spiele sind ja bekanntlich die schwersten und so kam es dann auch.<\/p>\n\n\n\n<p class=\"wp-block-paragraph\">Die Doppel verliefen\nnoch sehr gut aus Sicht des TUS. Sowohl Broch\/Macioszek gegen Wiedenh\u00f6fer\/Furmanski,\nals auch Willeke\/van Bargen gegen Peters und Roehrig brachten ihre Spiele in\ndrei S\u00e4tzen nach Hause. Leidglich Volpert\/Storm gaben gegen ein ganz starkes Topdoppel\nder G\u00e4ste, besetzt mit B\u00fcenfeld\/Br\u00fcggemann in vier S\u00e4tzen ab.<\/p>\n\n\n\n<p class=\"wp-block-paragraph\">Oben machte sich Volpert direkt daran den Vorsprung auszubauen. In drei glasklaren S\u00e4tzen hatte er Br\u00fcggemann zu jeder Zeit im Griff und siegte sicher. Broch hatte im Parallelspiel nur im dritten Satz eine Chance gegen B\u00fcenfeld. Zu sicher der Topspieler der G\u00e4ste, 3:2 aus TUS-Sicht.<\/p>\n\n\n\n<p class=\"wp-block-paragraph\">In der Mitte konnten sowohl Macioszek gegen Peters, als auch Willeke gegen Wieseh\u00f6fer relativ sicher gewinnen, Spielstand 5;2, das Spiel nahm zun\u00e4chst den erhofften Verlauf f\u00fcr die Zweite.<\/p>\n\n\n\n<p class=\"wp-block-paragraph\">Ern\u00fcchterung kam\naber auf, als sowohl Storm gegen Furmanski unterlag, als auch Jungtalent van\nBargen gegen Roehrig den K\u00fcrzeren zog. Beide TUS-Spieler konnten ihr volles\nPotential nicht abrufen und gaben verdient ab, lediglich 5:4 zur Halbzeit aus\nTUS-Sicht.<\/p>\n\n\n\n<p class=\"wp-block-paragraph\">Im Duell der Topspieler kaufte B\u00fcenfeld Dieter zun\u00e4chst den Schneid ab. Konnte Dieter den ersten Satz noch knapp gewinnen, kam B\u00fcenfeld immer st\u00e4rker ins Spiel und dr\u00fcckte sein Spiel immer mehr durch. Die S\u00e4tze zwei und drei geh\u00f6rten ihm. Im vierten Satz konnte Dieter wieder ausgleichen, sodass das Spiel in den Finaldurchgang ging. Hier schwankte das Momentum hin und her. Am Ende konnte Dieter in der Verl\u00e4ngerung, wie schon so h\u00e4ufig, siegen und einen ganz wichtigen Punkt f\u00fcr die Zweite beisteuern.<\/p>\n\n\n\n<p class=\"wp-block-paragraph\">Parallel dazu tat sich Broch sehr schwer gegen Br\u00fcggemann. Mit sich selbst und seinem Spiel hadernd, qu\u00e4lte er sich zum Vier-Satz-Sieg, aber das war egal, er stellte auf 7:4 f\u00fcr den TUS.<\/p>\n\n\n\n<p class=\"wp-block-paragraph\">In der Mitte sollte es aber ein Debakel geben. Macioszek hatte den ersten Satz gegen Wieseh\u00f6fer klar und deutlich gewonnen, verlor dann aber seinen Spielstil, weil sich sein Gegen\u00fcber besser auf Christians Spiel einstellte. Folgerichtig gingen die drei folgenden S\u00e4tze an die G\u00e4ste. Parallel dazu spielte Willeke ohne Fortune gegen Peters. Ohne Mut und Bewegung musste er zusehen, wie ihm die Felle zunehmend davonschwammen. Nach vier S\u00e4tzen setzte es eine verdiente Niederlage., womit die G\u00e4ste wieder auf 7:6 herankamen.<\/p>\n\n\n\n<p class=\"wp-block-paragraph\">Nun musste unten\ngepunktet werden, wollte man den Sack endlich zumachen. Beide TUS-Spieler waren\ndarauf aus, ihre Niederlagen zu revidieren und beiden gelang dies auch.\nErheblich besser als in ihren ersten Einzeln agierend, konnten sowohl Storm\ngegen Roehrig, als auch van Bargen gegen Furmanski in drei S\u00e4tzen siegen und\nauf 9:6 f\u00fcr den TUS stellen.<\/p>\n\n\n\n<p class=\"wp-block-paragraph\">Was bleibt ist die Tatsache, dass man das Spiel 9:6 gewonnen hat. \u00dcber das \u201eWie\u201c sollte man an diesem Tag das M\u00e4ntelchen des Schweigens legen. Man hat zwei Punkte gegen den Abstieg geholt, Punkt und Ende. Mund abwischen und beim n\u00e4chsten Mal wieder besser spielen.<\/p>\n\n\n\n<figure class=\"wp-block-image\"><img decoding=\"async\" width=\"758\" height=\"894\" src=\"http:\/\/tt-bruchhausen.de\/Web\/wp-content\/uploads\/2021\/10\/TUS-II-vs.-Oeventrop-02.10.2021.jpg\" alt=\"\" class=\"wp-image-5640\" srcset=\"http:\/\/tt-bruchhausen.de\/Web\/wp-content\/uploads\/2021\/10\/TUS-II-vs.-Oeventrop-02.10.2021-254x300.jpg 254w, http:\/\/tt-bruchhausen.de\/Web\/wp-content\/uploads\/2021\/10\/TUS-II-vs.-Oeventrop-02.10.2021.jpg 758w\" sizes=\"(max-width: 758px) 100vw, 758px\" \/><\/figure>\n\n\n\n<p class=\"wp-block-paragraph\"><a href=\"https:\/\/www.mytischtennis.de\/clicktt\/WTTV\/21-22\/ligen\/Herren-Bezirksklasse-Gruppe-5\/gruppe\/394841\/spielbericht\/13275752\/TuS-Bruchhausen-II-vs-TTV-Neheim-Huesten-III\/\"><\/a><\/p>\n","protected":false},"excerpt":{"rendered":"<p>Am dritten Spieltag der Saison empfing die Zweite die G\u00e4ste aus Oeventrop. Nach zwei gelungenen Auftaktspielen gegen vermeintlich schwerere Gegner, rechnete man fest mit einem  [&#8230;]<\/p>\n","protected":false},"author":4,"featured_media":2112,"comment_status":"closed","ping_status":"closed","sticky":false,"template":"","format":"standard","meta":{"kia_subtitle":"","_themeisle_gutenberg_block_has_review":false,"footnotes":""},"categories":[4],"tags":[],"class_list":["post-5629","post","type-post","status-publish","format-standard","has-post-thumbnail","hentry","category-2-mannschaft"],"yoast_head":"<!-- This site is optimized with the Yoast SEO plugin v28.4 - https:\/\/yoast.com\/product\/yoast-seo-wordpress\/ -->\n<title>Zweite qu\u00e4lt sich zum Sieg gegen Oeventrop - TuS Bruchhausen 02 - TT Abteilung<\/title>\n<meta name=\"robots\" content=\"index, follow, max-snippet:-1, max-image-preview:large, max-video-preview:-1\" \/>\n<link rel=\"canonical\" href=\"http:\/\/tt-bruchhausen.de\/Web\/zweite-quaelt-sich-zum-sieg-gegen-oventrop\/\" \/>\n<meta property=\"og:locale\" content=\"de_DE\" \/>\n<meta property=\"og:type\" content=\"article\" \/>\n<meta property=\"og:title\" content=\"Zweite qu\u00e4lt sich zum Sieg gegen Oeventrop - TuS Bruchhausen 02 - TT Abteilung\" \/>\n<meta property=\"og:description\" content=\"Am dritten Spieltag der Saison empfing die Zweite die G\u00e4ste aus Oeventrop. Nach zwei gelungenen Auftaktspielen gegen vermeintlich schwerere Gegner, rechnete man fest mit einem [...]\" \/>\n<meta property=\"og:url\" content=\"http:\/\/tt-bruchhausen.de\/Web\/zweite-quaelt-sich-zum-sieg-gegen-oventrop\/\" \/>\n<meta property=\"og:site_name\" content=\"TuS Bruchhausen 02 - TT Abteilung\" \/>\n<meta property=\"article:published_time\" content=\"2021-10-03T07:18:19+00:00\" \/>\n<meta property=\"article:modified_time\" content=\"2021-10-10T14:06:55+00:00\" \/>\n<meta property=\"og:image\" content=\"http:\/\/tt-bruchhausen.de\/Web\/wp-content\/uploads\/2016\/01\/netz_ball1000pix-1.jpg\" \/>\n\t<meta property=\"og:image:width\" content=\"1000\" \/>\n\t<meta property=\"og:image:height\" content=\"666\" \/>\n\t<meta property=\"og:image:type\" content=\"image\/jpeg\" \/>\n<meta name=\"author\" content=\"Fabian Willeke\" \/>\n<meta name=\"twitter:card\" content=\"summary_large_image\" \/>\n<meta name=\"twitter:label1\" content=\"Verfasst von\" \/>\n\t<meta name=\"twitter:data1\" content=\"Fabian Willeke\" \/>\n\t<meta name=\"twitter:label2\" content=\"Gesch\u00e4tzte Lesezeit\" \/>\n\t<meta name=\"twitter:data2\" content=\"3\u00a0Minuten\" \/>\n<script type=\"application\/ld+json\" class=\"yoast-schema-graph\">{\"@context\":\"https:\\\/\\\/schema.org\",\"@graph\":[{\"@type\":\"Article\",\"@id\":\"http:\\\/\\\/tt-bruchhausen.de\\\/Web\\\/zweite-quaelt-sich-zum-sieg-gegen-oventrop\\\/#article\",\"isPartOf\":{\"@id\":\"http:\\\/\\\/tt-bruchhausen.de\\\/Web\\\/zweite-quaelt-sich-zum-sieg-gegen-oventrop\\\/\"},\"author\":{\"name\":\"Fabian Willeke\",\"@id\":\"http:\\\/\\\/tt-bruchhausen.de\\\/Web\\\/#\\\/schema\\\/person\\\/7c735958f443bed6480f227cb3676192\"},\"headline\":\"Zweite qu\u00e4lt sich zum Sieg gegen Oeventrop\",\"datePublished\":\"2021-10-03T07:18:19+00:00\",\"dateModified\":\"2021-10-10T14:06:55+00:00\",\"mainEntityOfPage\":{\"@id\":\"http:\\\/\\\/tt-bruchhausen.de\\\/Web\\\/zweite-quaelt-sich-zum-sieg-gegen-oventrop\\\/\"},\"wordCount\":543,\"image\":{\"@id\":\"http:\\\/\\\/tt-bruchhausen.de\\\/Web\\\/zweite-quaelt-sich-zum-sieg-gegen-oventrop\\\/#primaryimage\"},\"thumbnailUrl\":\"http:\\\/\\\/tt-bruchhausen.de\\\/Web\\\/wp-content\\\/uploads\\\/2016\\\/01\\\/netz_ball1000pix-1.jpg\",\"articleSection\":[\"2. Mannschaft\"],\"inLanguage\":\"de\"},{\"@type\":\"WebPage\",\"@id\":\"http:\\\/\\\/tt-bruchhausen.de\\\/Web\\\/zweite-quaelt-sich-zum-sieg-gegen-oventrop\\\/\",\"url\":\"http:\\\/\\\/tt-bruchhausen.de\\\/Web\\\/zweite-quaelt-sich-zum-sieg-gegen-oventrop\\\/\",\"name\":\"Zweite qu\u00e4lt sich zum Sieg gegen Oeventrop - TuS Bruchhausen 02 - TT Abteilung\",\"isPartOf\":{\"@id\":\"http:\\\/\\\/tt-bruchhausen.de\\\/Web\\\/#website\"},\"primaryImageOfPage\":{\"@id\":\"http:\\\/\\\/tt-bruchhausen.de\\\/Web\\\/zweite-quaelt-sich-zum-sieg-gegen-oventrop\\\/#primaryimage\"},\"image\":{\"@id\":\"http:\\\/\\\/tt-bruchhausen.de\\\/Web\\\/zweite-quaelt-sich-zum-sieg-gegen-oventrop\\\/#primaryimage\"},\"thumbnailUrl\":\"http:\\\/\\\/tt-bruchhausen.de\\\/Web\\\/wp-content\\\/uploads\\\/2016\\\/01\\\/netz_ball1000pix-1.jpg\",\"datePublished\":\"2021-10-03T07:18:19+00:00\",\"dateModified\":\"2021-10-10T14:06:55+00:00\",\"author\":{\"@id\":\"http:\\\/\\\/tt-bruchhausen.de\\\/Web\\\/#\\\/schema\\\/person\\\/7c735958f443bed6480f227cb3676192\"},\"breadcrumb\":{\"@id\":\"http:\\\/\\\/tt-bruchhausen.de\\\/Web\\\/zweite-quaelt-sich-zum-sieg-gegen-oventrop\\\/#breadcrumb\"},\"inLanguage\":\"de\",\"potentialAction\":[{\"@type\":\"ReadAction\",\"target\":[\"http:\\\/\\\/tt-bruchhausen.de\\\/Web\\\/zweite-quaelt-sich-zum-sieg-gegen-oventrop\\\/\"]}]},{\"@type\":\"ImageObject\",\"inLanguage\":\"de\",\"@id\":\"http:\\\/\\\/tt-bruchhausen.de\\\/Web\\\/zweite-quaelt-sich-zum-sieg-gegen-oventrop\\\/#primaryimage\",\"url\":\"http:\\\/\\\/tt-bruchhausen.de\\\/Web\\\/wp-content\\\/uploads\\\/2016\\\/01\\\/netz_ball1000pix-1.jpg\",\"contentUrl\":\"http:\\\/\\\/tt-bruchhausen.de\\\/Web\\\/wp-content\\\/uploads\\\/2016\\\/01\\\/netz_ball1000pix-1.jpg\",\"width\":1000,\"height\":666,\"caption\":\"SAMSUNG CSC\"},{\"@type\":\"BreadcrumbList\",\"@id\":\"http:\\\/\\\/tt-bruchhausen.de\\\/Web\\\/zweite-quaelt-sich-zum-sieg-gegen-oventrop\\\/#breadcrumb\",\"itemListElement\":[{\"@type\":\"ListItem\",\"position\":1,\"name\":\"Start\",\"item\":\"http:\\\/\\\/tt-bruchhausen.de\\\/Web\\\/\"},{\"@type\":\"ListItem\",\"position\":2,\"name\":\"Zweite qu\u00e4lt sich zum Sieg gegen Oeventrop\"}]},{\"@type\":\"WebSite\",\"@id\":\"http:\\\/\\\/tt-bruchhausen.de\\\/Web\\\/#website\",\"url\":\"http:\\\/\\\/tt-bruchhausen.de\\\/Web\\\/\",\"name\":\"TuS Bruchhausen 02 - TT Abteilung\",\"description\":\"Tischtennis im Entondorf\",\"potentialAction\":[{\"@type\":\"SearchAction\",\"target\":{\"@type\":\"EntryPoint\",\"urlTemplate\":\"http:\\\/\\\/tt-bruchhausen.de\\\/Web\\\/?s={search_term_string}\"},\"query-input\":{\"@type\":\"PropertyValueSpecification\",\"valueRequired\":true,\"valueName\":\"search_term_string\"}}],\"inLanguage\":\"de\"},{\"@type\":\"Person\",\"@id\":\"http:\\\/\\\/tt-bruchhausen.de\\\/Web\\\/#\\\/schema\\\/person\\\/7c735958f443bed6480f227cb3676192\",\"name\":\"Fabian Willeke\",\"image\":{\"@type\":\"ImageObject\",\"inLanguage\":\"de\",\"@id\":\"https:\\\/\\\/secure.gravatar.com\\\/avatar\\\/af5e7cc9f1c13b7bf8b459810c41d1270d104693cd0048ec11a10acb24a19def?s=96&d=mm&r=g\",\"url\":\"https:\\\/\\\/secure.gravatar.com\\\/avatar\\\/af5e7cc9f1c13b7bf8b459810c41d1270d104693cd0048ec11a10acb24a19def?s=96&d=mm&r=g\",\"contentUrl\":\"https:\\\/\\\/secure.gravatar.com\\\/avatar\\\/af5e7cc9f1c13b7bf8b459810c41d1270d104693cd0048ec11a10acb24a19def?s=96&d=mm&r=g\",\"caption\":\"Fabian Willeke\"},\"sameAs\":[\"http:\\\/\\\/TT-Bruchhausen.de\"],\"url\":\"http:\\\/\\\/tt-bruchhausen.de\\\/Web\\\/author\\\/fabian\\\/\"}]}<\/script>\n<!-- \/ Yoast SEO plugin. -->","yoast_head_json":{"title":"Zweite qu\u00e4lt sich zum Sieg gegen Oeventrop - TuS Bruchhausen 02 - TT Abteilung","robots":{"index":"index","follow":"follow","max-snippet":"max-snippet:-1","max-image-preview":"max-image-preview:large","max-video-preview":"max-video-preview:-1"},"canonical":"http:\/\/tt-bruchhausen.de\/Web\/zweite-quaelt-sich-zum-sieg-gegen-oventrop\/","og_locale":"de_DE","og_type":"article","og_title":"Zweite qu\u00e4lt sich zum Sieg gegen Oeventrop - TuS Bruchhausen 02 - TT Abteilung","og_description":"Am dritten Spieltag der Saison empfing die Zweite die G\u00e4ste aus Oeventrop. Nach zwei gelungenen Auftaktspielen gegen vermeintlich schwerere Gegner, rechnete man fest mit einem [...]","og_url":"http:\/\/tt-bruchhausen.de\/Web\/zweite-quaelt-sich-zum-sieg-gegen-oventrop\/","og_site_name":"TuS Bruchhausen 02 - TT Abteilung","article_published_time":"2021-10-03T07:18:19+00:00","article_modified_time":"2021-10-10T14:06:55+00:00","og_image":[{"width":1000,"height":666,"url":"http:\/\/tt-bruchhausen.de\/Web\/wp-content\/uploads\/2016\/01\/netz_ball1000pix-1.jpg","type":"image\/jpeg"}],"author":"Fabian Willeke","twitter_card":"summary_large_image","twitter_misc":{"Verfasst von":"Fabian Willeke","Gesch\u00e4tzte Lesezeit":"3\u00a0Minuten"},"schema":{"@context":"https:\/\/schema.org","@graph":[{"@type":"Article","@id":"http:\/\/tt-bruchhausen.de\/Web\/zweite-quaelt-sich-zum-sieg-gegen-oventrop\/#article","isPartOf":{"@id":"http:\/\/tt-bruchhausen.de\/Web\/zweite-quaelt-sich-zum-sieg-gegen-oventrop\/"},"author":{"name":"Fabian Willeke","@id":"http:\/\/tt-bruchhausen.de\/Web\/#\/schema\/person\/7c735958f443bed6480f227cb3676192"},"headline":"Zweite qu\u00e4lt sich zum Sieg gegen Oeventrop","datePublished":"2021-10-03T07:18:19+00:00","dateModified":"2021-10-10T14:06:55+00:00","mainEntityOfPage":{"@id":"http:\/\/tt-bruchhausen.de\/Web\/zweite-quaelt-sich-zum-sieg-gegen-oventrop\/"},"wordCount":543,"image":{"@id":"http:\/\/tt-bruchhausen.de\/Web\/zweite-quaelt-sich-zum-sieg-gegen-oventrop\/#primaryimage"},"thumbnailUrl":"http:\/\/tt-bruchhausen.de\/Web\/wp-content\/uploads\/2016\/01\/netz_ball1000pix-1.jpg","articleSection":["2. Mannschaft"],"inLanguage":"de"},{"@type":"WebPage","@id":"http:\/\/tt-bruchhausen.de\/Web\/zweite-quaelt-sich-zum-sieg-gegen-oventrop\/","url":"http:\/\/tt-bruchhausen.de\/Web\/zweite-quaelt-sich-zum-sieg-gegen-oventrop\/","name":"Zweite qu\u00e4lt sich zum Sieg gegen Oeventrop - TuS Bruchhausen 02 - TT Abteilung","isPartOf":{"@id":"http:\/\/tt-bruchhausen.de\/Web\/#website"},"primaryImageOfPage":{"@id":"http:\/\/tt-bruchhausen.de\/Web\/zweite-quaelt-sich-zum-sieg-gegen-oventrop\/#primaryimage"},"image":{"@id":"http:\/\/tt-bruchhausen.de\/Web\/zweite-quaelt-sich-zum-sieg-gegen-oventrop\/#primaryimage"},"thumbnailUrl":"http:\/\/tt-bruchhausen.de\/Web\/wp-content\/uploads\/2016\/01\/netz_ball1000pix-1.jpg","datePublished":"2021-10-03T07:18:19+00:00","dateModified":"2021-10-10T14:06:55+00:00","author":{"@id":"http:\/\/tt-bruchhausen.de\/Web\/#\/schema\/person\/7c735958f443bed6480f227cb3676192"},"breadcrumb":{"@id":"http:\/\/tt-bruchhausen.de\/Web\/zweite-quaelt-sich-zum-sieg-gegen-oventrop\/#breadcrumb"},"inLanguage":"de","potentialAction":[{"@type":"ReadAction","target":["http:\/\/tt-bruchhausen.de\/Web\/zweite-quaelt-sich-zum-sieg-gegen-oventrop\/"]}]},{"@type":"ImageObject","inLanguage":"de","@id":"http:\/\/tt-bruchhausen.de\/Web\/zweite-quaelt-sich-zum-sieg-gegen-oventrop\/#primaryimage","url":"http:\/\/tt-bruchhausen.de\/Web\/wp-content\/uploads\/2016\/01\/netz_ball1000pix-1.jpg","contentUrl":"http:\/\/tt-bruchhausen.de\/Web\/wp-content\/uploads\/2016\/01\/netz_ball1000pix-1.jpg","width":1000,"height":666,"caption":"SAMSUNG CSC"},{"@type":"BreadcrumbList","@id":"http:\/\/tt-bruchhausen.de\/Web\/zweite-quaelt-sich-zum-sieg-gegen-oventrop\/#breadcrumb","itemListElement":[{"@type":"ListItem","position":1,"name":"Start","item":"http:\/\/tt-bruchhausen.de\/Web\/"},{"@type":"ListItem","position":2,"name":"Zweite qu\u00e4lt sich zum Sieg gegen Oeventrop"}]},{"@type":"WebSite","@id":"http:\/\/tt-bruchhausen.de\/Web\/#website","url":"http:\/\/tt-bruchhausen.de\/Web\/","name":"TuS Bruchhausen 02 - TT Abteilung","description":"Tischtennis im Entondorf","potentialAction":[{"@type":"SearchAction","target":{"@type":"EntryPoint","urlTemplate":"http:\/\/tt-bruchhausen.de\/Web\/?s={search_term_string}"},"query-input":{"@type":"PropertyValueSpecification","valueRequired":true,"valueName":"search_term_string"}}],"inLanguage":"de"},{"@type":"Person","@id":"http:\/\/tt-bruchhausen.de\/Web\/#\/schema\/person\/7c735958f443bed6480f227cb3676192","name":"Fabian Willeke","image":{"@type":"ImageObject","inLanguage":"de","@id":"https:\/\/secure.gravatar.com\/avatar\/af5e7cc9f1c13b7bf8b459810c41d1270d104693cd0048ec11a10acb24a19def?s=96&d=mm&r=g","url":"https:\/\/secure.gravatar.com\/avatar\/af5e7cc9f1c13b7bf8b459810c41d1270d104693cd0048ec11a10acb24a19def?s=96&d=mm&r=g","contentUrl":"https:\/\/secure.gravatar.com\/avatar\/af5e7cc9f1c13b7bf8b459810c41d1270d104693cd0048ec11a10acb24a19def?s=96&d=mm&r=g","caption":"Fabian Willeke"},"sameAs":["http:\/\/TT-Bruchhausen.de"],"url":"http:\/\/tt-bruchhausen.de\/Web\/author\/fabian\/"}]}},"_links":{"self":[{"href":"http:\/\/tt-bruchhausen.de\/Web\/wp-json\/wp\/v2\/posts\/5629","targetHints":{"allow":["GET"]}}],"collection":[{"href":"http:\/\/tt-bruchhausen.de\/Web\/wp-json\/wp\/v2\/posts"}],"about":[{"href":"http:\/\/tt-bruchhausen.de\/Web\/wp-json\/wp\/v2\/types\/post"}],"author":[{"embeddable":true,"href":"http:\/\/tt-bruchhausen.de\/Web\/wp-json\/wp\/v2\/users\/4"}],"replies":[{"embeddable":true,"href":"http:\/\/tt-bruchhausen.de\/Web\/wp-json\/wp\/v2\/comments?post=5629"}],"version-history":[{"count":7,"href":"http:\/\/tt-bruchhausen.de\/Web\/wp-json\/wp\/v2\/posts\/5629\/revisions"}],"predecessor-version":[{"id":5642,"href":"http:\/\/tt-bruchhausen.de\/Web\/wp-json\/wp\/v2\/posts\/5629\/revisions\/5642"}],"wp:featuredmedia":[{"embeddable":true,"href":"http:\/\/tt-bruchhausen.de\/Web\/wp-json\/wp\/v2\/media\/2112"}],"wp:attachment":[{"href":"http:\/\/tt-bruchhausen.de\/Web\/wp-json\/wp\/v2\/media?parent=5629"}],"wp:term":[{"taxonomy":"category","embeddable":true,"href":"http:\/\/tt-bruchhausen.de\/Web\/wp-json\/wp\/v2\/categories?post=5629"},{"taxonomy":"post_tag","embeddable":true,"href":"http:\/\/tt-bruchhausen.de\/Web\/wp-json\/wp\/v2\/tags?post=5629"}],"curies":[{"name":"wp","href":"https:\/\/api.w.org\/{rel}","templated":true}]}}