{"id":5608,"date":"2021-09-19T10:47:21","date_gmt":"2021-09-19T08:47:21","guid":{"rendered":"http:\/\/tt-bruchhausen.de\/Web\/?p=5608"},"modified":"2021-10-10T16:07:43","modified_gmt":"2021-10-10T14:07:43","slug":"zweite-siegt-im-stadtderby-gegen-ttv-neheim-huesten","status":"publish","type":"post","link":"http:\/\/tt-bruchhausen.de\/Web\/zweite-siegt-im-stadtderby-gegen-ttv-neheim-huesten\/","title":{"rendered":"Zweite siegt im Stadtderby gegen TTV Neheim-H\u00fcsten"},"content":{"rendered":"\n<p class=\"wp-block-paragraph\">Nach einem unverhofften Punktgewinn in Lipperbruch galt es den Schwung mitzunehmen, um tags darauf im Stadtderby gegen die TTV Neheim-H\u00fcsten ebenfalls erfolgreich zu sein.<\/p>\n\n\n\n<p class=\"wp-block-paragraph\">Beide Mannschaften traten nominell in Bestbesetzung an. Zu Beginn konnten Volpert\/Storm gleich in drei sicheren S\u00e4tzen gegen Tillmann\/Schr\u00f6er punkten. Gleiches gelang Broch\/Macioszek gegen Krause und Guarda. Lediglich Willeke\/van Bargen musste sich in f\u00fcnf Durchg\u00e4ngen Gassen\/Khiata geschlagen geben.<\/p>\n\n\n\n<p class=\"wp-block-paragraph\">Oben legte Volpert direkt nach. Im Spiel zweier Materialspieler war er eindeutig der bessere und siegte glatt in drei S\u00e4tzen gegen Krause.<\/p>\n\n\n\n<p class=\"wp-block-paragraph\">Parallel dazu konnte Broch ebenfalls in drei glatten Durchg\u00e4ngen gegen Tillmann punkten. Zu gut war das teils unangenehme Spiel von J\u00f6rg.<\/p>\n\n\n\n<p class=\"wp-block-paragraph\">In der Mitte lie\u00df sich Macioszek nicht zweimal bitten und stellte, ebenfalls in drei glatten S\u00e4tzen, auf 5:1 f\u00fcr den TUS. Das war zum jetzigen Zeitpunkt schon eine gro\u00dfe \u00dcberraschung.<\/p>\n\n\n\n<p class=\"wp-block-paragraph\">Willeke konnte im zweiten Spiel der Mitte nur einen Satz gegen Gassen erfolgreich gestalten. Zu schnittlastig war das Spiel seines Gegen\u00fcbers. Phasenweise erinnerte es aus Willekes Sicht mehr an flippern, als an konstruktiven Tischtennissport. V\u00f6llig verdient ging damit der zweite Punkt an die TTV.<\/p>\n\n\n\n<p class=\"wp-block-paragraph\">Unten hatte Storm gegen Khiata f\u00fcnf S\u00e4tze lang zu k\u00e4mpfen. Am Ende reichte es jedoch nicht ganz und Neheim-H\u00fcsten verk\u00fcrzte weiter. Zeitgleich konnte van Bargen aber in drei S\u00e4tzen gegen Schr\u00f6er punkten, wiederum eine klasse Leistung von Janik, womit es 6:3 aus Sicht des TUS stand.<\/p>\n\n\n\n<p class=\"wp-block-paragraph\">Im Duell der Topleute kn\u00fcpfte Dieter nahtlos an seinem ersten Einzel an. Drei Durchg\u00e4nge und der Punktgewinn gegen Tillmann stand fest. Broch konnte im Parallelspiel nur streckenweise sein Spiel gegen Krause durchsetzen. Einige leichte Fehler zu viel f\u00fchrten zur Niederlage, 7:4 aus TUS-Sicht.<\/p>\n\n\n\n<p class=\"wp-block-paragraph\">Macioszek spielte im ersten Spiel der Mitte Flipper mit Gassen. Sehr oft entstanden Ballwechsel, bei denen fragw\u00fcrdig war, ob sie von den beiden Akteuren wirklich so gewollt waren. Nichts desto trotz, am Ende gab es einen Sieger und der hie\u00df nach f\u00fcnf Durchg\u00e4ngen Macioszek. Damit war der Punktgewinn schon sichergestellt.<\/p>\n\n\n\n<p class=\"wp-block-paragraph\">Parallel ging das Spiel von Willeke gegen Guarda \u00fcber die volle Distanz. Was sich eng anh\u00f6rt, war aber dennoch nicht so eng. Beide Akteure machten ihre Fehler, aber insbesondere Willeke im Finaldurchgang einige zu viel, Punkt f\u00fcr die G\u00e4ste, 8:5 aus TUS-Sicht.<\/p>\n\n\n\n<p class=\"wp-block-paragraph\">Storm wollte sich im Anschluss zum einen f\u00fcr seine Niederlage im ersten Durchgang rehabilitieren, zum anderen den siegbringenden Punkt gegen Schr\u00f6er erspielen. Beides gelang im vorz\u00fcglich. In drei S\u00e4tzen brachte er seine Mannschaft nach Hause zum 9:5 Sieg.<\/p>\n\n\n\n<p class=\"wp-block-paragraph\">Zwei Spiele, 3:1 Punkte, damit konnte man wirklich nicht rechnen. Da das erkl\u00e4rte Ziel nach wie vor der Klassenerhalt hei\u00dfen muss, ist man hier auf einem exzellenten Weg und kann den kommenden Aufgaben gelassen entgegensehen.<\/p>\n\n\n\n<p class=\"wp-block-paragraph\">Zum n\u00e4chsten Spieltag gibt sich der TUS Oeventrop in Bruchhausen die Ehre.<\/p>\n\n\n\n<figure class=\"wp-block-image\"><img decoding=\"async\" width=\"757\" height=\"893\" src=\"http:\/\/tt-bruchhausen.de\/Web\/wp-content\/uploads\/2021\/10\/TUS-II-vs.-Neheim-H\u00fcsten-18.09.2021.jpg\" alt=\"\" class=\"wp-image-5643\" srcset=\"http:\/\/tt-bruchhausen.de\/Web\/wp-content\/uploads\/2021\/10\/TUS-II-vs.-Neheim-H\u00fcsten-18.09.2021-254x300.jpg 254w, http:\/\/tt-bruchhausen.de\/Web\/wp-content\/uploads\/2021\/10\/TUS-II-vs.-Neheim-H\u00fcsten-18.09.2021.jpg 757w\" sizes=\"(max-width: 757px) 100vw, 757px\" \/><\/figure>\n\n\n\n<p class=\"wp-block-paragraph\"><\/p>\n","protected":false},"excerpt":{"rendered":"<p>Nach einem unverhofften Punktgewinn in Lipperbruch galt es den Schwung mitzunehmen, um tags darauf im Stadtderby gegen die TTV Neheim-H\u00fcsten ebenfalls erfolgreich zu sein. Beide  [&#8230;]<\/p>\n","protected":false},"author":4,"featured_media":3656,"comment_status":"closed","ping_status":"closed","sticky":false,"template":"","format":"standard","meta":{"kia_subtitle":"","_themeisle_gutenberg_block_has_review":false,"footnotes":""},"categories":[4],"tags":[],"class_list":["post-5608","post","type-post","status-publish","format-standard","has-post-thumbnail","hentry","category-2-mannschaft"],"yoast_head":"<!-- This site is optimized with the Yoast SEO plugin v28.4 - https:\/\/yoast.com\/product\/yoast-seo-wordpress\/ -->\n<title>Zweite siegt im Stadtderby gegen TTV Neheim-H\u00fcsten - TuS Bruchhausen 02 - TT Abteilung<\/title>\n<meta name=\"robots\" content=\"index, follow, max-snippet:-1, max-image-preview:large, max-video-preview:-1\" \/>\n<link rel=\"canonical\" href=\"http:\/\/tt-bruchhausen.de\/Web\/zweite-siegt-im-stadtderby-gegen-ttv-neheim-huesten\/\" \/>\n<meta property=\"og:locale\" content=\"de_DE\" \/>\n<meta property=\"og:type\" content=\"article\" \/>\n<meta property=\"og:title\" content=\"Zweite siegt im Stadtderby gegen TTV Neheim-H\u00fcsten - TuS Bruchhausen 02 - TT Abteilung\" \/>\n<meta property=\"og:description\" content=\"Nach einem unverhofften Punktgewinn in Lipperbruch galt es den Schwung mitzunehmen, um tags darauf im Stadtderby gegen die TTV Neheim-H\u00fcsten ebenfalls erfolgreich zu sein. Beide [...]\" \/>\n<meta property=\"og:url\" content=\"http:\/\/tt-bruchhausen.de\/Web\/zweite-siegt-im-stadtderby-gegen-ttv-neheim-huesten\/\" \/>\n<meta property=\"og:site_name\" content=\"TuS Bruchhausen 02 - TT Abteilung\" \/>\n<meta property=\"article:published_time\" content=\"2021-09-19T08:47:21+00:00\" \/>\n<meta property=\"article:modified_time\" content=\"2021-10-10T14:07:43+00:00\" \/>\n<meta property=\"og:image\" content=\"http:\/\/tt-bruchhausen.de\/Web\/wp-content\/uploads\/2017\/10\/banner_belaege.jpg\" \/>\n\t<meta property=\"og:image:width\" content=\"1000\" \/>\n\t<meta property=\"og:image:height\" content=\"666\" \/>\n\t<meta property=\"og:image:type\" content=\"image\/jpeg\" \/>\n<meta name=\"author\" content=\"Fabian Willeke\" \/>\n<meta name=\"twitter:card\" content=\"summary_large_image\" \/>\n<meta name=\"twitter:label1\" content=\"Verfasst von\" \/>\n\t<meta name=\"twitter:data1\" content=\"Fabian Willeke\" \/>\n\t<meta name=\"twitter:label2\" content=\"Gesch\u00e4tzte Lesezeit\" \/>\n\t<meta name=\"twitter:data2\" content=\"2\u00a0Minuten\" \/>\n<script type=\"application\/ld+json\" class=\"yoast-schema-graph\">{\"@context\":\"https:\\\/\\\/schema.org\",\"@graph\":[{\"@type\":\"Article\",\"@id\":\"http:\\\/\\\/tt-bruchhausen.de\\\/Web\\\/zweite-siegt-im-stadtderby-gegen-ttv-neheim-huesten\\\/#article\",\"isPartOf\":{\"@id\":\"http:\\\/\\\/tt-bruchhausen.de\\\/Web\\\/zweite-siegt-im-stadtderby-gegen-ttv-neheim-huesten\\\/\"},\"author\":{\"name\":\"Fabian Willeke\",\"@id\":\"http:\\\/\\\/tt-bruchhausen.de\\\/Web\\\/#\\\/schema\\\/person\\\/7c735958f443bed6480f227cb3676192\"},\"headline\":\"Zweite siegt im Stadtderby gegen TTV Neheim-H\u00fcsten\",\"datePublished\":\"2021-09-19T08:47:21+00:00\",\"dateModified\":\"2021-10-10T14:07:43+00:00\",\"mainEntityOfPage\":{\"@id\":\"http:\\\/\\\/tt-bruchhausen.de\\\/Web\\\/zweite-siegt-im-stadtderby-gegen-ttv-neheim-huesten\\\/\"},\"wordCount\":487,\"image\":{\"@id\":\"http:\\\/\\\/tt-bruchhausen.de\\\/Web\\\/zweite-siegt-im-stadtderby-gegen-ttv-neheim-huesten\\\/#primaryimage\"},\"thumbnailUrl\":\"http:\\\/\\\/tt-bruchhausen.de\\\/Web\\\/wp-content\\\/uploads\\\/2017\\\/10\\\/banner_belaege.jpg\",\"articleSection\":[\"2. Mannschaft\"],\"inLanguage\":\"de\"},{\"@type\":\"WebPage\",\"@id\":\"http:\\\/\\\/tt-bruchhausen.de\\\/Web\\\/zweite-siegt-im-stadtderby-gegen-ttv-neheim-huesten\\\/\",\"url\":\"http:\\\/\\\/tt-bruchhausen.de\\\/Web\\\/zweite-siegt-im-stadtderby-gegen-ttv-neheim-huesten\\\/\",\"name\":\"Zweite siegt im Stadtderby gegen TTV Neheim-H\u00fcsten - TuS Bruchhausen 02 - TT Abteilung\",\"isPartOf\":{\"@id\":\"http:\\\/\\\/tt-bruchhausen.de\\\/Web\\\/#website\"},\"primaryImageOfPage\":{\"@id\":\"http:\\\/\\\/tt-bruchhausen.de\\\/Web\\\/zweite-siegt-im-stadtderby-gegen-ttv-neheim-huesten\\\/#primaryimage\"},\"image\":{\"@id\":\"http:\\\/\\\/tt-bruchhausen.de\\\/Web\\\/zweite-siegt-im-stadtderby-gegen-ttv-neheim-huesten\\\/#primaryimage\"},\"thumbnailUrl\":\"http:\\\/\\\/tt-bruchhausen.de\\\/Web\\\/wp-content\\\/uploads\\\/2017\\\/10\\\/banner_belaege.jpg\",\"datePublished\":\"2021-09-19T08:47:21+00:00\",\"dateModified\":\"2021-10-10T14:07:43+00:00\",\"author\":{\"@id\":\"http:\\\/\\\/tt-bruchhausen.de\\\/Web\\\/#\\\/schema\\\/person\\\/7c735958f443bed6480f227cb3676192\"},\"breadcrumb\":{\"@id\":\"http:\\\/\\\/tt-bruchhausen.de\\\/Web\\\/zweite-siegt-im-stadtderby-gegen-ttv-neheim-huesten\\\/#breadcrumb\"},\"inLanguage\":\"de\",\"potentialAction\":[{\"@type\":\"ReadAction\",\"target\":[\"http:\\\/\\\/tt-bruchhausen.de\\\/Web\\\/zweite-siegt-im-stadtderby-gegen-ttv-neheim-huesten\\\/\"]}]},{\"@type\":\"ImageObject\",\"inLanguage\":\"de\",\"@id\":\"http:\\\/\\\/tt-bruchhausen.de\\\/Web\\\/zweite-siegt-im-stadtderby-gegen-ttv-neheim-huesten\\\/#primaryimage\",\"url\":\"http:\\\/\\\/tt-bruchhausen.de\\\/Web\\\/wp-content\\\/uploads\\\/2017\\\/10\\\/banner_belaege.jpg\",\"contentUrl\":\"http:\\\/\\\/tt-bruchhausen.de\\\/Web\\\/wp-content\\\/uploads\\\/2017\\\/10\\\/banner_belaege.jpg\",\"width\":1000,\"height\":666},{\"@type\":\"BreadcrumbList\",\"@id\":\"http:\\\/\\\/tt-bruchhausen.de\\\/Web\\\/zweite-siegt-im-stadtderby-gegen-ttv-neheim-huesten\\\/#breadcrumb\",\"itemListElement\":[{\"@type\":\"ListItem\",\"position\":1,\"name\":\"Start\",\"item\":\"http:\\\/\\\/tt-bruchhausen.de\\\/Web\\\/\"},{\"@type\":\"ListItem\",\"position\":2,\"name\":\"Zweite siegt im Stadtderby gegen TTV Neheim-H\u00fcsten\"}]},{\"@type\":\"WebSite\",\"@id\":\"http:\\\/\\\/tt-bruchhausen.de\\\/Web\\\/#website\",\"url\":\"http:\\\/\\\/tt-bruchhausen.de\\\/Web\\\/\",\"name\":\"TuS Bruchhausen 02 - TT Abteilung\",\"description\":\"Tischtennis im Entondorf\",\"potentialAction\":[{\"@type\":\"SearchAction\",\"target\":{\"@type\":\"EntryPoint\",\"urlTemplate\":\"http:\\\/\\\/tt-bruchhausen.de\\\/Web\\\/?s={search_term_string}\"},\"query-input\":{\"@type\":\"PropertyValueSpecification\",\"valueRequired\":true,\"valueName\":\"search_term_string\"}}],\"inLanguage\":\"de\"},{\"@type\":\"Person\",\"@id\":\"http:\\\/\\\/tt-bruchhausen.de\\\/Web\\\/#\\\/schema\\\/person\\\/7c735958f443bed6480f227cb3676192\",\"name\":\"Fabian Willeke\",\"image\":{\"@type\":\"ImageObject\",\"inLanguage\":\"de\",\"@id\":\"https:\\\/\\\/secure.gravatar.com\\\/avatar\\\/af5e7cc9f1c13b7bf8b459810c41d1270d104693cd0048ec11a10acb24a19def?s=96&d=mm&r=g\",\"url\":\"https:\\\/\\\/secure.gravatar.com\\\/avatar\\\/af5e7cc9f1c13b7bf8b459810c41d1270d104693cd0048ec11a10acb24a19def?s=96&d=mm&r=g\",\"contentUrl\":\"https:\\\/\\\/secure.gravatar.com\\\/avatar\\\/af5e7cc9f1c13b7bf8b459810c41d1270d104693cd0048ec11a10acb24a19def?s=96&d=mm&r=g\",\"caption\":\"Fabian Willeke\"},\"sameAs\":[\"http:\\\/\\\/TT-Bruchhausen.de\"],\"url\":\"http:\\\/\\\/tt-bruchhausen.de\\\/Web\\\/author\\\/fabian\\\/\"}]}<\/script>\n<!-- \/ Yoast SEO plugin. -->","yoast_head_json":{"title":"Zweite siegt im Stadtderby gegen TTV Neheim-H\u00fcsten - TuS Bruchhausen 02 - TT Abteilung","robots":{"index":"index","follow":"follow","max-snippet":"max-snippet:-1","max-image-preview":"max-image-preview:large","max-video-preview":"max-video-preview:-1"},"canonical":"http:\/\/tt-bruchhausen.de\/Web\/zweite-siegt-im-stadtderby-gegen-ttv-neheim-huesten\/","og_locale":"de_DE","og_type":"article","og_title":"Zweite siegt im Stadtderby gegen TTV Neheim-H\u00fcsten - TuS Bruchhausen 02 - TT Abteilung","og_description":"Nach einem unverhofften Punktgewinn in Lipperbruch galt es den Schwung mitzunehmen, um tags darauf im Stadtderby gegen die TTV Neheim-H\u00fcsten ebenfalls erfolgreich zu sein. Beide [...]","og_url":"http:\/\/tt-bruchhausen.de\/Web\/zweite-siegt-im-stadtderby-gegen-ttv-neheim-huesten\/","og_site_name":"TuS Bruchhausen 02 - TT Abteilung","article_published_time":"2021-09-19T08:47:21+00:00","article_modified_time":"2021-10-10T14:07:43+00:00","og_image":[{"width":1000,"height":666,"url":"http:\/\/tt-bruchhausen.de\/Web\/wp-content\/uploads\/2017\/10\/banner_belaege.jpg","type":"image\/jpeg"}],"author":"Fabian Willeke","twitter_card":"summary_large_image","twitter_misc":{"Verfasst von":"Fabian Willeke","Gesch\u00e4tzte Lesezeit":"2\u00a0Minuten"},"schema":{"@context":"https:\/\/schema.org","@graph":[{"@type":"Article","@id":"http:\/\/tt-bruchhausen.de\/Web\/zweite-siegt-im-stadtderby-gegen-ttv-neheim-huesten\/#article","isPartOf":{"@id":"http:\/\/tt-bruchhausen.de\/Web\/zweite-siegt-im-stadtderby-gegen-ttv-neheim-huesten\/"},"author":{"name":"Fabian Willeke","@id":"http:\/\/tt-bruchhausen.de\/Web\/#\/schema\/person\/7c735958f443bed6480f227cb3676192"},"headline":"Zweite siegt im Stadtderby gegen TTV Neheim-H\u00fcsten","datePublished":"2021-09-19T08:47:21+00:00","dateModified":"2021-10-10T14:07:43+00:00","mainEntityOfPage":{"@id":"http:\/\/tt-bruchhausen.de\/Web\/zweite-siegt-im-stadtderby-gegen-ttv-neheim-huesten\/"},"wordCount":487,"image":{"@id":"http:\/\/tt-bruchhausen.de\/Web\/zweite-siegt-im-stadtderby-gegen-ttv-neheim-huesten\/#primaryimage"},"thumbnailUrl":"http:\/\/tt-bruchhausen.de\/Web\/wp-content\/uploads\/2017\/10\/banner_belaege.jpg","articleSection":["2. Mannschaft"],"inLanguage":"de"},{"@type":"WebPage","@id":"http:\/\/tt-bruchhausen.de\/Web\/zweite-siegt-im-stadtderby-gegen-ttv-neheim-huesten\/","url":"http:\/\/tt-bruchhausen.de\/Web\/zweite-siegt-im-stadtderby-gegen-ttv-neheim-huesten\/","name":"Zweite siegt im Stadtderby gegen TTV Neheim-H\u00fcsten - TuS Bruchhausen 02 - TT Abteilung","isPartOf":{"@id":"http:\/\/tt-bruchhausen.de\/Web\/#website"},"primaryImageOfPage":{"@id":"http:\/\/tt-bruchhausen.de\/Web\/zweite-siegt-im-stadtderby-gegen-ttv-neheim-huesten\/#primaryimage"},"image":{"@id":"http:\/\/tt-bruchhausen.de\/Web\/zweite-siegt-im-stadtderby-gegen-ttv-neheim-huesten\/#primaryimage"},"thumbnailUrl":"http:\/\/tt-bruchhausen.de\/Web\/wp-content\/uploads\/2017\/10\/banner_belaege.jpg","datePublished":"2021-09-19T08:47:21+00:00","dateModified":"2021-10-10T14:07:43+00:00","author":{"@id":"http:\/\/tt-bruchhausen.de\/Web\/#\/schema\/person\/7c735958f443bed6480f227cb3676192"},"breadcrumb":{"@id":"http:\/\/tt-bruchhausen.de\/Web\/zweite-siegt-im-stadtderby-gegen-ttv-neheim-huesten\/#breadcrumb"},"inLanguage":"de","potentialAction":[{"@type":"ReadAction","target":["http:\/\/tt-bruchhausen.de\/Web\/zweite-siegt-im-stadtderby-gegen-ttv-neheim-huesten\/"]}]},{"@type":"ImageObject","inLanguage":"de","@id":"http:\/\/tt-bruchhausen.de\/Web\/zweite-siegt-im-stadtderby-gegen-ttv-neheim-huesten\/#primaryimage","url":"http:\/\/tt-bruchhausen.de\/Web\/wp-content\/uploads\/2017\/10\/banner_belaege.jpg","contentUrl":"http:\/\/tt-bruchhausen.de\/Web\/wp-content\/uploads\/2017\/10\/banner_belaege.jpg","width":1000,"height":666},{"@type":"BreadcrumbList","@id":"http:\/\/tt-bruchhausen.de\/Web\/zweite-siegt-im-stadtderby-gegen-ttv-neheim-huesten\/#breadcrumb","itemListElement":[{"@type":"ListItem","position":1,"name":"Start","item":"http:\/\/tt-bruchhausen.de\/Web\/"},{"@type":"ListItem","position":2,"name":"Zweite siegt im Stadtderby gegen TTV Neheim-H\u00fcsten"}]},{"@type":"WebSite","@id":"http:\/\/tt-bruchhausen.de\/Web\/#website","url":"http:\/\/tt-bruchhausen.de\/Web\/","name":"TuS Bruchhausen 02 - TT Abteilung","description":"Tischtennis im Entondorf","potentialAction":[{"@type":"SearchAction","target":{"@type":"EntryPoint","urlTemplate":"http:\/\/tt-bruchhausen.de\/Web\/?s={search_term_string}"},"query-input":{"@type":"PropertyValueSpecification","valueRequired":true,"valueName":"search_term_string"}}],"inLanguage":"de"},{"@type":"Person","@id":"http:\/\/tt-bruchhausen.de\/Web\/#\/schema\/person\/7c735958f443bed6480f227cb3676192","name":"Fabian Willeke","image":{"@type":"ImageObject","inLanguage":"de","@id":"https:\/\/secure.gravatar.com\/avatar\/af5e7cc9f1c13b7bf8b459810c41d1270d104693cd0048ec11a10acb24a19def?s=96&d=mm&r=g","url":"https:\/\/secure.gravatar.com\/avatar\/af5e7cc9f1c13b7bf8b459810c41d1270d104693cd0048ec11a10acb24a19def?s=96&d=mm&r=g","contentUrl":"https:\/\/secure.gravatar.com\/avatar\/af5e7cc9f1c13b7bf8b459810c41d1270d104693cd0048ec11a10acb24a19def?s=96&d=mm&r=g","caption":"Fabian Willeke"},"sameAs":["http:\/\/TT-Bruchhausen.de"],"url":"http:\/\/tt-bruchhausen.de\/Web\/author\/fabian\/"}]}},"_links":{"self":[{"href":"http:\/\/tt-bruchhausen.de\/Web\/wp-json\/wp\/v2\/posts\/5608","targetHints":{"allow":["GET"]}}],"collection":[{"href":"http:\/\/tt-bruchhausen.de\/Web\/wp-json\/wp\/v2\/posts"}],"about":[{"href":"http:\/\/tt-bruchhausen.de\/Web\/wp-json\/wp\/v2\/types\/post"}],"author":[{"embeddable":true,"href":"http:\/\/tt-bruchhausen.de\/Web\/wp-json\/wp\/v2\/users\/4"}],"replies":[{"embeddable":true,"href":"http:\/\/tt-bruchhausen.de\/Web\/wp-json\/wp\/v2\/comments?post=5608"}],"version-history":[{"count":7,"href":"http:\/\/tt-bruchhausen.de\/Web\/wp-json\/wp\/v2\/posts\/5608\/revisions"}],"predecessor-version":[{"id":5644,"href":"http:\/\/tt-bruchhausen.de\/Web\/wp-json\/wp\/v2\/posts\/5608\/revisions\/5644"}],"wp:featuredmedia":[{"embeddable":true,"href":"http:\/\/tt-bruchhausen.de\/Web\/wp-json\/wp\/v2\/media\/3656"}],"wp:attachment":[{"href":"http:\/\/tt-bruchhausen.de\/Web\/wp-json\/wp\/v2\/media?parent=5608"}],"wp:term":[{"taxonomy":"category","embeddable":true,"href":"http:\/\/tt-bruchhausen.de\/Web\/wp-json\/wp\/v2\/categories?post=5608"},{"taxonomy":"post_tag","embeddable":true,"href":"http:\/\/tt-bruchhausen.de\/Web\/wp-json\/wp\/v2\/tags?post=5608"}],"curies":[{"name":"wp","href":"https:\/\/api.w.org\/{rel}","templated":true}]}}