{"id":5577,"date":"2021-09-18T19:40:47","date_gmt":"2021-09-18T17:40:47","guid":{"rendered":"http:\/\/tt-bruchhausen.de\/Web\/?p=5577"},"modified":"2021-10-10T16:09:03","modified_gmt":"2021-10-10T14:09:03","slug":"erfolgreicher-saisonauftakt-der-zweiten","status":"publish","type":"post","link":"http:\/\/tt-bruchhausen.de\/Web\/erfolgreicher-saisonauftakt-der-zweiten\/","title":{"rendered":"Erfolgreicher Saisonauftakt der Zweiten"},"content":{"rendered":"\n<p class=\"wp-block-paragraph\">Nach dem Aufstieg in die Bezirksklasse, dieser war nach dem letztj\u00e4hrigen Saisonabbruch am gr\u00fcnen Tisch erreicht worden, trat man zur Saisoner\u00f6ffnung bei den Gastgebern vom SuS BW Lipperbruch an. Nominell lag die Favoritenrolle bei den Gastgebern, aber das muss ja bekanntlich nichts hei\u00dfen.<\/p>\n\n\n\n<p class=\"wp-block-paragraph\">Im ersten Doppel konnten Volpert und Storm gegen das Topdoppel der Gastgeber, Wegner und Helmig, in drei sicheren S\u00e4tzen ihr Spiel durchdr\u00fccken. Das doch teils recht unangenehme Spiel der beiden lag den Gastgebern gar nicht, so war schnell der erste Punkt eingefahren.<\/p>\n\n\n\n<p class=\"wp-block-paragraph\">Parallel dazu konnten Macioszek und Broch gegen Lenz und Korff nur im dritten Satz Z\u00e4hlbares erspielen, ansonsten ging das Spiel verdient an die Gastgeber.<\/p>\n\n\n\n<p class=\"wp-block-paragraph\">Im dritten Doppel beschr\u00e4nkte sich Willeke darauf, einfach den Ball im Spiel zu halten, van Bargen erledigte den Rest. Seine Angriffsb\u00e4lle waren zu oft zu gut f\u00fcr Lopez und Aulbur, sodass nach vier S\u00e4tzen der Sieg f\u00fcr den TUS feststand.<\/p>\n\n\n\n<p class=\"wp-block-paragraph\">Die erste Serie begann mit einem vorgezogenen Spiel aus der zweiten Halbserie. Aulbur forderte van Bargen. Leider konnte Janik seine tolle Form aus dem Doppel nicht konservieren. Zu viele leichte Fehler lie\u00dfen ihm immer wieder ins Hintertreffen geraten, sodass der Sieg verdient an den SuS ging.<\/p>\n\n\n\n<p class=\"wp-block-paragraph\">Anschlie\u00dfend ging es oben weiter. Wegner forderte Broch. In einem engen Spiel konnte Broch immer nur punktuell gl\u00e4nzen, zu oft hatte Wegner die besseren Antworten. Entsprechend ging das Spiel in f\u00fcnf Durchg\u00e4ngen an die Heimmannschaft.<\/p>\n\n\n\n<p class=\"wp-block-paragraph\">Parallel dazu verschlief Volpert f\u00f6rmlich die ersten beiden S\u00e4tze. Was zun\u00e4chst wie eine deutliche Niederlage aussah, konnte Dieter, wie schon so oft in der Vergangenheit, in einen F\u00fcnf-Satz-Sieg umm\u00fcnzen. Ein starke Leistung.<\/p>\n\n\n\n<p class=\"wp-block-paragraph\">In der Mitte konnte Willeke nur in Durchgang zwei mit Lenz mithalten. Eine deutliche F\u00fchrung gab er aber ab, sodass das Spiel an die Gastgeber ging. Zeitgleich hatte Macioszek Korff in drei S\u00e4tzen ebenfalls nicht genug entgegenzusetzen und gab ebenfalls ab.<\/p>\n\n\n\n<p class=\"wp-block-paragraph\">Unten spielte van Bargen nun das Spiel der ersten Serie gegen Lopez. Lopez ist ein sehr sicherer Spieler, der viele B\u00e4lle wieder zur\u00fcckbringt, was in den ersten beiden S\u00e4tzen auch eindrucksvoll gelang. Danach spielte Janik aber besonnener, suchte sich die richtigen B\u00e4lle aus, baute kontinuierlich Druck auf und gewann in f\u00fcnf S\u00e4tzen noch das Spiel, eine ganz starke Leistung.<\/p>\n\n\n\n<p class=\"wp-block-paragraph\">Im Parallelspiel hatte Storm keine gro\u00dfe M\u00fche, um sich in vier Durchg\u00e4ngen gegen Aulbur durchzusetzen. Damit stand es 5:4 aus Sicht des TUS, was Hoffnungen sch\u00fcrte, tats\u00e4chlich etwas Z\u00e4hlbares aus Lipperbruch mitzunehmen.<\/p>\n\n\n\n<p class=\"wp-block-paragraph\">Im Duell der Topleute war Wegner eine Nummer zu gro\u00df f\u00fcr Volpert. Unbeeindruckt von Dieters Spiel, mit wenig Fehlern und einer ganz starken Vorhand, gewann die Nummer Eins der Gastgeber in drei S\u00e4tzen.<\/p>\n\n\n\n<p class=\"wp-block-paragraph\">Broch zog parallel gegen Helmig in vier S\u00e4tzen den K\u00fcrzeren, es war einfach nicht sein Abend.<\/p>\n\n\n\n<p class=\"wp-block-paragraph\">Die Mitte musste nun unbedingt punkten, wollte man nicht fr\u00fchzeitig die Segel streichen m\u00fcssen. Das eingangs vorgezogene Spiel von van Bargen lag ja auch noch als Hypothek auf der Mannschaft.<\/p>\n\n\n\n<p class=\"wp-block-paragraph\">Macioszek lieferte sich ein ganz enges Spiel gegen Lenz. Das Spiel wog hin und her, jeder h\u00e4tte der Sieger sein k\u00f6nnen. Am Ende konnte Christian in der Verl\u00e4ngerung des Entscheidungssatzes jubeln.<\/p>\n\n\n\n<p class=\"wp-block-paragraph\">Willeke hatte die ersten beiden S\u00e4tze gegen Korff schon abgegeben, ehe er sich im dritten fing und auf Augenh\u00f6he spielte. Nach einem knapp gewonnenen vierten Durchgang hatte er im Entscheidungssatz das n\u00f6tige Qu\u00e4ntchen Gl\u00fcck auf seiner Seite und gewann das bereits verloren geglaubte Spiel noch.<\/p>\n\n\n\n<p class=\"wp-block-paragraph\">Damit stand es 7:6. Das vorgezogene Spiel von Janik stellte das Ergebnis auf 7:7. Storm konnte nun gegen Lopez zumindest einen Punkt sichern. Nach 0:2-Satzr\u00fcckstand und zwei in der Verl\u00e4ngerung gewonnen S\u00e4tzen hatte Frank im f\u00fcnften Durchgang schon Matchball, konnte den Sack aber nicht zu machen, sodass es mit 7:8 aus TUS-Sicht in das Abschlussdoppel ging.<\/p>\n\n\n\n<p class=\"wp-block-paragraph\">Broch und Macioszek legten stark los und gingen mit 2:0 in F\u00fchrung. Wegner und Helmig kamen aber ebenso stark zur\u00fcck. Im vierten Durchgang hatten die TUS&#8217;ler mehrere Matchb\u00e4lle, konnten diese aber nicht nutzen und gaben den Satz mit 14:16 noch ab. Der f\u00fcnfte Durchgang war ebenso knapp.  Spitz auf Knopf wog das Momentum des Spiels hin und her, bis sich die Beiden am Ende mit 15:13 durchsetzen und den TUS damit einen unverhofften Punkt sichern konnten.<\/p>\n\n\n\n<p class=\"wp-block-paragraph\">Ein starker Saisonauftakt der Zweiten. Das l\u00e4sst auf mehr hoffen. Den Schwung sollte man direkt mitnehmen, um im Heimderby gegen die TTV Neheim-H\u00fcsten, direkt am Tag danach, ebenfalls einen gro\u00dfen Kampf zu liefern.<\/p>\n\n\n\n<figure class=\"wp-block-image\"><img decoding=\"async\" width=\"757\" height=\"894\" src=\"http:\/\/tt-bruchhausen.de\/Web\/wp-content\/uploads\/2021\/10\/Lipperbruch-vs.-TUS-II-17.09.2021.jpg\" alt=\"\" class=\"wp-image-5646\" srcset=\"http:\/\/tt-bruchhausen.de\/Web\/wp-content\/uploads\/2021\/10\/Lipperbruch-vs.-TUS-II-17.09.2021-254x300.jpg 254w, http:\/\/tt-bruchhausen.de\/Web\/wp-content\/uploads\/2021\/10\/Lipperbruch-vs.-TUS-II-17.09.2021.jpg 757w\" sizes=\"(max-width: 757px) 100vw, 757px\" \/><\/figure>\n\n\n\n<p class=\"wp-block-paragraph\"><\/p>\n","protected":false},"excerpt":{"rendered":"<p>Nach dem Aufstieg in die Bezirksklasse, dieser war nach dem letztj\u00e4hrigen Saisonabbruch am gr\u00fcnen Tisch erreicht worden, trat man zur Saisoner\u00f6ffnung bei den Gastgebern vom  [&#8230;]<\/p>\n","protected":false},"author":4,"featured_media":4517,"comment_status":"closed","ping_status":"closed","sticky":false,"template":"","format":"standard","meta":{"kia_subtitle":"","_themeisle_gutenberg_block_has_review":false,"footnotes":""},"categories":[4],"tags":[],"class_list":["post-5577","post","type-post","status-publish","format-standard","has-post-thumbnail","hentry","category-2-mannschaft"],"yoast_head":"<!-- This site is optimized with the Yoast SEO plugin v28.4 - https:\/\/yoast.com\/product\/yoast-seo-wordpress\/ -->\n<title>Erfolgreicher Saisonauftakt der Zweiten - TuS Bruchhausen 02 - TT Abteilung<\/title>\n<meta name=\"robots\" content=\"index, follow, max-snippet:-1, max-image-preview:large, max-video-preview:-1\" \/>\n<link rel=\"canonical\" href=\"http:\/\/tt-bruchhausen.de\/Web\/erfolgreicher-saisonauftakt-der-zweiten\/\" \/>\n<meta property=\"og:locale\" content=\"de_DE\" \/>\n<meta property=\"og:type\" content=\"article\" \/>\n<meta property=\"og:title\" content=\"Erfolgreicher Saisonauftakt der Zweiten - TuS Bruchhausen 02 - TT Abteilung\" \/>\n<meta property=\"og:description\" content=\"Nach dem Aufstieg in die Bezirksklasse, dieser war nach dem letztj\u00e4hrigen Saisonabbruch am gr\u00fcnen Tisch erreicht worden, trat man zur Saisoner\u00f6ffnung bei den Gastgebern vom [...]\" \/>\n<meta property=\"og:url\" content=\"http:\/\/tt-bruchhausen.de\/Web\/erfolgreicher-saisonauftakt-der-zweiten\/\" \/>\n<meta property=\"og:site_name\" content=\"TuS Bruchhausen 02 - TT Abteilung\" \/>\n<meta property=\"article:published_time\" content=\"2021-09-18T17:40:47+00:00\" \/>\n<meta property=\"article:modified_time\" content=\"2021-10-10T14:09:03+00:00\" \/>\n<meta property=\"og:image\" content=\"http:\/\/tt-bruchhausen.de\/Web\/wp-content\/uploads\/2018\/10\/Banner_Netz-1.jpg\" \/>\n\t<meta property=\"og:image:width\" content=\"1000\" \/>\n\t<meta property=\"og:image:height\" content=\"666\" \/>\n\t<meta property=\"og:image:type\" content=\"image\/jpeg\" \/>\n<meta name=\"author\" content=\"Fabian Willeke\" \/>\n<meta name=\"twitter:card\" content=\"summary_large_image\" \/>\n<meta name=\"twitter:label1\" content=\"Verfasst von\" \/>\n\t<meta name=\"twitter:data1\" content=\"Fabian Willeke\" \/>\n\t<meta name=\"twitter:label2\" content=\"Gesch\u00e4tzte Lesezeit\" \/>\n\t<meta name=\"twitter:data2\" content=\"4\u00a0Minuten\" \/>\n<script type=\"application\/ld+json\" class=\"yoast-schema-graph\">{\"@context\":\"https:\\\/\\\/schema.org\",\"@graph\":[{\"@type\":\"Article\",\"@id\":\"http:\\\/\\\/tt-bruchhausen.de\\\/Web\\\/erfolgreicher-saisonauftakt-der-zweiten\\\/#article\",\"isPartOf\":{\"@id\":\"http:\\\/\\\/tt-bruchhausen.de\\\/Web\\\/erfolgreicher-saisonauftakt-der-zweiten\\\/\"},\"author\":{\"name\":\"Fabian Willeke\",\"@id\":\"http:\\\/\\\/tt-bruchhausen.de\\\/Web\\\/#\\\/schema\\\/person\\\/7c735958f443bed6480f227cb3676192\"},\"headline\":\"Erfolgreicher Saisonauftakt der Zweiten\",\"datePublished\":\"2021-09-18T17:40:47+00:00\",\"dateModified\":\"2021-10-10T14:09:03+00:00\",\"mainEntityOfPage\":{\"@id\":\"http:\\\/\\\/tt-bruchhausen.de\\\/Web\\\/erfolgreicher-saisonauftakt-der-zweiten\\\/\"},\"wordCount\":773,\"image\":{\"@id\":\"http:\\\/\\\/tt-bruchhausen.de\\\/Web\\\/erfolgreicher-saisonauftakt-der-zweiten\\\/#primaryimage\"},\"thumbnailUrl\":\"http:\\\/\\\/tt-bruchhausen.de\\\/Web\\\/wp-content\\\/uploads\\\/2018\\\/10\\\/Banner_Netz-1.jpg\",\"articleSection\":[\"2. Mannschaft\"],\"inLanguage\":\"de\"},{\"@type\":\"WebPage\",\"@id\":\"http:\\\/\\\/tt-bruchhausen.de\\\/Web\\\/erfolgreicher-saisonauftakt-der-zweiten\\\/\",\"url\":\"http:\\\/\\\/tt-bruchhausen.de\\\/Web\\\/erfolgreicher-saisonauftakt-der-zweiten\\\/\",\"name\":\"Erfolgreicher Saisonauftakt der Zweiten - TuS Bruchhausen 02 - TT Abteilung\",\"isPartOf\":{\"@id\":\"http:\\\/\\\/tt-bruchhausen.de\\\/Web\\\/#website\"},\"primaryImageOfPage\":{\"@id\":\"http:\\\/\\\/tt-bruchhausen.de\\\/Web\\\/erfolgreicher-saisonauftakt-der-zweiten\\\/#primaryimage\"},\"image\":{\"@id\":\"http:\\\/\\\/tt-bruchhausen.de\\\/Web\\\/erfolgreicher-saisonauftakt-der-zweiten\\\/#primaryimage\"},\"thumbnailUrl\":\"http:\\\/\\\/tt-bruchhausen.de\\\/Web\\\/wp-content\\\/uploads\\\/2018\\\/10\\\/Banner_Netz-1.jpg\",\"datePublished\":\"2021-09-18T17:40:47+00:00\",\"dateModified\":\"2021-10-10T14:09:03+00:00\",\"author\":{\"@id\":\"http:\\\/\\\/tt-bruchhausen.de\\\/Web\\\/#\\\/schema\\\/person\\\/7c735958f443bed6480f227cb3676192\"},\"breadcrumb\":{\"@id\":\"http:\\\/\\\/tt-bruchhausen.de\\\/Web\\\/erfolgreicher-saisonauftakt-der-zweiten\\\/#breadcrumb\"},\"inLanguage\":\"de\",\"potentialAction\":[{\"@type\":\"ReadAction\",\"target\":[\"http:\\\/\\\/tt-bruchhausen.de\\\/Web\\\/erfolgreicher-saisonauftakt-der-zweiten\\\/\"]}]},{\"@type\":\"ImageObject\",\"inLanguage\":\"de\",\"@id\":\"http:\\\/\\\/tt-bruchhausen.de\\\/Web\\\/erfolgreicher-saisonauftakt-der-zweiten\\\/#primaryimage\",\"url\":\"http:\\\/\\\/tt-bruchhausen.de\\\/Web\\\/wp-content\\\/uploads\\\/2018\\\/10\\\/Banner_Netz-1.jpg\",\"contentUrl\":\"http:\\\/\\\/tt-bruchhausen.de\\\/Web\\\/wp-content\\\/uploads\\\/2018\\\/10\\\/Banner_Netz-1.jpg\",\"width\":1000,\"height\":666},{\"@type\":\"BreadcrumbList\",\"@id\":\"http:\\\/\\\/tt-bruchhausen.de\\\/Web\\\/erfolgreicher-saisonauftakt-der-zweiten\\\/#breadcrumb\",\"itemListElement\":[{\"@type\":\"ListItem\",\"position\":1,\"name\":\"Start\",\"item\":\"http:\\\/\\\/tt-bruchhausen.de\\\/Web\\\/\"},{\"@type\":\"ListItem\",\"position\":2,\"name\":\"Erfolgreicher Saisonauftakt der Zweiten\"}]},{\"@type\":\"WebSite\",\"@id\":\"http:\\\/\\\/tt-bruchhausen.de\\\/Web\\\/#website\",\"url\":\"http:\\\/\\\/tt-bruchhausen.de\\\/Web\\\/\",\"name\":\"TuS Bruchhausen 02 - TT Abteilung\",\"description\":\"Tischtennis im Entondorf\",\"potentialAction\":[{\"@type\":\"SearchAction\",\"target\":{\"@type\":\"EntryPoint\",\"urlTemplate\":\"http:\\\/\\\/tt-bruchhausen.de\\\/Web\\\/?s={search_term_string}\"},\"query-input\":{\"@type\":\"PropertyValueSpecification\",\"valueRequired\":true,\"valueName\":\"search_term_string\"}}],\"inLanguage\":\"de\"},{\"@type\":\"Person\",\"@id\":\"http:\\\/\\\/tt-bruchhausen.de\\\/Web\\\/#\\\/schema\\\/person\\\/7c735958f443bed6480f227cb3676192\",\"name\":\"Fabian Willeke\",\"image\":{\"@type\":\"ImageObject\",\"inLanguage\":\"de\",\"@id\":\"https:\\\/\\\/secure.gravatar.com\\\/avatar\\\/af5e7cc9f1c13b7bf8b459810c41d1270d104693cd0048ec11a10acb24a19def?s=96&d=mm&r=g\",\"url\":\"https:\\\/\\\/secure.gravatar.com\\\/avatar\\\/af5e7cc9f1c13b7bf8b459810c41d1270d104693cd0048ec11a10acb24a19def?s=96&d=mm&r=g\",\"contentUrl\":\"https:\\\/\\\/secure.gravatar.com\\\/avatar\\\/af5e7cc9f1c13b7bf8b459810c41d1270d104693cd0048ec11a10acb24a19def?s=96&d=mm&r=g\",\"caption\":\"Fabian Willeke\"},\"sameAs\":[\"http:\\\/\\\/TT-Bruchhausen.de\"],\"url\":\"http:\\\/\\\/tt-bruchhausen.de\\\/Web\\\/author\\\/fabian\\\/\"}]}<\/script>\n<!-- \/ Yoast SEO plugin. -->","yoast_head_json":{"title":"Erfolgreicher Saisonauftakt der Zweiten - TuS Bruchhausen 02 - TT Abteilung","robots":{"index":"index","follow":"follow","max-snippet":"max-snippet:-1","max-image-preview":"max-image-preview:large","max-video-preview":"max-video-preview:-1"},"canonical":"http:\/\/tt-bruchhausen.de\/Web\/erfolgreicher-saisonauftakt-der-zweiten\/","og_locale":"de_DE","og_type":"article","og_title":"Erfolgreicher Saisonauftakt der Zweiten - TuS Bruchhausen 02 - TT Abteilung","og_description":"Nach dem Aufstieg in die Bezirksklasse, dieser war nach dem letztj\u00e4hrigen Saisonabbruch am gr\u00fcnen Tisch erreicht worden, trat man zur Saisoner\u00f6ffnung bei den Gastgebern vom [...]","og_url":"http:\/\/tt-bruchhausen.de\/Web\/erfolgreicher-saisonauftakt-der-zweiten\/","og_site_name":"TuS Bruchhausen 02 - TT Abteilung","article_published_time":"2021-09-18T17:40:47+00:00","article_modified_time":"2021-10-10T14:09:03+00:00","og_image":[{"width":1000,"height":666,"url":"http:\/\/tt-bruchhausen.de\/Web\/wp-content\/uploads\/2018\/10\/Banner_Netz-1.jpg","type":"image\/jpeg"}],"author":"Fabian Willeke","twitter_card":"summary_large_image","twitter_misc":{"Verfasst von":"Fabian Willeke","Gesch\u00e4tzte Lesezeit":"4\u00a0Minuten"},"schema":{"@context":"https:\/\/schema.org","@graph":[{"@type":"Article","@id":"http:\/\/tt-bruchhausen.de\/Web\/erfolgreicher-saisonauftakt-der-zweiten\/#article","isPartOf":{"@id":"http:\/\/tt-bruchhausen.de\/Web\/erfolgreicher-saisonauftakt-der-zweiten\/"},"author":{"name":"Fabian Willeke","@id":"http:\/\/tt-bruchhausen.de\/Web\/#\/schema\/person\/7c735958f443bed6480f227cb3676192"},"headline":"Erfolgreicher Saisonauftakt der Zweiten","datePublished":"2021-09-18T17:40:47+00:00","dateModified":"2021-10-10T14:09:03+00:00","mainEntityOfPage":{"@id":"http:\/\/tt-bruchhausen.de\/Web\/erfolgreicher-saisonauftakt-der-zweiten\/"},"wordCount":773,"image":{"@id":"http:\/\/tt-bruchhausen.de\/Web\/erfolgreicher-saisonauftakt-der-zweiten\/#primaryimage"},"thumbnailUrl":"http:\/\/tt-bruchhausen.de\/Web\/wp-content\/uploads\/2018\/10\/Banner_Netz-1.jpg","articleSection":["2. Mannschaft"],"inLanguage":"de"},{"@type":"WebPage","@id":"http:\/\/tt-bruchhausen.de\/Web\/erfolgreicher-saisonauftakt-der-zweiten\/","url":"http:\/\/tt-bruchhausen.de\/Web\/erfolgreicher-saisonauftakt-der-zweiten\/","name":"Erfolgreicher Saisonauftakt der Zweiten - TuS Bruchhausen 02 - TT Abteilung","isPartOf":{"@id":"http:\/\/tt-bruchhausen.de\/Web\/#website"},"primaryImageOfPage":{"@id":"http:\/\/tt-bruchhausen.de\/Web\/erfolgreicher-saisonauftakt-der-zweiten\/#primaryimage"},"image":{"@id":"http:\/\/tt-bruchhausen.de\/Web\/erfolgreicher-saisonauftakt-der-zweiten\/#primaryimage"},"thumbnailUrl":"http:\/\/tt-bruchhausen.de\/Web\/wp-content\/uploads\/2018\/10\/Banner_Netz-1.jpg","datePublished":"2021-09-18T17:40:47+00:00","dateModified":"2021-10-10T14:09:03+00:00","author":{"@id":"http:\/\/tt-bruchhausen.de\/Web\/#\/schema\/person\/7c735958f443bed6480f227cb3676192"},"breadcrumb":{"@id":"http:\/\/tt-bruchhausen.de\/Web\/erfolgreicher-saisonauftakt-der-zweiten\/#breadcrumb"},"inLanguage":"de","potentialAction":[{"@type":"ReadAction","target":["http:\/\/tt-bruchhausen.de\/Web\/erfolgreicher-saisonauftakt-der-zweiten\/"]}]},{"@type":"ImageObject","inLanguage":"de","@id":"http:\/\/tt-bruchhausen.de\/Web\/erfolgreicher-saisonauftakt-der-zweiten\/#primaryimage","url":"http:\/\/tt-bruchhausen.de\/Web\/wp-content\/uploads\/2018\/10\/Banner_Netz-1.jpg","contentUrl":"http:\/\/tt-bruchhausen.de\/Web\/wp-content\/uploads\/2018\/10\/Banner_Netz-1.jpg","width":1000,"height":666},{"@type":"BreadcrumbList","@id":"http:\/\/tt-bruchhausen.de\/Web\/erfolgreicher-saisonauftakt-der-zweiten\/#breadcrumb","itemListElement":[{"@type":"ListItem","position":1,"name":"Start","item":"http:\/\/tt-bruchhausen.de\/Web\/"},{"@type":"ListItem","position":2,"name":"Erfolgreicher Saisonauftakt der Zweiten"}]},{"@type":"WebSite","@id":"http:\/\/tt-bruchhausen.de\/Web\/#website","url":"http:\/\/tt-bruchhausen.de\/Web\/","name":"TuS Bruchhausen 02 - TT Abteilung","description":"Tischtennis im Entondorf","potentialAction":[{"@type":"SearchAction","target":{"@type":"EntryPoint","urlTemplate":"http:\/\/tt-bruchhausen.de\/Web\/?s={search_term_string}"},"query-input":{"@type":"PropertyValueSpecification","valueRequired":true,"valueName":"search_term_string"}}],"inLanguage":"de"},{"@type":"Person","@id":"http:\/\/tt-bruchhausen.de\/Web\/#\/schema\/person\/7c735958f443bed6480f227cb3676192","name":"Fabian Willeke","image":{"@type":"ImageObject","inLanguage":"de","@id":"https:\/\/secure.gravatar.com\/avatar\/af5e7cc9f1c13b7bf8b459810c41d1270d104693cd0048ec11a10acb24a19def?s=96&d=mm&r=g","url":"https:\/\/secure.gravatar.com\/avatar\/af5e7cc9f1c13b7bf8b459810c41d1270d104693cd0048ec11a10acb24a19def?s=96&d=mm&r=g","contentUrl":"https:\/\/secure.gravatar.com\/avatar\/af5e7cc9f1c13b7bf8b459810c41d1270d104693cd0048ec11a10acb24a19def?s=96&d=mm&r=g","caption":"Fabian Willeke"},"sameAs":["http:\/\/TT-Bruchhausen.de"],"url":"http:\/\/tt-bruchhausen.de\/Web\/author\/fabian\/"}]}},"_links":{"self":[{"href":"http:\/\/tt-bruchhausen.de\/Web\/wp-json\/wp\/v2\/posts\/5577","targetHints":{"allow":["GET"]}}],"collection":[{"href":"http:\/\/tt-bruchhausen.de\/Web\/wp-json\/wp\/v2\/posts"}],"about":[{"href":"http:\/\/tt-bruchhausen.de\/Web\/wp-json\/wp\/v2\/types\/post"}],"author":[{"embeddable":true,"href":"http:\/\/tt-bruchhausen.de\/Web\/wp-json\/wp\/v2\/users\/4"}],"replies":[{"embeddable":true,"href":"http:\/\/tt-bruchhausen.de\/Web\/wp-json\/wp\/v2\/comments?post=5577"}],"version-history":[{"count":31,"href":"http:\/\/tt-bruchhausen.de\/Web\/wp-json\/wp\/v2\/posts\/5577\/revisions"}],"predecessor-version":[{"id":5648,"href":"http:\/\/tt-bruchhausen.de\/Web\/wp-json\/wp\/v2\/posts\/5577\/revisions\/5648"}],"wp:featuredmedia":[{"embeddable":true,"href":"http:\/\/tt-bruchhausen.de\/Web\/wp-json\/wp\/v2\/media\/4517"}],"wp:attachment":[{"href":"http:\/\/tt-bruchhausen.de\/Web\/wp-json\/wp\/v2\/media?parent=5577"}],"wp:term":[{"taxonomy":"category","embeddable":true,"href":"http:\/\/tt-bruchhausen.de\/Web\/wp-json\/wp\/v2\/categories?post=5577"},{"taxonomy":"post_tag","embeddable":true,"href":"http:\/\/tt-bruchhausen.de\/Web\/wp-json\/wp\/v2\/tags?post=5577"}],"curies":[{"name":"wp","href":"https:\/\/api.w.org\/{rel}","templated":true}]}}