{"id":5558,"date":"2021-09-01T19:10:02","date_gmt":"2021-09-01T17:10:02","guid":{"rendered":"http:\/\/tt-bruchhausen.de\/Web\/?p=5558"},"modified":"2021-09-01T19:12:50","modified_gmt":"2021-09-01T17:12:50","slug":"1-herren-startet-am-samstag","status":"publish","type":"post","link":"http:\/\/tt-bruchhausen.de\/Web\/1-herren-startet-am-samstag\/","title":{"rendered":"1. Herren startet am Samstag"},"content":{"rendered":"\n<p class=\"wp-block-paragraph\"><strong>Um 17:00 empf\u00e4ngt das Flaggschiff S\u00f6lde und hofft auf viele Zuschauer.<\/strong><\/p>\n\n\n\n<p class=\"wp-block-paragraph\">&#8212;&#8212;&#8212;&#8212;&#8212;&#8212;&#8212;&#8212;&#8212;&#8212;&#8212;&#8212;&#8212;&#8212;&#8212;&#8212;&#8212;&#8212;&#8212;&#8212;&#8212;&#8212;&#8212;&#8212;&#8212;&#8212;&#8212;&#8212;&#8212;&#8212;&#8212;&#8212;&#8212;&#8212;&#8212;&#8212;&#8212;&#8212;&#8211;<\/p>\n\n\n\n<p class=\"wp-block-paragraph\">Der TuS startet direkt mit einem Kracher; S\u00f6lde, so konnte man vor der Saison vernehmen, m\u00f6chte oben mitspielen.<\/p>\n\n\n\n<p class=\"wp-block-paragraph\">Den Anspruch hat der TuS auch, zumal sich die 1. Herren durch Julian Rock im Oberen Paarkreuz verst\u00e4rken konnte.<\/p>\n\n\n\n<p class=\"wp-block-paragraph\"><\/p>\n\n\n\n<p class=\"wp-block-paragraph\">Die \u00c4nderung der Anschlagzeit auf 17:00 konnte mit S\u00f6lde vereinbart werden; hierf\u00fcr sagt der TuS danke.<\/p>\n\n\n\n<p class=\"wp-block-paragraph\"><\/p>\n\n\n\n<p class=\"wp-block-paragraph\">Zuschauer sind nat\u00fcrlich erw\u00fcnscht, zumal es einige Zeit zur\u00fcck liegt, das der kleine Ball verdroschen werden konnte.<\/p>\n\n\n\n<p class=\"wp-block-paragraph\"><\/p>\n\n\n\n<p class=\"wp-block-paragraph\">Die 2. und 3. haben noch frei, so k\u00f6nnen sich alle auf dieses wichtige Spiel konzentrieren und die 1. anfeuern.<\/p>\n\n\n\n<p class=\"wp-block-paragraph\"><\/p>\n\n\n\n<p class=\"wp-block-paragraph\"><\/p>\n\n\n\n<p class=\"wp-block-paragraph\">Nat\u00fcrlich gilt es die Corona Vorgaben zu erf\u00fcllen, aber das ist f\u00fcr die Sportler und Zuschauer selbstverst\u00e4ndlich.<\/p>\n","protected":false},"excerpt":{"rendered":"<p>Um 17:00 empf\u00e4ngt das Flaggschiff S\u00f6lde und hofft auf viele Zuschauer. &#8212;&#8212;&#8212;&#8212;&#8212;&#8212;&#8212;&#8212;&#8212;&#8212;&#8212;&#8212;&#8212;&#8212;&#8212;&#8212;&#8212;&#8212;&#8212;&#8212;&#8212;&#8212;&#8212;&#8212;&#8212;&#8212;&#8212;&#8212;&#8212;&#8212;&#8212;&#8212;&#8212;&#8212;&#8212;&#8212;&#8212;&#8212;&#8211; Der TuS startet direkt mit einem Kracher; S\u00f6lde, so konnte man vor der  [&#8230;]<\/p>\n","protected":false},"author":1,"featured_media":5415,"comment_status":"closed","ping_status":"closed","sticky":false,"template":"","format":"standard","meta":{"kia_subtitle":"","_themeisle_gutenberg_block_has_review":false,"footnotes":""},"categories":[3,1,15],"tags":[],"class_list":["post-5558","post","type-post","status-publish","format-standard","has-post-thumbnail","hentry","category-1-mannschaft","category-1-allgemein","category-1-termine"],"yoast_head":"<!-- This site is optimized with the Yoast SEO plugin v28.4 - https:\/\/yoast.com\/product\/yoast-seo-wordpress\/ -->\n<title>1. Herren startet am Samstag - TuS Bruchhausen 02 - TT Abteilung<\/title>\n<meta name=\"robots\" content=\"index, follow, max-snippet:-1, max-image-preview:large, max-video-preview:-1\" \/>\n<link rel=\"canonical\" href=\"http:\/\/tt-bruchhausen.de\/Web\/1-herren-startet-am-samstag\/\" \/>\n<meta property=\"og:locale\" content=\"de_DE\" \/>\n<meta property=\"og:type\" content=\"article\" \/>\n<meta property=\"og:title\" content=\"1. Herren startet am Samstag - TuS Bruchhausen 02 - TT Abteilung\" \/>\n<meta property=\"og:description\" content=\"Um 17:00 empf\u00e4ngt das Flaggschiff S\u00f6lde und hofft auf viele Zuschauer. &#8212;&#8212;&#8212;&#8212;&#8212;&#8212;&#8212;&#8212;&#8212;&#8212;&#8212;&#8212;&#8212;&#8212;&#8212;&#8212;&#8212;&#8212;&#8212;&#8212;&#8212;&#8212;&#8212;&#8212;&#8212;&#8212;&#8212;&#8212;&#8212;&#8212;&#8212;&#8212;&#8212;&#8212;&#8212;&#8212;&#8212;&#8212;&#8211; Der TuS startet direkt mit einem Kracher; S\u00f6lde, so konnte man vor der [...]\" \/>\n<meta property=\"og:url\" content=\"http:\/\/tt-bruchhausen.de\/Web\/1-herren-startet-am-samstag\/\" \/>\n<meta property=\"og:site_name\" content=\"TuS Bruchhausen 02 - TT Abteilung\" \/>\n<meta property=\"article:published_time\" content=\"2021-09-01T17:10:02+00:00\" \/>\n<meta property=\"article:modified_time\" content=\"2021-09-01T17:12:50+00:00\" \/>\n<meta property=\"og:image\" content=\"http:\/\/tt-bruchhausen.de\/Web\/wp-content\/uploads\/2020\/10\/sebastianleben-e1601796246404.jpg\" \/>\n\t<meta property=\"og:image:width\" content=\"1000\" \/>\n\t<meta property=\"og:image:height\" content=\"563\" \/>\n\t<meta property=\"og:image:type\" content=\"image\/jpeg\" \/>\n<meta name=\"author\" content=\"hcoels\" \/>\n<meta name=\"twitter:card\" content=\"summary_large_image\" \/>\n<meta name=\"twitter:label1\" content=\"Verfasst von\" \/>\n\t<meta name=\"twitter:data1\" content=\"hcoels\" \/>\n\t<meta name=\"twitter:label2\" content=\"Gesch\u00e4tzte Lesezeit\" \/>\n\t<meta name=\"twitter:data2\" content=\"1\u00a0Minute\" \/>\n<script type=\"application\/ld+json\" class=\"yoast-schema-graph\">{\"@context\":\"https:\\\/\\\/schema.org\",\"@graph\":[{\"@type\":\"Article\",\"@id\":\"http:\\\/\\\/tt-bruchhausen.de\\\/Web\\\/1-herren-startet-am-samstag\\\/#article\",\"isPartOf\":{\"@id\":\"http:\\\/\\\/tt-bruchhausen.de\\\/Web\\\/1-herren-startet-am-samstag\\\/\"},\"author\":{\"name\":\"hcoels\",\"@id\":\"http:\\\/\\\/tt-bruchhausen.de\\\/Web\\\/#\\\/schema\\\/person\\\/5b848b23f9d6f6b51911da8dca8673d4\"},\"headline\":\"1. Herren startet am Samstag\",\"datePublished\":\"2021-09-01T17:10:02+00:00\",\"dateModified\":\"2021-09-01T17:12:50+00:00\",\"mainEntityOfPage\":{\"@id\":\"http:\\\/\\\/tt-bruchhausen.de\\\/Web\\\/1-herren-startet-am-samstag\\\/\"},\"wordCount\":132,\"image\":{\"@id\":\"http:\\\/\\\/tt-bruchhausen.de\\\/Web\\\/1-herren-startet-am-samstag\\\/#primaryimage\"},\"thumbnailUrl\":\"http:\\\/\\\/tt-bruchhausen.de\\\/Web\\\/wp-content\\\/uploads\\\/2020\\\/10\\\/sebastianleben-e1601796246404.jpg\",\"articleSection\":[\"1. Mannschaft\",\"Allgemein\\\/News\",\"Termine\"],\"inLanguage\":\"de\"},{\"@type\":\"WebPage\",\"@id\":\"http:\\\/\\\/tt-bruchhausen.de\\\/Web\\\/1-herren-startet-am-samstag\\\/\",\"url\":\"http:\\\/\\\/tt-bruchhausen.de\\\/Web\\\/1-herren-startet-am-samstag\\\/\",\"name\":\"1. Herren startet am Samstag - TuS Bruchhausen 02 - TT Abteilung\",\"isPartOf\":{\"@id\":\"http:\\\/\\\/tt-bruchhausen.de\\\/Web\\\/#website\"},\"primaryImageOfPage\":{\"@id\":\"http:\\\/\\\/tt-bruchhausen.de\\\/Web\\\/1-herren-startet-am-samstag\\\/#primaryimage\"},\"image\":{\"@id\":\"http:\\\/\\\/tt-bruchhausen.de\\\/Web\\\/1-herren-startet-am-samstag\\\/#primaryimage\"},\"thumbnailUrl\":\"http:\\\/\\\/tt-bruchhausen.de\\\/Web\\\/wp-content\\\/uploads\\\/2020\\\/10\\\/sebastianleben-e1601796246404.jpg\",\"datePublished\":\"2021-09-01T17:10:02+00:00\",\"dateModified\":\"2021-09-01T17:12:50+00:00\",\"author\":{\"@id\":\"http:\\\/\\\/tt-bruchhausen.de\\\/Web\\\/#\\\/schema\\\/person\\\/5b848b23f9d6f6b51911da8dca8673d4\"},\"breadcrumb\":{\"@id\":\"http:\\\/\\\/tt-bruchhausen.de\\\/Web\\\/1-herren-startet-am-samstag\\\/#breadcrumb\"},\"inLanguage\":\"de\",\"potentialAction\":[{\"@type\":\"ReadAction\",\"target\":[\"http:\\\/\\\/tt-bruchhausen.de\\\/Web\\\/1-herren-startet-am-samstag\\\/\"]}]},{\"@type\":\"ImageObject\",\"inLanguage\":\"de\",\"@id\":\"http:\\\/\\\/tt-bruchhausen.de\\\/Web\\\/1-herren-startet-am-samstag\\\/#primaryimage\",\"url\":\"http:\\\/\\\/tt-bruchhausen.de\\\/Web\\\/wp-content\\\/uploads\\\/2020\\\/10\\\/sebastianleben-e1601796246404.jpg\",\"contentUrl\":\"http:\\\/\\\/tt-bruchhausen.de\\\/Web\\\/wp-content\\\/uploads\\\/2020\\\/10\\\/sebastianleben-e1601796246404.jpg\",\"width\":1000,\"height\":563},{\"@type\":\"BreadcrumbList\",\"@id\":\"http:\\\/\\\/tt-bruchhausen.de\\\/Web\\\/1-herren-startet-am-samstag\\\/#breadcrumb\",\"itemListElement\":[{\"@type\":\"ListItem\",\"position\":1,\"name\":\"Start\",\"item\":\"http:\\\/\\\/tt-bruchhausen.de\\\/Web\\\/\"},{\"@type\":\"ListItem\",\"position\":2,\"name\":\"1. Herren startet am Samstag\"}]},{\"@type\":\"WebSite\",\"@id\":\"http:\\\/\\\/tt-bruchhausen.de\\\/Web\\\/#website\",\"url\":\"http:\\\/\\\/tt-bruchhausen.de\\\/Web\\\/\",\"name\":\"TuS Bruchhausen 02 - TT Abteilung\",\"description\":\"Tischtennis im Entondorf\",\"potentialAction\":[{\"@type\":\"SearchAction\",\"target\":{\"@type\":\"EntryPoint\",\"urlTemplate\":\"http:\\\/\\\/tt-bruchhausen.de\\\/Web\\\/?s={search_term_string}\"},\"query-input\":{\"@type\":\"PropertyValueSpecification\",\"valueRequired\":true,\"valueName\":\"search_term_string\"}}],\"inLanguage\":\"de\"},{\"@type\":\"Person\",\"@id\":\"http:\\\/\\\/tt-bruchhausen.de\\\/Web\\\/#\\\/schema\\\/person\\\/5b848b23f9d6f6b51911da8dca8673d4\",\"name\":\"hcoels\",\"image\":{\"@type\":\"ImageObject\",\"inLanguage\":\"de\",\"@id\":\"https:\\\/\\\/secure.gravatar.com\\\/avatar\\\/d351b66730ed647c7cd787c95779789fdef9e11e0073d715b25d18ba342bb98e?s=96&d=mm&r=g\",\"url\":\"https:\\\/\\\/secure.gravatar.com\\\/avatar\\\/d351b66730ed647c7cd787c95779789fdef9e11e0073d715b25d18ba342bb98e?s=96&d=mm&r=g\",\"contentUrl\":\"https:\\\/\\\/secure.gravatar.com\\\/avatar\\\/d351b66730ed647c7cd787c95779789fdef9e11e0073d715b25d18ba342bb98e?s=96&d=mm&r=g\",\"caption\":\"hcoels\"},\"sameAs\":[\"http:\\\/\\\/www.musikzirkus.eu\"],\"url\":\"http:\\\/\\\/tt-bruchhausen.de\\\/Web\\\/author\\\/hcoels\\\/\"}]}<\/script>\n<!-- \/ Yoast SEO plugin. -->","yoast_head_json":{"title":"1. Herren startet am Samstag - TuS Bruchhausen 02 - TT Abteilung","robots":{"index":"index","follow":"follow","max-snippet":"max-snippet:-1","max-image-preview":"max-image-preview:large","max-video-preview":"max-video-preview:-1"},"canonical":"http:\/\/tt-bruchhausen.de\/Web\/1-herren-startet-am-samstag\/","og_locale":"de_DE","og_type":"article","og_title":"1. Herren startet am Samstag - TuS Bruchhausen 02 - TT Abteilung","og_description":"Um 17:00 empf\u00e4ngt das Flaggschiff S\u00f6lde und hofft auf viele Zuschauer. &#8212;&#8212;&#8212;&#8212;&#8212;&#8212;&#8212;&#8212;&#8212;&#8212;&#8212;&#8212;&#8212;&#8212;&#8212;&#8212;&#8212;&#8212;&#8212;&#8212;&#8212;&#8212;&#8212;&#8212;&#8212;&#8212;&#8212;&#8212;&#8212;&#8212;&#8212;&#8212;&#8212;&#8212;&#8212;&#8212;&#8212;&#8212;&#8211; Der TuS startet direkt mit einem Kracher; S\u00f6lde, so konnte man vor der [...]","og_url":"http:\/\/tt-bruchhausen.de\/Web\/1-herren-startet-am-samstag\/","og_site_name":"TuS Bruchhausen 02 - TT Abteilung","article_published_time":"2021-09-01T17:10:02+00:00","article_modified_time":"2021-09-01T17:12:50+00:00","og_image":[{"width":1000,"height":563,"url":"http:\/\/tt-bruchhausen.de\/Web\/wp-content\/uploads\/2020\/10\/sebastianleben-e1601796246404.jpg","type":"image\/jpeg"}],"author":"hcoels","twitter_card":"summary_large_image","twitter_misc":{"Verfasst von":"hcoels","Gesch\u00e4tzte Lesezeit":"1\u00a0Minute"},"schema":{"@context":"https:\/\/schema.org","@graph":[{"@type":"Article","@id":"http:\/\/tt-bruchhausen.de\/Web\/1-herren-startet-am-samstag\/#article","isPartOf":{"@id":"http:\/\/tt-bruchhausen.de\/Web\/1-herren-startet-am-samstag\/"},"author":{"name":"hcoels","@id":"http:\/\/tt-bruchhausen.de\/Web\/#\/schema\/person\/5b848b23f9d6f6b51911da8dca8673d4"},"headline":"1. Herren startet am Samstag","datePublished":"2021-09-01T17:10:02+00:00","dateModified":"2021-09-01T17:12:50+00:00","mainEntityOfPage":{"@id":"http:\/\/tt-bruchhausen.de\/Web\/1-herren-startet-am-samstag\/"},"wordCount":132,"image":{"@id":"http:\/\/tt-bruchhausen.de\/Web\/1-herren-startet-am-samstag\/#primaryimage"},"thumbnailUrl":"http:\/\/tt-bruchhausen.de\/Web\/wp-content\/uploads\/2020\/10\/sebastianleben-e1601796246404.jpg","articleSection":["1. Mannschaft","Allgemein\/News","Termine"],"inLanguage":"de"},{"@type":"WebPage","@id":"http:\/\/tt-bruchhausen.de\/Web\/1-herren-startet-am-samstag\/","url":"http:\/\/tt-bruchhausen.de\/Web\/1-herren-startet-am-samstag\/","name":"1. Herren startet am Samstag - TuS Bruchhausen 02 - TT Abteilung","isPartOf":{"@id":"http:\/\/tt-bruchhausen.de\/Web\/#website"},"primaryImageOfPage":{"@id":"http:\/\/tt-bruchhausen.de\/Web\/1-herren-startet-am-samstag\/#primaryimage"},"image":{"@id":"http:\/\/tt-bruchhausen.de\/Web\/1-herren-startet-am-samstag\/#primaryimage"},"thumbnailUrl":"http:\/\/tt-bruchhausen.de\/Web\/wp-content\/uploads\/2020\/10\/sebastianleben-e1601796246404.jpg","datePublished":"2021-09-01T17:10:02+00:00","dateModified":"2021-09-01T17:12:50+00:00","author":{"@id":"http:\/\/tt-bruchhausen.de\/Web\/#\/schema\/person\/5b848b23f9d6f6b51911da8dca8673d4"},"breadcrumb":{"@id":"http:\/\/tt-bruchhausen.de\/Web\/1-herren-startet-am-samstag\/#breadcrumb"},"inLanguage":"de","potentialAction":[{"@type":"ReadAction","target":["http:\/\/tt-bruchhausen.de\/Web\/1-herren-startet-am-samstag\/"]}]},{"@type":"ImageObject","inLanguage":"de","@id":"http:\/\/tt-bruchhausen.de\/Web\/1-herren-startet-am-samstag\/#primaryimage","url":"http:\/\/tt-bruchhausen.de\/Web\/wp-content\/uploads\/2020\/10\/sebastianleben-e1601796246404.jpg","contentUrl":"http:\/\/tt-bruchhausen.de\/Web\/wp-content\/uploads\/2020\/10\/sebastianleben-e1601796246404.jpg","width":1000,"height":563},{"@type":"BreadcrumbList","@id":"http:\/\/tt-bruchhausen.de\/Web\/1-herren-startet-am-samstag\/#breadcrumb","itemListElement":[{"@type":"ListItem","position":1,"name":"Start","item":"http:\/\/tt-bruchhausen.de\/Web\/"},{"@type":"ListItem","position":2,"name":"1. Herren startet am Samstag"}]},{"@type":"WebSite","@id":"http:\/\/tt-bruchhausen.de\/Web\/#website","url":"http:\/\/tt-bruchhausen.de\/Web\/","name":"TuS Bruchhausen 02 - TT Abteilung","description":"Tischtennis im Entondorf","potentialAction":[{"@type":"SearchAction","target":{"@type":"EntryPoint","urlTemplate":"http:\/\/tt-bruchhausen.de\/Web\/?s={search_term_string}"},"query-input":{"@type":"PropertyValueSpecification","valueRequired":true,"valueName":"search_term_string"}}],"inLanguage":"de"},{"@type":"Person","@id":"http:\/\/tt-bruchhausen.de\/Web\/#\/schema\/person\/5b848b23f9d6f6b51911da8dca8673d4","name":"hcoels","image":{"@type":"ImageObject","inLanguage":"de","@id":"https:\/\/secure.gravatar.com\/avatar\/d351b66730ed647c7cd787c95779789fdef9e11e0073d715b25d18ba342bb98e?s=96&d=mm&r=g","url":"https:\/\/secure.gravatar.com\/avatar\/d351b66730ed647c7cd787c95779789fdef9e11e0073d715b25d18ba342bb98e?s=96&d=mm&r=g","contentUrl":"https:\/\/secure.gravatar.com\/avatar\/d351b66730ed647c7cd787c95779789fdef9e11e0073d715b25d18ba342bb98e?s=96&d=mm&r=g","caption":"hcoels"},"sameAs":["http:\/\/www.musikzirkus.eu"],"url":"http:\/\/tt-bruchhausen.de\/Web\/author\/hcoels\/"}]}},"_links":{"self":[{"href":"http:\/\/tt-bruchhausen.de\/Web\/wp-json\/wp\/v2\/posts\/5558","targetHints":{"allow":["GET"]}}],"collection":[{"href":"http:\/\/tt-bruchhausen.de\/Web\/wp-json\/wp\/v2\/posts"}],"about":[{"href":"http:\/\/tt-bruchhausen.de\/Web\/wp-json\/wp\/v2\/types\/post"}],"author":[{"embeddable":true,"href":"http:\/\/tt-bruchhausen.de\/Web\/wp-json\/wp\/v2\/users\/1"}],"replies":[{"embeddable":true,"href":"http:\/\/tt-bruchhausen.de\/Web\/wp-json\/wp\/v2\/comments?post=5558"}],"version-history":[{"count":4,"href":"http:\/\/tt-bruchhausen.de\/Web\/wp-json\/wp\/v2\/posts\/5558\/revisions"}],"predecessor-version":[{"id":5562,"href":"http:\/\/tt-bruchhausen.de\/Web\/wp-json\/wp\/v2\/posts\/5558\/revisions\/5562"}],"wp:featuredmedia":[{"embeddable":true,"href":"http:\/\/tt-bruchhausen.de\/Web\/wp-json\/wp\/v2\/media\/5415"}],"wp:attachment":[{"href":"http:\/\/tt-bruchhausen.de\/Web\/wp-json\/wp\/v2\/media?parent=5558"}],"wp:term":[{"taxonomy":"category","embeddable":true,"href":"http:\/\/tt-bruchhausen.de\/Web\/wp-json\/wp\/v2\/categories?post=5558"},{"taxonomy":"post_tag","embeddable":true,"href":"http:\/\/tt-bruchhausen.de\/Web\/wp-json\/wp\/v2\/tags?post=5558"}],"curies":[{"name":"wp","href":"https:\/\/api.w.org\/{rel}","templated":true}]}}