{"id":5500,"date":"2021-06-24T10:44:41","date_gmt":"2021-06-24T08:44:41","guid":{"rendered":"http:\/\/tt-bruchhausen.de\/Web\/?p=5500"},"modified":"2021-06-24T10:55:27","modified_gmt":"2021-06-24T08:55:27","slug":"saison-2021-22-startet-im-september","status":"publish","type":"post","link":"http:\/\/tt-bruchhausen.de\/Web\/saison-2021-22-startet-im-september\/","title":{"rendered":"Saison 2021\/22 startet im September"},"content":{"rendered":"<p>Es ist soweit, der wei\u00dfe Ball kann wieder maltr\u00e4tiert werden. Ab September gehen die TT Cracks wieder an die Platten.<\/p>\n<p>Nachdem die Saison 2020\/21 annulliert wurde, soll nach hoffentlich \u00fcberstandener Pandemie wieder TT Sport m\u00f6glich sein.<\/p>\n<p>Die Saison 2020\/21 verlief sehr gut; die 1. und 2. Herrenmannschaft f\u00fchrten die Tabelle an und ein Aufstieg schien m\u00f6glich.<\/p>\n<p>Wie Allen bekannt sein d\u00fcrfte, wurde die Saison abgerochen und der TuS stand mit leeren H\u00e4nden da. Das soll sich in dieser Spielzeit \u00e4ndern, da der TuS sich enorm verst\u00e4rken konnte.<\/p>\n<p>Die 2. Herren wurde in der Bezirksklasse Gruppe 5 aufgenommen, sie ist somit aufgestiegen.<\/p>\n<p>Gruppe 5 bestand nur aus 10 Teams, daher wird der TuS als Aufsteiger gewertet.<\/p>\n<p>Die Aufstellung der TuS Teams liegen noch nicht endg\u00fcltig vor, sie werden umgehend nachgereicht.<\/p>\n","protected":false},"excerpt":{"rendered":"<p>Es ist soweit, der wei\u00dfe Ball kann wieder maltr\u00e4tiert werden. Ab September gehen die TT Cracks wieder an die Platten. Nachdem die Saison 2020\/21 annulliert  [&#8230;]<\/p>\n","protected":false},"author":1,"featured_media":4515,"comment_status":"closed","ping_status":"closed","sticky":false,"template":"","format":"standard","meta":{"kia_subtitle":"Spielplan der Herren nun Online. 3. und Nachwuchs folgen.","_themeisle_gutenberg_block_has_review":false,"footnotes":""},"categories":[1],"tags":[],"class_list":["post-5500","post","type-post","status-publish","format-standard","has-post-thumbnail","hentry","category-1-allgemein"],"yoast_head":"<!-- This site is optimized with the Yoast SEO plugin v28.4 - https:\/\/yoast.com\/product\/yoast-seo-wordpress\/ -->\n<title>Saison 2021\/22 startet im September - TuS Bruchhausen 02 - TT Abteilung<\/title>\n<meta name=\"robots\" content=\"index, follow, max-snippet:-1, max-image-preview:large, max-video-preview:-1\" \/>\n<link rel=\"canonical\" href=\"http:\/\/tt-bruchhausen.de\/Web\/saison-2021-22-startet-im-september\/\" \/>\n<meta property=\"og:locale\" content=\"de_DE\" \/>\n<meta property=\"og:type\" content=\"article\" \/>\n<meta property=\"og:title\" content=\"Saison 2021\/22 startet im September - TuS Bruchhausen 02 - TT Abteilung\" \/>\n<meta property=\"og:description\" content=\"Es ist soweit, der wei\u00dfe Ball kann wieder maltr\u00e4tiert werden. Ab September gehen die TT Cracks wieder an die Platten. Nachdem die Saison 2020\/21 annulliert [...]\" \/>\n<meta property=\"og:url\" content=\"http:\/\/tt-bruchhausen.de\/Web\/saison-2021-22-startet-im-september\/\" \/>\n<meta property=\"og:site_name\" content=\"TuS Bruchhausen 02 - TT Abteilung\" \/>\n<meta property=\"article:published_time\" content=\"2021-06-24T08:44:41+00:00\" \/>\n<meta property=\"article:modified_time\" content=\"2021-06-24T08:55:27+00:00\" \/>\n<meta property=\"og:image\" content=\"http:\/\/tt-bruchhausen.de\/Web\/wp-content\/uploads\/2018\/10\/Banner_zaehltafel.jpg\" \/>\n\t<meta property=\"og:image:width\" content=\"1000\" \/>\n\t<meta property=\"og:image:height\" content=\"666\" \/>\n\t<meta property=\"og:image:type\" content=\"image\/jpeg\" \/>\n<meta name=\"author\" content=\"hcoels\" \/>\n<meta name=\"twitter:card\" content=\"summary_large_image\" \/>\n<meta name=\"twitter:label1\" content=\"Verfasst von\" \/>\n\t<meta name=\"twitter:data1\" content=\"hcoels\" \/>\n\t<meta name=\"twitter:label2\" content=\"Gesch\u00e4tzte Lesezeit\" \/>\n\t<meta name=\"twitter:data2\" content=\"1\u00a0Minute\" \/>\n<script type=\"application\/ld+json\" class=\"yoast-schema-graph\">{\"@context\":\"https:\\\/\\\/schema.org\",\"@graph\":[{\"@type\":\"Article\",\"@id\":\"http:\\\/\\\/tt-bruchhausen.de\\\/Web\\\/saison-2021-22-startet-im-september\\\/#article\",\"isPartOf\":{\"@id\":\"http:\\\/\\\/tt-bruchhausen.de\\\/Web\\\/saison-2021-22-startet-im-september\\\/\"},\"author\":{\"name\":\"hcoels\",\"@id\":\"http:\\\/\\\/tt-bruchhausen.de\\\/Web\\\/#\\\/schema\\\/person\\\/5b848b23f9d6f6b51911da8dca8673d4\"},\"headline\":\"Saison 2021\\\/22 startet im September\",\"datePublished\":\"2021-06-24T08:44:41+00:00\",\"dateModified\":\"2021-06-24T08:55:27+00:00\",\"mainEntityOfPage\":{\"@id\":\"http:\\\/\\\/tt-bruchhausen.de\\\/Web\\\/saison-2021-22-startet-im-september\\\/\"},\"wordCount\":134,\"image\":{\"@id\":\"http:\\\/\\\/tt-bruchhausen.de\\\/Web\\\/saison-2021-22-startet-im-september\\\/#primaryimage\"},\"thumbnailUrl\":\"http:\\\/\\\/tt-bruchhausen.de\\\/Web\\\/wp-content\\\/uploads\\\/2018\\\/10\\\/Banner_zaehltafel.jpg\",\"articleSection\":[\"Allgemein\\\/News\"],\"inLanguage\":\"de\"},{\"@type\":\"WebPage\",\"@id\":\"http:\\\/\\\/tt-bruchhausen.de\\\/Web\\\/saison-2021-22-startet-im-september\\\/\",\"url\":\"http:\\\/\\\/tt-bruchhausen.de\\\/Web\\\/saison-2021-22-startet-im-september\\\/\",\"name\":\"Saison 2021\\\/22 startet im September - TuS Bruchhausen 02 - TT Abteilung\",\"isPartOf\":{\"@id\":\"http:\\\/\\\/tt-bruchhausen.de\\\/Web\\\/#website\"},\"primaryImageOfPage\":{\"@id\":\"http:\\\/\\\/tt-bruchhausen.de\\\/Web\\\/saison-2021-22-startet-im-september\\\/#primaryimage\"},\"image\":{\"@id\":\"http:\\\/\\\/tt-bruchhausen.de\\\/Web\\\/saison-2021-22-startet-im-september\\\/#primaryimage\"},\"thumbnailUrl\":\"http:\\\/\\\/tt-bruchhausen.de\\\/Web\\\/wp-content\\\/uploads\\\/2018\\\/10\\\/Banner_zaehltafel.jpg\",\"datePublished\":\"2021-06-24T08:44:41+00:00\",\"dateModified\":\"2021-06-24T08:55:27+00:00\",\"author\":{\"@id\":\"http:\\\/\\\/tt-bruchhausen.de\\\/Web\\\/#\\\/schema\\\/person\\\/5b848b23f9d6f6b51911da8dca8673d4\"},\"breadcrumb\":{\"@id\":\"http:\\\/\\\/tt-bruchhausen.de\\\/Web\\\/saison-2021-22-startet-im-september\\\/#breadcrumb\"},\"inLanguage\":\"de\",\"potentialAction\":[{\"@type\":\"ReadAction\",\"target\":[\"http:\\\/\\\/tt-bruchhausen.de\\\/Web\\\/saison-2021-22-startet-im-september\\\/\"]}]},{\"@type\":\"ImageObject\",\"inLanguage\":\"de\",\"@id\":\"http:\\\/\\\/tt-bruchhausen.de\\\/Web\\\/saison-2021-22-startet-im-september\\\/#primaryimage\",\"url\":\"http:\\\/\\\/tt-bruchhausen.de\\\/Web\\\/wp-content\\\/uploads\\\/2018\\\/10\\\/Banner_zaehltafel.jpg\",\"contentUrl\":\"http:\\\/\\\/tt-bruchhausen.de\\\/Web\\\/wp-content\\\/uploads\\\/2018\\\/10\\\/Banner_zaehltafel.jpg\",\"width\":1000,\"height\":666},{\"@type\":\"BreadcrumbList\",\"@id\":\"http:\\\/\\\/tt-bruchhausen.de\\\/Web\\\/saison-2021-22-startet-im-september\\\/#breadcrumb\",\"itemListElement\":[{\"@type\":\"ListItem\",\"position\":1,\"name\":\"Start\",\"item\":\"http:\\\/\\\/tt-bruchhausen.de\\\/Web\\\/\"},{\"@type\":\"ListItem\",\"position\":2,\"name\":\"Saison 2021\\\/22 startet im September\"}]},{\"@type\":\"WebSite\",\"@id\":\"http:\\\/\\\/tt-bruchhausen.de\\\/Web\\\/#website\",\"url\":\"http:\\\/\\\/tt-bruchhausen.de\\\/Web\\\/\",\"name\":\"TuS Bruchhausen 02 - TT Abteilung\",\"description\":\"Tischtennis im Entondorf\",\"potentialAction\":[{\"@type\":\"SearchAction\",\"target\":{\"@type\":\"EntryPoint\",\"urlTemplate\":\"http:\\\/\\\/tt-bruchhausen.de\\\/Web\\\/?s={search_term_string}\"},\"query-input\":{\"@type\":\"PropertyValueSpecification\",\"valueRequired\":true,\"valueName\":\"search_term_string\"}}],\"inLanguage\":\"de\"},{\"@type\":\"Person\",\"@id\":\"http:\\\/\\\/tt-bruchhausen.de\\\/Web\\\/#\\\/schema\\\/person\\\/5b848b23f9d6f6b51911da8dca8673d4\",\"name\":\"hcoels\",\"image\":{\"@type\":\"ImageObject\",\"inLanguage\":\"de\",\"@id\":\"https:\\\/\\\/secure.gravatar.com\\\/avatar\\\/d351b66730ed647c7cd787c95779789fdef9e11e0073d715b25d18ba342bb98e?s=96&d=mm&r=g\",\"url\":\"https:\\\/\\\/secure.gravatar.com\\\/avatar\\\/d351b66730ed647c7cd787c95779789fdef9e11e0073d715b25d18ba342bb98e?s=96&d=mm&r=g\",\"contentUrl\":\"https:\\\/\\\/secure.gravatar.com\\\/avatar\\\/d351b66730ed647c7cd787c95779789fdef9e11e0073d715b25d18ba342bb98e?s=96&d=mm&r=g\",\"caption\":\"hcoels\"},\"sameAs\":[\"http:\\\/\\\/www.musikzirkus.eu\"],\"url\":\"http:\\\/\\\/tt-bruchhausen.de\\\/Web\\\/author\\\/hcoels\\\/\"}]}<\/script>\n<!-- \/ Yoast SEO plugin. -->","yoast_head_json":{"title":"Saison 2021\/22 startet im September - TuS Bruchhausen 02 - TT Abteilung","robots":{"index":"index","follow":"follow","max-snippet":"max-snippet:-1","max-image-preview":"max-image-preview:large","max-video-preview":"max-video-preview:-1"},"canonical":"http:\/\/tt-bruchhausen.de\/Web\/saison-2021-22-startet-im-september\/","og_locale":"de_DE","og_type":"article","og_title":"Saison 2021\/22 startet im September - TuS Bruchhausen 02 - TT Abteilung","og_description":"Es ist soweit, der wei\u00dfe Ball kann wieder maltr\u00e4tiert werden. Ab September gehen die TT Cracks wieder an die Platten. Nachdem die Saison 2020\/21 annulliert [...]","og_url":"http:\/\/tt-bruchhausen.de\/Web\/saison-2021-22-startet-im-september\/","og_site_name":"TuS Bruchhausen 02 - TT Abteilung","article_published_time":"2021-06-24T08:44:41+00:00","article_modified_time":"2021-06-24T08:55:27+00:00","og_image":[{"width":1000,"height":666,"url":"http:\/\/tt-bruchhausen.de\/Web\/wp-content\/uploads\/2018\/10\/Banner_zaehltafel.jpg","type":"image\/jpeg"}],"author":"hcoels","twitter_card":"summary_large_image","twitter_misc":{"Verfasst von":"hcoels","Gesch\u00e4tzte Lesezeit":"1\u00a0Minute"},"schema":{"@context":"https:\/\/schema.org","@graph":[{"@type":"Article","@id":"http:\/\/tt-bruchhausen.de\/Web\/saison-2021-22-startet-im-september\/#article","isPartOf":{"@id":"http:\/\/tt-bruchhausen.de\/Web\/saison-2021-22-startet-im-september\/"},"author":{"name":"hcoels","@id":"http:\/\/tt-bruchhausen.de\/Web\/#\/schema\/person\/5b848b23f9d6f6b51911da8dca8673d4"},"headline":"Saison 2021\/22 startet im September","datePublished":"2021-06-24T08:44:41+00:00","dateModified":"2021-06-24T08:55:27+00:00","mainEntityOfPage":{"@id":"http:\/\/tt-bruchhausen.de\/Web\/saison-2021-22-startet-im-september\/"},"wordCount":134,"image":{"@id":"http:\/\/tt-bruchhausen.de\/Web\/saison-2021-22-startet-im-september\/#primaryimage"},"thumbnailUrl":"http:\/\/tt-bruchhausen.de\/Web\/wp-content\/uploads\/2018\/10\/Banner_zaehltafel.jpg","articleSection":["Allgemein\/News"],"inLanguage":"de"},{"@type":"WebPage","@id":"http:\/\/tt-bruchhausen.de\/Web\/saison-2021-22-startet-im-september\/","url":"http:\/\/tt-bruchhausen.de\/Web\/saison-2021-22-startet-im-september\/","name":"Saison 2021\/22 startet im September - TuS Bruchhausen 02 - TT Abteilung","isPartOf":{"@id":"http:\/\/tt-bruchhausen.de\/Web\/#website"},"primaryImageOfPage":{"@id":"http:\/\/tt-bruchhausen.de\/Web\/saison-2021-22-startet-im-september\/#primaryimage"},"image":{"@id":"http:\/\/tt-bruchhausen.de\/Web\/saison-2021-22-startet-im-september\/#primaryimage"},"thumbnailUrl":"http:\/\/tt-bruchhausen.de\/Web\/wp-content\/uploads\/2018\/10\/Banner_zaehltafel.jpg","datePublished":"2021-06-24T08:44:41+00:00","dateModified":"2021-06-24T08:55:27+00:00","author":{"@id":"http:\/\/tt-bruchhausen.de\/Web\/#\/schema\/person\/5b848b23f9d6f6b51911da8dca8673d4"},"breadcrumb":{"@id":"http:\/\/tt-bruchhausen.de\/Web\/saison-2021-22-startet-im-september\/#breadcrumb"},"inLanguage":"de","potentialAction":[{"@type":"ReadAction","target":["http:\/\/tt-bruchhausen.de\/Web\/saison-2021-22-startet-im-september\/"]}]},{"@type":"ImageObject","inLanguage":"de","@id":"http:\/\/tt-bruchhausen.de\/Web\/saison-2021-22-startet-im-september\/#primaryimage","url":"http:\/\/tt-bruchhausen.de\/Web\/wp-content\/uploads\/2018\/10\/Banner_zaehltafel.jpg","contentUrl":"http:\/\/tt-bruchhausen.de\/Web\/wp-content\/uploads\/2018\/10\/Banner_zaehltafel.jpg","width":1000,"height":666},{"@type":"BreadcrumbList","@id":"http:\/\/tt-bruchhausen.de\/Web\/saison-2021-22-startet-im-september\/#breadcrumb","itemListElement":[{"@type":"ListItem","position":1,"name":"Start","item":"http:\/\/tt-bruchhausen.de\/Web\/"},{"@type":"ListItem","position":2,"name":"Saison 2021\/22 startet im September"}]},{"@type":"WebSite","@id":"http:\/\/tt-bruchhausen.de\/Web\/#website","url":"http:\/\/tt-bruchhausen.de\/Web\/","name":"TuS Bruchhausen 02 - TT Abteilung","description":"Tischtennis im Entondorf","potentialAction":[{"@type":"SearchAction","target":{"@type":"EntryPoint","urlTemplate":"http:\/\/tt-bruchhausen.de\/Web\/?s={search_term_string}"},"query-input":{"@type":"PropertyValueSpecification","valueRequired":true,"valueName":"search_term_string"}}],"inLanguage":"de"},{"@type":"Person","@id":"http:\/\/tt-bruchhausen.de\/Web\/#\/schema\/person\/5b848b23f9d6f6b51911da8dca8673d4","name":"hcoels","image":{"@type":"ImageObject","inLanguage":"de","@id":"https:\/\/secure.gravatar.com\/avatar\/d351b66730ed647c7cd787c95779789fdef9e11e0073d715b25d18ba342bb98e?s=96&d=mm&r=g","url":"https:\/\/secure.gravatar.com\/avatar\/d351b66730ed647c7cd787c95779789fdef9e11e0073d715b25d18ba342bb98e?s=96&d=mm&r=g","contentUrl":"https:\/\/secure.gravatar.com\/avatar\/d351b66730ed647c7cd787c95779789fdef9e11e0073d715b25d18ba342bb98e?s=96&d=mm&r=g","caption":"hcoels"},"sameAs":["http:\/\/www.musikzirkus.eu"],"url":"http:\/\/tt-bruchhausen.de\/Web\/author\/hcoels\/"}]}},"_links":{"self":[{"href":"http:\/\/tt-bruchhausen.de\/Web\/wp-json\/wp\/v2\/posts\/5500","targetHints":{"allow":["GET"]}}],"collection":[{"href":"http:\/\/tt-bruchhausen.de\/Web\/wp-json\/wp\/v2\/posts"}],"about":[{"href":"http:\/\/tt-bruchhausen.de\/Web\/wp-json\/wp\/v2\/types\/post"}],"author":[{"embeddable":true,"href":"http:\/\/tt-bruchhausen.de\/Web\/wp-json\/wp\/v2\/users\/1"}],"replies":[{"embeddable":true,"href":"http:\/\/tt-bruchhausen.de\/Web\/wp-json\/wp\/v2\/comments?post=5500"}],"version-history":[{"count":2,"href":"http:\/\/tt-bruchhausen.de\/Web\/wp-json\/wp\/v2\/posts\/5500\/revisions"}],"predecessor-version":[{"id":5506,"href":"http:\/\/tt-bruchhausen.de\/Web\/wp-json\/wp\/v2\/posts\/5500\/revisions\/5506"}],"wp:featuredmedia":[{"embeddable":true,"href":"http:\/\/tt-bruchhausen.de\/Web\/wp-json\/wp\/v2\/media\/4515"}],"wp:attachment":[{"href":"http:\/\/tt-bruchhausen.de\/Web\/wp-json\/wp\/v2\/media?parent=5500"}],"wp:term":[{"taxonomy":"category","embeddable":true,"href":"http:\/\/tt-bruchhausen.de\/Web\/wp-json\/wp\/v2\/categories?post=5500"},{"taxonomy":"post_tag","embeddable":true,"href":"http:\/\/tt-bruchhausen.de\/Web\/wp-json\/wp\/v2\/tags?post=5500"}],"curies":[{"name":"wp","href":"https:\/\/api.w.org\/{rel}","templated":true}]}}