{"id":5460,"date":"2021-03-20T16:45:04","date_gmt":"2021-03-20T14:45:04","guid":{"rendered":"http:\/\/tt-bruchhausen.de\/Web\/?p=5460"},"modified":"2021-03-20T16:47:59","modified_gmt":"2021-03-20T14:47:59","slug":"neheimer-urgestein-julian-rock-wechselt-ins-entendorf","status":"publish","type":"post","link":"http:\/\/tt-bruchhausen.de\/Web\/neheimer-urgestein-julian-rock-wechselt-ins-entendorf\/","title":{"rendered":"Neheimer Urgestein Julian Rock wechselt ins Entendorf!"},"content":{"rendered":"<h4 style=\"text-align: center;\"><strong>Neuzugang beim TuS Bruchhausen &#8211; Neheimer Urgestein Julian Rock wechselt ins Entendorf!<\/strong><\/h4>\n<p><img decoding=\"async\" class=\"wp-image-5461 size-large aligncenter\" src=\"http:\/\/tt-bruchhausen.de\/Web\/wp-content\/uploads\/2021\/03\/julian_rock-768x1024.jpg\" alt=\"\" width=\"640\" height=\"853\" srcset=\"http:\/\/tt-bruchhausen.de\/Web\/wp-content\/uploads\/2021\/03\/julian_rock-225x300.jpg 225w, http:\/\/tt-bruchhausen.de\/Web\/wp-content\/uploads\/2021\/03\/julian_rock-768x1024.jpg 768w\" sizes=\"(max-width: 640px) 100vw, 640px\" \/><\/p>\n<p>Gute Neuigkeiten f\u00fcr die Tischtennis-Abteilung des TuS Bruchhausen. Julian Rock aus der Landesliga-Mannschaft des TTV Neheim-H\u00fcsten wechselt zur neuen Saison zum TuS. Der 34j\u00e4hrige Neuzugang aus Arnsberg verst\u00e4rkt die erste Mannschaft an der Spitzenposition.<\/p>\n<p>Der Mannschaftsf\u00fchrer der ersten Mannschaft Tobias Walter war \u00fcberrascht \u00fcber die Anfrage: \u201eAls Julian am Telefon auf uns zu kam, musste ich das erst verarbeiten so \u00fcberrascht war ich. Dann habe ich mit der Mannschaft gesprochen und alle waren begeistert!\u201c<\/p>\n<p>Julian spielt seit seinem 11. Lebensjahr Tischtennis. Er hat seither bei dem TTV Neheim-H\u00fcsten die Jungendmannschaften durchlaufen.<\/p>\n<p>Mit 15 Jahren wechselte er in den Herrenbereich. Hier hat Julian lange Erfahrungen in der Bezirksklasse, Bezirksliga und Landesliga gesammelt. Nach dem Aufstieg in der Saison 2017\/2018 aus der Landesliga in die Verbandsliga, war er in der folgenden Saison fester Bestandteil der Verbandsligamannschaft beim Klassenerhalt.<\/p>\n<p>Durch externe Neuzug\u00e4nge ging Julian zur\u00fcck in die zweite Mannschaft und stieg auf Antrag als Drittplatzierter erneut in die Landesliga auf.\u00a0 Der gesamte Verein freut sich auf Julian denn er ist sowohl sportlich als auch pers\u00f6nlich eine Bereicherung.<\/p>\n<p><em>Der Wechsel von Julian zeigt, dass die positive Entwicklung der letzten vier Jahre auch au\u00dferhalb des Vereins wahrgenommen wird. <\/em><\/p>\n<p>Vor vier Jahren hat man sich aus einer abstiegsgef\u00e4hrdeten Bezirksklassenmannschaft zu einer etablierten Bezirksligamannschaft entwickelt. Auch die zweite Mannschaft konnte zwischenzeitlich in die Bezirksklasse aufsteigen. Julian ist der vorerst 6. Neuzugang nach Jens Drescher, Sebastian Leben (R\u00fcckkehr), J\u00f6rg Broch, Dieter Volpert, Frank Storm und Marcus Skotarzik seit Januar 2017.<\/p>\n","protected":false},"excerpt":{"rendered":"<p>Neuzugang beim TuS Bruchhausen &#8211; Neheimer Urgestein Julian Rock wechselt ins Entendorf! Gute Neuigkeiten f\u00fcr die Tischtennis-Abteilung des TuS Bruchhausen. Julian Rock aus der Landesliga-Mannschaft  [&#8230;]<\/p>\n","protected":false},"author":1,"featured_media":3656,"comment_status":"closed","ping_status":"closed","sticky":false,"template":"","format":"standard","meta":{"kia_subtitle":"Neuzugang beim TuS Bruchhausen","_themeisle_gutenberg_block_has_review":false,"footnotes":""},"categories":[3,1],"tags":[],"class_list":["post-5460","post","type-post","status-publish","format-standard","has-post-thumbnail","hentry","category-1-mannschaft","category-1-allgemein"],"yoast_head":"<!-- This site is optimized with the Yoast SEO plugin v28.4 - https:\/\/yoast.com\/product\/yoast-seo-wordpress\/ -->\n<title>Neheimer Urgestein Julian Rock wechselt ins Entendorf! - TuS Bruchhausen 02 - TT Abteilung<\/title>\n<meta name=\"robots\" content=\"index, follow, max-snippet:-1, max-image-preview:large, max-video-preview:-1\" \/>\n<link rel=\"canonical\" href=\"http:\/\/tt-bruchhausen.de\/Web\/neheimer-urgestein-julian-rock-wechselt-ins-entendorf\/\" \/>\n<meta property=\"og:locale\" content=\"de_DE\" \/>\n<meta property=\"og:type\" content=\"article\" \/>\n<meta property=\"og:title\" content=\"Neheimer Urgestein Julian Rock wechselt ins Entendorf! - TuS Bruchhausen 02 - TT Abteilung\" \/>\n<meta property=\"og:description\" content=\"Neuzugang beim TuS Bruchhausen &#8211; Neheimer Urgestein Julian Rock wechselt ins Entendorf! Gute Neuigkeiten f\u00fcr die Tischtennis-Abteilung des TuS Bruchhausen. Julian Rock aus der Landesliga-Mannschaft [...]\" \/>\n<meta property=\"og:url\" content=\"http:\/\/tt-bruchhausen.de\/Web\/neheimer-urgestein-julian-rock-wechselt-ins-entendorf\/\" \/>\n<meta property=\"og:site_name\" content=\"TuS Bruchhausen 02 - TT Abteilung\" \/>\n<meta property=\"article:published_time\" content=\"2021-03-20T14:45:04+00:00\" \/>\n<meta property=\"article:modified_time\" content=\"2021-03-20T14:47:59+00:00\" \/>\n<meta property=\"og:image\" content=\"http:\/\/tt-bruchhausen.de\/Web\/wp-content\/uploads\/2017\/10\/banner_belaege.jpg\" \/>\n\t<meta property=\"og:image:width\" content=\"1000\" \/>\n\t<meta property=\"og:image:height\" content=\"666\" \/>\n\t<meta property=\"og:image:type\" content=\"image\/jpeg\" \/>\n<meta name=\"author\" content=\"hcoels\" \/>\n<meta name=\"twitter:card\" content=\"summary_large_image\" \/>\n<meta name=\"twitter:label1\" content=\"Verfasst von\" \/>\n\t<meta name=\"twitter:data1\" content=\"hcoels\" \/>\n\t<meta name=\"twitter:label2\" content=\"Gesch\u00e4tzte Lesezeit\" \/>\n\t<meta name=\"twitter:data2\" content=\"1\u00a0Minute\" \/>\n<script type=\"application\/ld+json\" class=\"yoast-schema-graph\">{\"@context\":\"https:\\\/\\\/schema.org\",\"@graph\":[{\"@type\":\"Article\",\"@id\":\"http:\\\/\\\/tt-bruchhausen.de\\\/Web\\\/neheimer-urgestein-julian-rock-wechselt-ins-entendorf\\\/#article\",\"isPartOf\":{\"@id\":\"http:\\\/\\\/tt-bruchhausen.de\\\/Web\\\/neheimer-urgestein-julian-rock-wechselt-ins-entendorf\\\/\"},\"author\":{\"name\":\"hcoels\",\"@id\":\"http:\\\/\\\/tt-bruchhausen.de\\\/Web\\\/#\\\/schema\\\/person\\\/5b848b23f9d6f6b51911da8dca8673d4\"},\"headline\":\"Neheimer Urgestein Julian Rock wechselt ins Entendorf!\",\"datePublished\":\"2021-03-20T14:45:04+00:00\",\"dateModified\":\"2021-03-20T14:47:59+00:00\",\"mainEntityOfPage\":{\"@id\":\"http:\\\/\\\/tt-bruchhausen.de\\\/Web\\\/neheimer-urgestein-julian-rock-wechselt-ins-entendorf\\\/\"},\"wordCount\":269,\"image\":{\"@id\":\"http:\\\/\\\/tt-bruchhausen.de\\\/Web\\\/neheimer-urgestein-julian-rock-wechselt-ins-entendorf\\\/#primaryimage\"},\"thumbnailUrl\":\"http:\\\/\\\/tt-bruchhausen.de\\\/Web\\\/wp-content\\\/uploads\\\/2017\\\/10\\\/banner_belaege.jpg\",\"articleSection\":[\"1. Mannschaft\",\"Allgemein\\\/News\"],\"inLanguage\":\"de\"},{\"@type\":\"WebPage\",\"@id\":\"http:\\\/\\\/tt-bruchhausen.de\\\/Web\\\/neheimer-urgestein-julian-rock-wechselt-ins-entendorf\\\/\",\"url\":\"http:\\\/\\\/tt-bruchhausen.de\\\/Web\\\/neheimer-urgestein-julian-rock-wechselt-ins-entendorf\\\/\",\"name\":\"Neheimer Urgestein Julian Rock wechselt ins Entendorf! - TuS Bruchhausen 02 - TT Abteilung\",\"isPartOf\":{\"@id\":\"http:\\\/\\\/tt-bruchhausen.de\\\/Web\\\/#website\"},\"primaryImageOfPage\":{\"@id\":\"http:\\\/\\\/tt-bruchhausen.de\\\/Web\\\/neheimer-urgestein-julian-rock-wechselt-ins-entendorf\\\/#primaryimage\"},\"image\":{\"@id\":\"http:\\\/\\\/tt-bruchhausen.de\\\/Web\\\/neheimer-urgestein-julian-rock-wechselt-ins-entendorf\\\/#primaryimage\"},\"thumbnailUrl\":\"http:\\\/\\\/tt-bruchhausen.de\\\/Web\\\/wp-content\\\/uploads\\\/2017\\\/10\\\/banner_belaege.jpg\",\"datePublished\":\"2021-03-20T14:45:04+00:00\",\"dateModified\":\"2021-03-20T14:47:59+00:00\",\"author\":{\"@id\":\"http:\\\/\\\/tt-bruchhausen.de\\\/Web\\\/#\\\/schema\\\/person\\\/5b848b23f9d6f6b51911da8dca8673d4\"},\"breadcrumb\":{\"@id\":\"http:\\\/\\\/tt-bruchhausen.de\\\/Web\\\/neheimer-urgestein-julian-rock-wechselt-ins-entendorf\\\/#breadcrumb\"},\"inLanguage\":\"de\",\"potentialAction\":[{\"@type\":\"ReadAction\",\"target\":[\"http:\\\/\\\/tt-bruchhausen.de\\\/Web\\\/neheimer-urgestein-julian-rock-wechselt-ins-entendorf\\\/\"]}]},{\"@type\":\"ImageObject\",\"inLanguage\":\"de\",\"@id\":\"http:\\\/\\\/tt-bruchhausen.de\\\/Web\\\/neheimer-urgestein-julian-rock-wechselt-ins-entendorf\\\/#primaryimage\",\"url\":\"http:\\\/\\\/tt-bruchhausen.de\\\/Web\\\/wp-content\\\/uploads\\\/2017\\\/10\\\/banner_belaege.jpg\",\"contentUrl\":\"http:\\\/\\\/tt-bruchhausen.de\\\/Web\\\/wp-content\\\/uploads\\\/2017\\\/10\\\/banner_belaege.jpg\",\"width\":1000,\"height\":666},{\"@type\":\"BreadcrumbList\",\"@id\":\"http:\\\/\\\/tt-bruchhausen.de\\\/Web\\\/neheimer-urgestein-julian-rock-wechselt-ins-entendorf\\\/#breadcrumb\",\"itemListElement\":[{\"@type\":\"ListItem\",\"position\":1,\"name\":\"Start\",\"item\":\"http:\\\/\\\/tt-bruchhausen.de\\\/Web\\\/\"},{\"@type\":\"ListItem\",\"position\":2,\"name\":\"Neheimer Urgestein Julian Rock wechselt ins Entendorf!\"}]},{\"@type\":\"WebSite\",\"@id\":\"http:\\\/\\\/tt-bruchhausen.de\\\/Web\\\/#website\",\"url\":\"http:\\\/\\\/tt-bruchhausen.de\\\/Web\\\/\",\"name\":\"TuS Bruchhausen 02 - TT Abteilung\",\"description\":\"Tischtennis im Entondorf\",\"potentialAction\":[{\"@type\":\"SearchAction\",\"target\":{\"@type\":\"EntryPoint\",\"urlTemplate\":\"http:\\\/\\\/tt-bruchhausen.de\\\/Web\\\/?s={search_term_string}\"},\"query-input\":{\"@type\":\"PropertyValueSpecification\",\"valueRequired\":true,\"valueName\":\"search_term_string\"}}],\"inLanguage\":\"de\"},{\"@type\":\"Person\",\"@id\":\"http:\\\/\\\/tt-bruchhausen.de\\\/Web\\\/#\\\/schema\\\/person\\\/5b848b23f9d6f6b51911da8dca8673d4\",\"name\":\"hcoels\",\"image\":{\"@type\":\"ImageObject\",\"inLanguage\":\"de\",\"@id\":\"https:\\\/\\\/secure.gravatar.com\\\/avatar\\\/d351b66730ed647c7cd787c95779789fdef9e11e0073d715b25d18ba342bb98e?s=96&d=mm&r=g\",\"url\":\"https:\\\/\\\/secure.gravatar.com\\\/avatar\\\/d351b66730ed647c7cd787c95779789fdef9e11e0073d715b25d18ba342bb98e?s=96&d=mm&r=g\",\"contentUrl\":\"https:\\\/\\\/secure.gravatar.com\\\/avatar\\\/d351b66730ed647c7cd787c95779789fdef9e11e0073d715b25d18ba342bb98e?s=96&d=mm&r=g\",\"caption\":\"hcoels\"},\"sameAs\":[\"http:\\\/\\\/www.musikzirkus.eu\"],\"url\":\"http:\\\/\\\/tt-bruchhausen.de\\\/Web\\\/author\\\/hcoels\\\/\"}]}<\/script>\n<!-- \/ Yoast SEO plugin. -->","yoast_head_json":{"title":"Neheimer Urgestein Julian Rock wechselt ins Entendorf! - TuS Bruchhausen 02 - TT Abteilung","robots":{"index":"index","follow":"follow","max-snippet":"max-snippet:-1","max-image-preview":"max-image-preview:large","max-video-preview":"max-video-preview:-1"},"canonical":"http:\/\/tt-bruchhausen.de\/Web\/neheimer-urgestein-julian-rock-wechselt-ins-entendorf\/","og_locale":"de_DE","og_type":"article","og_title":"Neheimer Urgestein Julian Rock wechselt ins Entendorf! - TuS Bruchhausen 02 - TT Abteilung","og_description":"Neuzugang beim TuS Bruchhausen &#8211; Neheimer Urgestein Julian Rock wechselt ins Entendorf! Gute Neuigkeiten f\u00fcr die Tischtennis-Abteilung des TuS Bruchhausen. Julian Rock aus der Landesliga-Mannschaft [...]","og_url":"http:\/\/tt-bruchhausen.de\/Web\/neheimer-urgestein-julian-rock-wechselt-ins-entendorf\/","og_site_name":"TuS Bruchhausen 02 - TT Abteilung","article_published_time":"2021-03-20T14:45:04+00:00","article_modified_time":"2021-03-20T14:47:59+00:00","og_image":[{"width":1000,"height":666,"url":"http:\/\/tt-bruchhausen.de\/Web\/wp-content\/uploads\/2017\/10\/banner_belaege.jpg","type":"image\/jpeg"}],"author":"hcoels","twitter_card":"summary_large_image","twitter_misc":{"Verfasst von":"hcoels","Gesch\u00e4tzte Lesezeit":"1\u00a0Minute"},"schema":{"@context":"https:\/\/schema.org","@graph":[{"@type":"Article","@id":"http:\/\/tt-bruchhausen.de\/Web\/neheimer-urgestein-julian-rock-wechselt-ins-entendorf\/#article","isPartOf":{"@id":"http:\/\/tt-bruchhausen.de\/Web\/neheimer-urgestein-julian-rock-wechselt-ins-entendorf\/"},"author":{"name":"hcoels","@id":"http:\/\/tt-bruchhausen.de\/Web\/#\/schema\/person\/5b848b23f9d6f6b51911da8dca8673d4"},"headline":"Neheimer Urgestein Julian Rock wechselt ins Entendorf!","datePublished":"2021-03-20T14:45:04+00:00","dateModified":"2021-03-20T14:47:59+00:00","mainEntityOfPage":{"@id":"http:\/\/tt-bruchhausen.de\/Web\/neheimer-urgestein-julian-rock-wechselt-ins-entendorf\/"},"wordCount":269,"image":{"@id":"http:\/\/tt-bruchhausen.de\/Web\/neheimer-urgestein-julian-rock-wechselt-ins-entendorf\/#primaryimage"},"thumbnailUrl":"http:\/\/tt-bruchhausen.de\/Web\/wp-content\/uploads\/2017\/10\/banner_belaege.jpg","articleSection":["1. Mannschaft","Allgemein\/News"],"inLanguage":"de"},{"@type":"WebPage","@id":"http:\/\/tt-bruchhausen.de\/Web\/neheimer-urgestein-julian-rock-wechselt-ins-entendorf\/","url":"http:\/\/tt-bruchhausen.de\/Web\/neheimer-urgestein-julian-rock-wechselt-ins-entendorf\/","name":"Neheimer Urgestein Julian Rock wechselt ins Entendorf! - TuS Bruchhausen 02 - TT Abteilung","isPartOf":{"@id":"http:\/\/tt-bruchhausen.de\/Web\/#website"},"primaryImageOfPage":{"@id":"http:\/\/tt-bruchhausen.de\/Web\/neheimer-urgestein-julian-rock-wechselt-ins-entendorf\/#primaryimage"},"image":{"@id":"http:\/\/tt-bruchhausen.de\/Web\/neheimer-urgestein-julian-rock-wechselt-ins-entendorf\/#primaryimage"},"thumbnailUrl":"http:\/\/tt-bruchhausen.de\/Web\/wp-content\/uploads\/2017\/10\/banner_belaege.jpg","datePublished":"2021-03-20T14:45:04+00:00","dateModified":"2021-03-20T14:47:59+00:00","author":{"@id":"http:\/\/tt-bruchhausen.de\/Web\/#\/schema\/person\/5b848b23f9d6f6b51911da8dca8673d4"},"breadcrumb":{"@id":"http:\/\/tt-bruchhausen.de\/Web\/neheimer-urgestein-julian-rock-wechselt-ins-entendorf\/#breadcrumb"},"inLanguage":"de","potentialAction":[{"@type":"ReadAction","target":["http:\/\/tt-bruchhausen.de\/Web\/neheimer-urgestein-julian-rock-wechselt-ins-entendorf\/"]}]},{"@type":"ImageObject","inLanguage":"de","@id":"http:\/\/tt-bruchhausen.de\/Web\/neheimer-urgestein-julian-rock-wechselt-ins-entendorf\/#primaryimage","url":"http:\/\/tt-bruchhausen.de\/Web\/wp-content\/uploads\/2017\/10\/banner_belaege.jpg","contentUrl":"http:\/\/tt-bruchhausen.de\/Web\/wp-content\/uploads\/2017\/10\/banner_belaege.jpg","width":1000,"height":666},{"@type":"BreadcrumbList","@id":"http:\/\/tt-bruchhausen.de\/Web\/neheimer-urgestein-julian-rock-wechselt-ins-entendorf\/#breadcrumb","itemListElement":[{"@type":"ListItem","position":1,"name":"Start","item":"http:\/\/tt-bruchhausen.de\/Web\/"},{"@type":"ListItem","position":2,"name":"Neheimer Urgestein Julian Rock wechselt ins Entendorf!"}]},{"@type":"WebSite","@id":"http:\/\/tt-bruchhausen.de\/Web\/#website","url":"http:\/\/tt-bruchhausen.de\/Web\/","name":"TuS Bruchhausen 02 - TT Abteilung","description":"Tischtennis im Entondorf","potentialAction":[{"@type":"SearchAction","target":{"@type":"EntryPoint","urlTemplate":"http:\/\/tt-bruchhausen.de\/Web\/?s={search_term_string}"},"query-input":{"@type":"PropertyValueSpecification","valueRequired":true,"valueName":"search_term_string"}}],"inLanguage":"de"},{"@type":"Person","@id":"http:\/\/tt-bruchhausen.de\/Web\/#\/schema\/person\/5b848b23f9d6f6b51911da8dca8673d4","name":"hcoels","image":{"@type":"ImageObject","inLanguage":"de","@id":"https:\/\/secure.gravatar.com\/avatar\/d351b66730ed647c7cd787c95779789fdef9e11e0073d715b25d18ba342bb98e?s=96&d=mm&r=g","url":"https:\/\/secure.gravatar.com\/avatar\/d351b66730ed647c7cd787c95779789fdef9e11e0073d715b25d18ba342bb98e?s=96&d=mm&r=g","contentUrl":"https:\/\/secure.gravatar.com\/avatar\/d351b66730ed647c7cd787c95779789fdef9e11e0073d715b25d18ba342bb98e?s=96&d=mm&r=g","caption":"hcoels"},"sameAs":["http:\/\/www.musikzirkus.eu"],"url":"http:\/\/tt-bruchhausen.de\/Web\/author\/hcoels\/"}]}},"_links":{"self":[{"href":"http:\/\/tt-bruchhausen.de\/Web\/wp-json\/wp\/v2\/posts\/5460","targetHints":{"allow":["GET"]}}],"collection":[{"href":"http:\/\/tt-bruchhausen.de\/Web\/wp-json\/wp\/v2\/posts"}],"about":[{"href":"http:\/\/tt-bruchhausen.de\/Web\/wp-json\/wp\/v2\/types\/post"}],"author":[{"embeddable":true,"href":"http:\/\/tt-bruchhausen.de\/Web\/wp-json\/wp\/v2\/users\/1"}],"replies":[{"embeddable":true,"href":"http:\/\/tt-bruchhausen.de\/Web\/wp-json\/wp\/v2\/comments?post=5460"}],"version-history":[{"count":5,"href":"http:\/\/tt-bruchhausen.de\/Web\/wp-json\/wp\/v2\/posts\/5460\/revisions"}],"predecessor-version":[{"id":5466,"href":"http:\/\/tt-bruchhausen.de\/Web\/wp-json\/wp\/v2\/posts\/5460\/revisions\/5466"}],"wp:featuredmedia":[{"embeddable":true,"href":"http:\/\/tt-bruchhausen.de\/Web\/wp-json\/wp\/v2\/media\/3656"}],"wp:attachment":[{"href":"http:\/\/tt-bruchhausen.de\/Web\/wp-json\/wp\/v2\/media?parent=5460"}],"wp:term":[{"taxonomy":"category","embeddable":true,"href":"http:\/\/tt-bruchhausen.de\/Web\/wp-json\/wp\/v2\/categories?post=5460"},{"taxonomy":"post_tag","embeddable":true,"href":"http:\/\/tt-bruchhausen.de\/Web\/wp-json\/wp\/v2\/tags?post=5460"}],"curies":[{"name":"wp","href":"https:\/\/api.w.org\/{rel}","templated":true}]}}