{"id":5258,"date":"2020-03-01T18:18:20","date_gmt":"2020-03-01T16:18:20","guid":{"rendered":"http:\/\/tt-bruchhausen.de\/Web\/?p=5258"},"modified":"2020-03-01T18:18:32","modified_gmt":"2020-03-01T16:18:32","slug":"zweite-gewinnt-in-sundern","status":"publish","type":"post","link":"http:\/\/tt-bruchhausen.de\/Web\/zweite-gewinnt-in-sundern\/","title":{"rendered":"Zweite gewinnt in Sundern"},"content":{"rendered":"<p>Zu einem Endspiel im Abstiegskampf kam es f\u00fcr die Zweite am aktuellen Spieltag in Sundern. Wollte man noch eine minimale Chance haben die Klasse zu halten, musste man unbedingt gewinnen. W\u00fcrde man das Spiel verlieren, w\u00e4re der Abstieg quasi besiegelt. Dirk K\u00f6sling wurde auf Bruchhausener Seite durch Josef Walter ersetzt.<\/p>\n<p>&nbsp;<\/p>\n<table width=\"576\">\n<tbody>\n<tr>\n<td colspan=\"2\" width=\"237\">TUS Sundern III<\/td>\n<td width=\"60\">Doppel<\/td>\n<td width=\"31\"><\/td>\n<td colspan=\"2\" width=\"188\">TUS Bruchhausen II<\/td>\n<td width=\"60\">Doppel<\/td>\n<\/tr>\n<tr>\n<td>Sommer<\/td>\n<td>Heinz<\/td>\n<td style=\"text-align: center;\">1<\/td>\n<td><\/td>\n<td>Macioszek<\/td>\n<td>Christian<\/td>\n<td style=\"text-align: center;\">1<\/td>\n<\/tr>\n<tr>\n<td>Guarda<\/td>\n<td>Kevin<\/td>\n<td style=\"text-align: center;\">2<\/td>\n<td><\/td>\n<td>Broch<\/td>\n<td>J\u00f6rg<\/td>\n<td style=\"text-align: center;\">2<\/td>\n<\/tr>\n<tr>\n<td>Specka<\/td>\n<td>Leon<\/td>\n<td style=\"text-align: center;\">2<\/td>\n<td><\/td>\n<td>Storm<\/td>\n<td>Frank<\/td>\n<td style=\"text-align: center;\">3<\/td>\n<\/tr>\n<tr>\n<td>Santolaya Cruz<\/td>\n<td>Santiago<\/td>\n<td style=\"text-align: center;\">1<\/td>\n<td><\/td>\n<td>Willeke<\/td>\n<td>Fabian<\/td>\n<td style=\"text-align: center;\">1<\/td>\n<\/tr>\n<tr>\n<td>Grun<\/td>\n<td>Christian<\/td>\n<td style=\"text-align: center;\">3<\/td>\n<td><\/td>\n<td>Niemand<\/td>\n<td>Benedikt<\/td>\n<td style=\"text-align: center;\">3<\/td>\n<\/tr>\n<tr>\n<td>Sommer<\/td>\n<td>Patricia<\/td>\n<td style=\"text-align: center;\">3<\/td>\n<td><\/td>\n<td>Walter<\/td>\n<td>Josef<\/td>\n<td style=\"text-align: center;\">2<\/td>\n<\/tr>\n<\/tbody>\n<\/table>\n<p>&nbsp;<\/p>\n<p>Broch und Walter hatten keine M\u00fche gegen Sommer und Santolaya Cruz. Beide gewannen sicher. Das Spiel von Macioszek\/Willeke auf der einen und Guarda\/Specka auf der anderen Seite war gepr\u00e4gt durch unendlich viele unverschuldete Fehler. Ohne Spielfluss, mit kaum vorhandenen Ballwechseln gewannen die Tus&#8217;ler, da sie lediglich weniger Fehler machten als ihre Gegen\u00fcber, das Ganze war dabei grausam anzusehen. Storm und Niemand spielten stark auf und gewannen Durchgang eins, mussten sich aber dennoch geschlagen geben, da in den entscheidenden Momenten die Gastgeber die bessere Antwort zu geben verstanden.<\/p>\n<p>Im ersten Einzel konnte Broch sofort an das Doppel ankn\u00fcpfen. In drei S\u00e4tzen gewann er klar gegen Sommer. Ebenso klar siegte Macioszek gegen Guarda und stellte auf 4:1 f\u00fcr den TUS.<\/p>\n<p>In der Mitte war Willeke noch gar nicht da, in drei S\u00e4tzen gab er klar gegen Specka ab. Storm hatte sein Spiel schon fast zu Hause, ehe Santolaya Cruz sein Spiel umstellte und die Regie \u00fcbernahm. Konnte Storm die ersten beiden Durchg\u00e4nge klar gewinnen, musste er die letzten drei S\u00e4tze seinem Gegen\u00fcber \u00fcberlassen.<\/p>\n<p>Unten hatte Walter seinen Kontrahenten v\u00f6llig im Griff, verlor das Spiel aber trotzdem auf kuriose Weise. Ein 10:6 im ersten Durchgang brachte Josef nicht nach Hause. Nach einem 0:6-R\u00fcckstand im zweiten Satz stellte er auf 10:7, nur um dann doch wieder abzugeben. Im dritten Durchgang reichte eine 8:5-F\u00fchrung nicht, um erfolgreich zu sein. Kopfsch\u00fctteln sowohl bei ihm, als auch seinen Mitstreitern war die Folge. Parallel dazu konnte Niemand zumindest den f\u00fcnften Punkt erspielen, wobei Benedikt einige sehr sch\u00f6ne Vorhandb\u00e4lle spielte.<\/p>\n<p>Mit einer 5:4-F\u00fchrung ging es wieder oben los. Macioszek brauchte im Duell der Topleute f\u00fcnf S\u00e4tze, um sich dann aber erfolgreich gegen Sommer durchzusetzen. Parallel dazu erledigte Broch seine Aufgabe in drei souver\u00e4nen S\u00e4tzen.<\/p>\n<p>In der Mitte hatte Storm keine Chance gegen Specka. Der Spieler der Gastgeber verstand es sehr gut sich auf das Spiel von Frank einzustellen und siegte verdient. Willeke lief nach einem schw\u00e4cheren ersten Satz zusehends warm, bewegte sich endlich mal hinter der Platte, gewann den zweiten Durchgang knapp, musste den dritten Satz aber wieder abgeben. Danach l\u00f6ste sich aber der Knoten zusehends, zumal sein Gegen\u00fcber konditionell nachlie\u00df. Nach einem starken vierten Durchgang gelang ihm im Finalsatz beinahe alles und er konnte das Unentschieden damit sicherstellen.\u00a0Niemand steigerte sich parallel dazu nach einem schwachen ersten Durchgang, gewann die n\u00e4chsten drei S\u00e4tze und beendete so die Partie zum 9:5 f\u00fcr den TUS.<\/p>\n<p>Damit hat der TUS bis auf drei Punkte auf Sundern aufschlie\u00dfen k\u00f6nnen. Ob das reicht, um doch noch die Relegation zu erreichen, bleibt abzuwarten.<\/p>\n<table class=\"hidden-xs table table-mytt table-striped table-mini table-game-report\">\n<thead>\n<tr>\n<th class=\"hidden-md\"><\/th>\n<th class=\"hidden-lg hidden-md\"><\/th>\n<th title=\"TuS Sundern III\">Heim<\/th>\n<th class=\"hidden-lg hidden-md\"><\/th>\n<th title=\"TuS Bruchhausen II\">Gast<\/th>\n<th class=\"text-center\">S1<\/th>\n<th class=\"text-center\">S2<\/th>\n<th class=\"text-center\">S3<\/th>\n<th class=\"text-center\">S4<\/th>\n<th class=\"text-center\">S5<\/th>\n<th>S\u00e4tze<\/th>\n<th><span class=\"hidden-md\">Gesamt<\/span><span class=\"visible-md\" title=\"Gesamt\">Ges.<\/span><\/th>\n<\/tr>\n<\/thead>\n<tbody>\n<tr>\n<td class=\"match-name hidden-md\">D1-D2<\/td>\n<td class=\"victory hidden-md hidden-lg\"><\/td>\n<td class=\"players\"><a tabindex=\"0\" title=\"\" role=\"button\" href=\"https:\/\/www.mytischtennis.de\/clicktt\/WTTV\/19-20\/ligen\/Herren-Bezirksklasse-Gruppe-5\/gruppe\/357192\/spielbericht\/11643324\/TuS-Sundern-III-vs-TuS-Bruchhausen-II\/#\" data-bind=\"playerPopover: { personId: 'NU281589', clubNr: '113023' }\" data-original-title=\"\">Sommer, Heinz <\/a>\/<br \/>\n<a tabindex=\"0\" title=\"\" role=\"button\" href=\"https:\/\/www.mytischtennis.de\/clicktt\/WTTV\/19-20\/ligen\/Herren-Bezirksklasse-Gruppe-5\/gruppe\/357192\/spielbericht\/11643324\/TuS-Sundern-III-vs-TuS-Bruchhausen-II\/#\" data-bind=\"playerPopover: { personId: 'NU1587620', clubNr: '113023' }\" data-original-title=\"\">Santolaya Cruz, Santiago <\/a><\/td>\n<td class=\"victory hidden-md hidden-lg\"><\/td>\n<td class=\"players\"><a tabindex=\"0\" title=\"\" role=\"button\" href=\"https:\/\/www.mytischtennis.de\/clicktt\/WTTV\/19-20\/ligen\/Herren-Bezirksklasse-Gruppe-5\/gruppe\/357192\/spielbericht\/11643324\/TuS-Sundern-III-vs-TuS-Bruchhausen-II\/#\" data-bind=\"playerPopover: { personId: 'NU212095', clubNr: '113018' }\" data-original-title=\"\">Broch, J\u00f6rg <\/a>\/<br \/>\n<a tabindex=\"0\" title=\"\" role=\"button\" href=\"https:\/\/www.mytischtennis.de\/clicktt\/WTTV\/19-20\/ligen\/Herren-Bezirksklasse-Gruppe-5\/gruppe\/357192\/spielbericht\/11643324\/TuS-Sundern-III-vs-TuS-Bruchhausen-II\/#\" data-bind=\"playerPopover: { personId: 'NU426765', clubNr: '113018' }\" data-original-title=\"\">Walter, Josef <\/a><\/td>\n<td class=\"balls in-deuce\">12:14<\/td>\n<td class=\"balls \">8:11<\/td>\n<td class=\"balls \">9:11<\/td>\n<td class=\"balls balls-empty\"><\/td>\n<td class=\"balls balls-empty\"><\/td>\n<td class=\"text-center\">0:3<\/td>\n<td class=\"text-center\">0:1<\/td>\n<\/tr>\n<tr>\n<td class=\"match-name hidden-md\">D2-D1<\/td>\n<td class=\"victory hidden-md hidden-lg\"><\/td>\n<td class=\"players\"><a tabindex=\"0\" title=\"\" role=\"button\" href=\"https:\/\/www.mytischtennis.de\/clicktt\/WTTV\/19-20\/ligen\/Herren-Bezirksklasse-Gruppe-5\/gruppe\/357192\/spielbericht\/11643324\/TuS-Sundern-III-vs-TuS-Bruchhausen-II\/#\" data-bind=\"playerPopover: { personId: 'NU228505', clubNr: '113023' }\" data-original-title=\"\">Guarda, Kevin <\/a>\/<br \/>\n<a tabindex=\"0\" title=\"\" role=\"button\" href=\"https:\/\/www.mytischtennis.de\/clicktt\/WTTV\/19-20\/ligen\/Herren-Bezirksklasse-Gruppe-5\/gruppe\/357192\/spielbericht\/11643324\/TuS-Sundern-III-vs-TuS-Bruchhausen-II\/#\" data-bind=\"playerPopover: { personId: 'NU1498516', clubNr: '113023' }\" data-original-title=\"\">Specka, Leon <\/a><\/td>\n<td class=\"victory hidden-md hidden-lg\"><\/td>\n<td class=\"players\"><a tabindex=\"0\" title=\"\" role=\"button\" href=\"https:\/\/www.mytischtennis.de\/clicktt\/WTTV\/19-20\/ligen\/Herren-Bezirksklasse-Gruppe-5\/gruppe\/357192\/spielbericht\/11643324\/TuS-Sundern-III-vs-TuS-Bruchhausen-II\/#\" data-bind=\"playerPopover: { personId: 'NU424904', clubNr: '113018' }\" data-original-title=\"\">Macioszek, Christian <\/a>\/<br \/>\n<a tabindex=\"0\" title=\"\" role=\"button\" href=\"https:\/\/www.mytischtennis.de\/clicktt\/WTTV\/19-20\/ligen\/Herren-Bezirksklasse-Gruppe-5\/gruppe\/357192\/spielbericht\/11643324\/TuS-Sundern-III-vs-TuS-Bruchhausen-II\/#\" data-bind=\"playerPopover: { personId: 'NU426957', clubNr: '113018' }\" data-original-title=\"\">Willeke, Fabian <\/a><\/td>\n<td class=\"balls \">9:11<\/td>\n<td class=\"balls \">11:7<\/td>\n<td class=\"balls \">4:11<\/td>\n<td class=\"balls in-deuce\">13:15<\/td>\n<td class=\"balls balls-empty\"><\/td>\n<td class=\"text-center\">1:3<\/td>\n<td class=\"text-center\">0:2<\/td>\n<\/tr>\n<tr>\n<td class=\"match-name hidden-md\">D3-D3<\/td>\n<td class=\"victory hidden-md hidden-lg\"><\/td>\n<td class=\"players\"><a tabindex=\"0\" title=\"\" role=\"button\" href=\"https:\/\/www.mytischtennis.de\/clicktt\/WTTV\/19-20\/ligen\/Herren-Bezirksklasse-Gruppe-5\/gruppe\/357192\/spielbericht\/11643324\/TuS-Sundern-III-vs-TuS-Bruchhausen-II\/#\" data-bind=\"playerPopover: { personId: 'NU487450', clubNr: '113023' }\" data-original-title=\"\">Grun, Christian <\/a>\/<br \/>\n<a tabindex=\"0\" title=\"\" role=\"button\" href=\"https:\/\/www.mytischtennis.de\/clicktt\/WTTV\/19-20\/ligen\/Herren-Bezirksklasse-Gruppe-5\/gruppe\/357192\/spielbericht\/11643324\/TuS-Sundern-III-vs-TuS-Bruchhausen-II\/#\" data-bind=\"playerPopover: { personId: 'NU281606', clubNr: '113023' }\" data-original-title=\"\">Sommer, Patricia <\/a><\/td>\n<td class=\"victory hidden-md hidden-lg\"><\/td>\n<td class=\"players\"><a tabindex=\"0\" title=\"\" role=\"button\" href=\"https:\/\/www.mytischtennis.de\/clicktt\/WTTV\/19-20\/ligen\/Herren-Bezirksklasse-Gruppe-5\/gruppe\/357192\/spielbericht\/11643324\/TuS-Sundern-III-vs-TuS-Bruchhausen-II\/#\" data-bind=\"playerPopover: { personId: 'NU284154', clubNr: '113018' }\" data-original-title=\"\">Storm, Frank <\/a>\/<br \/>\n<a tabindex=\"0\" title=\"\" role=\"button\" href=\"https:\/\/www.mytischtennis.de\/clicktt\/WTTV\/19-20\/ligen\/Herren-Bezirksklasse-Gruppe-5\/gruppe\/357192\/spielbericht\/11643324\/TuS-Sundern-III-vs-TuS-Bruchhausen-II\/#\" data-bind=\"playerPopover: { personId: 'NU425312', clubNr: '113018' }\" data-original-title=\"\">Niemand, Benedikt <\/a><\/td>\n<td class=\"balls in-deuce\">11:13<\/td>\n<td class=\"balls \">11:8<\/td>\n<td class=\"balls in-deuce\">14:12<\/td>\n<td class=\"balls \">11:6<\/td>\n<td class=\"balls balls-empty\"><\/td>\n<td class=\"text-center\">3:1<\/td>\n<td class=\"text-center\">1:2<\/td>\n<\/tr>\n<tr class=\"divider visible-md\">\n<td colspan=\"9\"><\/td>\n<\/tr>\n<tr class=\"divider visible-lg\">\n<td colspan=\"10\"><\/td>\n<\/tr>\n<tr class=\"divider visible-xl\">\n<td colspan=\"12\"><\/td>\n<\/tr>\n<tr>\n<td class=\"match-name hidden-md\">1-2<\/td>\n<td class=\"victory hidden-md hidden-lg\"><\/td>\n<td class=\"players\"><a tabindex=\"0\" title=\"\" role=\"button\" href=\"https:\/\/www.mytischtennis.de\/clicktt\/WTTV\/19-20\/ligen\/Herren-Bezirksklasse-Gruppe-5\/gruppe\/357192\/spielbericht\/11643324\/TuS-Sundern-III-vs-TuS-Bruchhausen-II\/#\" data-bind=\"playerPopover: { personId: 'NU281589', clubNr: '113023' }\" data-original-title=\"\">Sommer, Heinz <\/a><\/td>\n<td class=\"victory hidden-md hidden-lg\"><\/td>\n<td class=\"players\"><a tabindex=\"0\" title=\"\" role=\"button\" href=\"https:\/\/www.mytischtennis.de\/clicktt\/WTTV\/19-20\/ligen\/Herren-Bezirksklasse-Gruppe-5\/gruppe\/357192\/spielbericht\/11643324\/TuS-Sundern-III-vs-TuS-Bruchhausen-II\/#\" data-bind=\"playerPopover: { personId: 'NU212095', clubNr: '113018' }\" data-original-title=\"\">Broch, J\u00f6rg <\/a><\/td>\n<td class=\"balls in-deuce\">11:13<\/td>\n<td class=\"balls \">4:11<\/td>\n<td class=\"balls \">8:11<\/td>\n<td class=\"balls balls-empty\"><\/td>\n<td class=\"balls balls-empty\"><\/td>\n<td class=\"text-center\">0:3<\/td>\n<td class=\"text-center\">1:3<\/td>\n<\/tr>\n<tr>\n<td class=\"match-name hidden-md\">2-1<\/td>\n<td class=\"victory hidden-md hidden-lg\"><\/td>\n<td class=\"players\"><a tabindex=\"0\" title=\"\" role=\"button\" href=\"https:\/\/www.mytischtennis.de\/clicktt\/WTTV\/19-20\/ligen\/Herren-Bezirksklasse-Gruppe-5\/gruppe\/357192\/spielbericht\/11643324\/TuS-Sundern-III-vs-TuS-Bruchhausen-II\/#\" data-bind=\"playerPopover: { personId: 'NU228505', clubNr: '113023' }\" data-original-title=\"\">Guarda, Kevin <\/a><\/td>\n<td class=\"victory hidden-md hidden-lg\"><\/td>\n<td class=\"players\"><a tabindex=\"0\" title=\"\" role=\"button\" href=\"https:\/\/www.mytischtennis.de\/clicktt\/WTTV\/19-20\/ligen\/Herren-Bezirksklasse-Gruppe-5\/gruppe\/357192\/spielbericht\/11643324\/TuS-Sundern-III-vs-TuS-Bruchhausen-II\/#\" data-bind=\"playerPopover: { personId: 'NU424904', clubNr: '113018' }\" data-original-title=\"\">Macioszek, Christian <\/a><\/td>\n<td class=\"balls \">5:11<\/td>\n<td class=\"balls \">5:11<\/td>\n<td class=\"balls \">7:11<\/td>\n<td class=\"balls balls-empty\"><\/td>\n<td class=\"balls balls-empty\"><\/td>\n<td class=\"text-center\">0:3<\/td>\n<td class=\"text-center\">1:4<\/td>\n<\/tr>\n<tr>\n<td class=\"match-name hidden-md\">3-4<\/td>\n<td class=\"victory hidden-md hidden-lg\"><\/td>\n<td class=\"players\"><a tabindex=\"0\" title=\"\" role=\"button\" href=\"https:\/\/www.mytischtennis.de\/clicktt\/WTTV\/19-20\/ligen\/Herren-Bezirksklasse-Gruppe-5\/gruppe\/357192\/spielbericht\/11643324\/TuS-Sundern-III-vs-TuS-Bruchhausen-II\/#\" data-bind=\"playerPopover: { personId: 'NU1498516', clubNr: '113023' }\" data-original-title=\"\">Specka, Leon <\/a><\/td>\n<td class=\"victory hidden-md hidden-lg\"><\/td>\n<td class=\"players\"><a tabindex=\"0\" title=\"\" role=\"button\" href=\"https:\/\/www.mytischtennis.de\/clicktt\/WTTV\/19-20\/ligen\/Herren-Bezirksklasse-Gruppe-5\/gruppe\/357192\/spielbericht\/11643324\/TuS-Sundern-III-vs-TuS-Bruchhausen-II\/#\" data-bind=\"playerPopover: { personId: 'NU426957', clubNr: '113018' }\" data-original-title=\"\">Willeke, Fabian <\/a><\/td>\n<td class=\"balls in-deuce\">14:12<\/td>\n<td class=\"balls \">11:8<\/td>\n<td class=\"balls \">11:7<\/td>\n<td class=\"balls balls-empty\"><\/td>\n<td class=\"balls balls-empty\"><\/td>\n<td class=\"text-center\">3:0<\/td>\n<td class=\"text-center\">2:4<\/td>\n<\/tr>\n<tr>\n<td class=\"match-name hidden-md\">4-3<\/td>\n<td class=\"victory hidden-md hidden-lg\"><\/td>\n<td class=\"players\"><a tabindex=\"0\" title=\"\" role=\"button\" href=\"https:\/\/www.mytischtennis.de\/clicktt\/WTTV\/19-20\/ligen\/Herren-Bezirksklasse-Gruppe-5\/gruppe\/357192\/spielbericht\/11643324\/TuS-Sundern-III-vs-TuS-Bruchhausen-II\/#\" data-bind=\"playerPopover: { personId: 'NU1587620', clubNr: '113023' }\" data-original-title=\"\">Santolaya Cruz, Santiago <\/a><\/td>\n<td class=\"victory hidden-md hidden-lg\"><\/td>\n<td class=\"players\"><a tabindex=\"0\" title=\"\" role=\"button\" href=\"https:\/\/www.mytischtennis.de\/clicktt\/WTTV\/19-20\/ligen\/Herren-Bezirksklasse-Gruppe-5\/gruppe\/357192\/spielbericht\/11643324\/TuS-Sundern-III-vs-TuS-Bruchhausen-II\/#\" data-bind=\"playerPopover: { personId: 'NU284154', clubNr: '113018' }\" data-original-title=\"\">Storm, Frank <\/a><\/td>\n<td class=\"balls \">8:11<\/td>\n<td class=\"balls \">7:11<\/td>\n<td class=\"balls \">11:5<\/td>\n<td class=\"balls \">11:6<\/td>\n<td class=\"balls \">11:6<\/td>\n<td class=\"text-center\">3:2<\/td>\n<td class=\"text-center\">3:4<\/td>\n<\/tr>\n<tr>\n<td class=\"match-name hidden-md\">5-6<\/td>\n<td class=\"victory hidden-md hidden-lg\"><\/td>\n<td class=\"players\"><a tabindex=\"0\" title=\"\" role=\"button\" href=\"https:\/\/www.mytischtennis.de\/clicktt\/WTTV\/19-20\/ligen\/Herren-Bezirksklasse-Gruppe-5\/gruppe\/357192\/spielbericht\/11643324\/TuS-Sundern-III-vs-TuS-Bruchhausen-II\/#\" data-bind=\"playerPopover: { personId: 'NU487450', clubNr: '113023' }\" data-original-title=\"\">Grun, Christian <\/a><\/td>\n<td class=\"victory hidden-md hidden-lg\"><\/td>\n<td class=\"players\"><a tabindex=\"0\" title=\"\" role=\"button\" href=\"https:\/\/www.mytischtennis.de\/clicktt\/WTTV\/19-20\/ligen\/Herren-Bezirksklasse-Gruppe-5\/gruppe\/357192\/spielbericht\/11643324\/TuS-Sundern-III-vs-TuS-Bruchhausen-II\/#\" data-bind=\"playerPopover: { personId: 'NU426765', clubNr: '113018' }\" data-original-title=\"\">Walter, Josef <\/a><\/td>\n<td class=\"balls in-deuce\">12:10<\/td>\n<td class=\"balls in-deuce\">13:11<\/td>\n<td class=\"balls in-deuce\">14:12<\/td>\n<td class=\"balls balls-empty\"><\/td>\n<td class=\"balls balls-empty\"><\/td>\n<td class=\"text-center\">3:0<\/td>\n<td class=\"text-center\">4:4<\/td>\n<\/tr>\n<tr>\n<td class=\"match-name hidden-md\">6-5<\/td>\n<td class=\"victory hidden-md hidden-lg\"><\/td>\n<td class=\"players\"><a tabindex=\"0\" title=\"\" role=\"button\" href=\"https:\/\/www.mytischtennis.de\/clicktt\/WTTV\/19-20\/ligen\/Herren-Bezirksklasse-Gruppe-5\/gruppe\/357192\/spielbericht\/11643324\/TuS-Sundern-III-vs-TuS-Bruchhausen-II\/#\" data-bind=\"playerPopover: { personId: 'NU281606', clubNr: '113023' }\" data-original-title=\"\">Sommer, Patricia <\/a><\/td>\n<td class=\"victory hidden-md hidden-lg\"><\/td>\n<td class=\"players\"><a tabindex=\"0\" title=\"\" role=\"button\" href=\"https:\/\/www.mytischtennis.de\/clicktt\/WTTV\/19-20\/ligen\/Herren-Bezirksklasse-Gruppe-5\/gruppe\/357192\/spielbericht\/11643324\/TuS-Sundern-III-vs-TuS-Bruchhausen-II\/#\" data-bind=\"playerPopover: { personId: 'NU425312', clubNr: '113018' }\" data-original-title=\"\">Niemand, Benedikt <\/a><\/td>\n<td class=\"balls in-deuce\">10:12<\/td>\n<td class=\"balls \">11:6<\/td>\n<td class=\"balls in-deuce\">12:14<\/td>\n<td class=\"balls in-deuce\">13:15<\/td>\n<td class=\"balls balls-empty\"><\/td>\n<td class=\"text-center\">1:3<\/td>\n<td class=\"text-center\">4:5<\/td>\n<\/tr>\n<tr>\n<td class=\"match-name hidden-md\">1-1<\/td>\n<td class=\"victory hidden-md hidden-lg\"><\/td>\n<td class=\"players\"><a tabindex=\"0\" title=\"\" role=\"button\" href=\"https:\/\/www.mytischtennis.de\/clicktt\/WTTV\/19-20\/ligen\/Herren-Bezirksklasse-Gruppe-5\/gruppe\/357192\/spielbericht\/11643324\/TuS-Sundern-III-vs-TuS-Bruchhausen-II\/#\" data-bind=\"playerPopover: { personId: 'NU281589', clubNr: '113023' }\" data-original-title=\"\">Sommer, Heinz <\/a><\/td>\n<td class=\"victory hidden-md hidden-lg\"><\/td>\n<td class=\"players\"><a tabindex=\"0\" title=\"\" role=\"button\" href=\"https:\/\/www.mytischtennis.de\/clicktt\/WTTV\/19-20\/ligen\/Herren-Bezirksklasse-Gruppe-5\/gruppe\/357192\/spielbericht\/11643324\/TuS-Sundern-III-vs-TuS-Bruchhausen-II\/#\" data-bind=\"playerPopover: { personId: 'NU424904', clubNr: '113018' }\" data-original-title=\"\">Macioszek, Christian <\/a><\/td>\n<td class=\"balls \">3:11<\/td>\n<td class=\"balls \">11:7<\/td>\n<td class=\"balls \">9:11<\/td>\n<td class=\"balls \">11:9<\/td>\n<td class=\"balls \">5:11<\/td>\n<td class=\"text-center\">2:3<\/td>\n<td class=\"text-center\">4:6<\/td>\n<\/tr>\n<tr>\n<td class=\"match-name hidden-md\">2-2<\/td>\n<td class=\"victory hidden-md hidden-lg\"><\/td>\n<td class=\"players\"><a tabindex=\"0\" title=\"\" role=\"button\" href=\"https:\/\/www.mytischtennis.de\/clicktt\/WTTV\/19-20\/ligen\/Herren-Bezirksklasse-Gruppe-5\/gruppe\/357192\/spielbericht\/11643324\/TuS-Sundern-III-vs-TuS-Bruchhausen-II\/#\" data-bind=\"playerPopover: { personId: 'NU228505', clubNr: '113023' }\" data-original-title=\"\">Guarda, Kevin <\/a><\/td>\n<td class=\"victory hidden-md hidden-lg\"><\/td>\n<td class=\"players\"><a tabindex=\"0\" title=\"\" role=\"button\" href=\"https:\/\/www.mytischtennis.de\/clicktt\/WTTV\/19-20\/ligen\/Herren-Bezirksklasse-Gruppe-5\/gruppe\/357192\/spielbericht\/11643324\/TuS-Sundern-III-vs-TuS-Bruchhausen-II\/#\" data-bind=\"playerPopover: { personId: 'NU212095', clubNr: '113018' }\" data-original-title=\"\">Broch, J\u00f6rg <\/a><\/td>\n<td class=\"balls \">4:11<\/td>\n<td class=\"balls \">7:11<\/td>\n<td class=\"balls \">4:11<\/td>\n<td class=\"balls balls-empty\"><\/td>\n<td class=\"balls balls-empty\"><\/td>\n<td class=\"text-center\">0:3<\/td>\n<td class=\"text-center\">4:7<\/td>\n<\/tr>\n<tr>\n<td class=\"match-name hidden-md\">3-3<\/td>\n<td class=\"victory hidden-md hidden-lg\"><\/td>\n<td class=\"players\"><a tabindex=\"0\" title=\"\" role=\"button\" href=\"https:\/\/www.mytischtennis.de\/clicktt\/WTTV\/19-20\/ligen\/Herren-Bezirksklasse-Gruppe-5\/gruppe\/357192\/spielbericht\/11643324\/TuS-Sundern-III-vs-TuS-Bruchhausen-II\/#\" data-bind=\"playerPopover: { personId: 'NU1498516', clubNr: '113023' }\" data-original-title=\"\">Specka, Leon <\/a><\/td>\n<td class=\"victory hidden-md hidden-lg\"><\/td>\n<td class=\"players\"><a tabindex=\"0\" title=\"\" role=\"button\" href=\"https:\/\/www.mytischtennis.de\/clicktt\/WTTV\/19-20\/ligen\/Herren-Bezirksklasse-Gruppe-5\/gruppe\/357192\/spielbericht\/11643324\/TuS-Sundern-III-vs-TuS-Bruchhausen-II\/#\" data-bind=\"playerPopover: { personId: 'NU284154', clubNr: '113018' }\" data-original-title=\"\">Storm, Frank <\/a><\/td>\n<td class=\"balls \">11:6<\/td>\n<td class=\"balls in-deuce\">12:10<\/td>\n<td class=\"balls \">11:8<\/td>\n<td class=\"balls balls-empty\"><\/td>\n<td class=\"balls balls-empty\"><\/td>\n<td class=\"text-center\">3:0<\/td>\n<td class=\"text-center\">5:7<\/td>\n<\/tr>\n<tr>\n<td class=\"match-name hidden-md\">4-4<\/td>\n<td class=\"victory hidden-md hidden-lg\"><\/td>\n<td class=\"players\"><a tabindex=\"0\" title=\"\" role=\"button\" href=\"https:\/\/www.mytischtennis.de\/clicktt\/WTTV\/19-20\/ligen\/Herren-Bezirksklasse-Gruppe-5\/gruppe\/357192\/spielbericht\/11643324\/TuS-Sundern-III-vs-TuS-Bruchhausen-II\/#\" data-bind=\"playerPopover: { personId: 'NU1587620', clubNr: '113023' }\" data-original-title=\"\">Santolaya Cruz, Santiago <\/a><\/td>\n<td class=\"victory hidden-md hidden-lg\"><\/td>\n<td class=\"players\"><a tabindex=\"0\" title=\"\" role=\"button\" href=\"https:\/\/www.mytischtennis.de\/clicktt\/WTTV\/19-20\/ligen\/Herren-Bezirksklasse-Gruppe-5\/gruppe\/357192\/spielbericht\/11643324\/TuS-Sundern-III-vs-TuS-Bruchhausen-II\/#\" data-bind=\"playerPopover: { personId: 'NU426957', clubNr: '113018' }\" data-original-title=\"\">Willeke, Fabian <\/a><\/td>\n<td class=\"balls \">11:6<\/td>\n<td class=\"balls in-deuce\">12:14<\/td>\n<td class=\"balls in-deuce\">13:11<\/td>\n<td class=\"balls \">9:11<\/td>\n<td class=\"balls \">3:11<\/td>\n<td class=\"text-center\">2:3<\/td>\n<td class=\"text-center\">5:8<\/td>\n<\/tr>\n<tr>\n<td class=\"match-name hidden-md\">5-5<\/td>\n<td class=\"victory hidden-md hidden-lg\"><\/td>\n<td class=\"players\"><a tabindex=\"0\" title=\"\" role=\"button\" href=\"https:\/\/www.mytischtennis.de\/clicktt\/WTTV\/19-20\/ligen\/Herren-Bezirksklasse-Gruppe-5\/gruppe\/357192\/spielbericht\/11643324\/TuS-Sundern-III-vs-TuS-Bruchhausen-II\/#\" data-bind=\"playerPopover: { personId: 'NU487450', clubNr: '113023' }\" data-original-title=\"\">Grun, Christian <\/a><\/td>\n<td class=\"victory hidden-md hidden-lg\"><\/td>\n<td class=\"players\"><a tabindex=\"0\" title=\"\" role=\"button\" href=\"https:\/\/www.mytischtennis.de\/clicktt\/WTTV\/19-20\/ligen\/Herren-Bezirksklasse-Gruppe-5\/gruppe\/357192\/spielbericht\/11643324\/TuS-Sundern-III-vs-TuS-Bruchhausen-II\/#\" data-bind=\"playerPopover: { personId: 'NU425312', clubNr: '113018' }\" data-original-title=\"\">Niemand, Benedikt <\/a><\/td>\n<td class=\"balls \">11:7<\/td>\n<td class=\"balls \">7:11<\/td>\n<td class=\"balls \">8:11<\/td>\n<td class=\"balls \">9:11<\/td>\n<td class=\"balls balls-empty\"><\/td>\n<td class=\"text-center\">1:3<\/td>\n<td class=\"text-center\">5:9<\/td>\n<\/tr>\n<tr>\n<td class=\"match-name hidden-md\">6-6<\/td>\n<td class=\"victory hidden-md hidden-lg\"><\/td>\n<td class=\"players\"><a tabindex=\"0\" title=\"\" role=\"button\" href=\"https:\/\/www.mytischtennis.de\/clicktt\/WTTV\/19-20\/ligen\/Herren-Bezirksklasse-Gruppe-5\/gruppe\/357192\/spielbericht\/11643324\/TuS-Sundern-III-vs-TuS-Bruchhausen-II\/#\" data-bind=\"playerPopover: { personId: 'NU281606', clubNr: '113023' }\" data-original-title=\"\">Sommer, Patricia <\/a><\/td>\n<td class=\"victory hidden-md hidden-lg\"><\/td>\n<td class=\"players\"><a tabindex=\"0\" title=\"\" role=\"button\" href=\"https:\/\/www.mytischtennis.de\/clicktt\/WTTV\/19-20\/ligen\/Herren-Bezirksklasse-Gruppe-5\/gruppe\/357192\/spielbericht\/11643324\/TuS-Sundern-III-vs-TuS-Bruchhausen-II\/#\" data-bind=\"playerPopover: { personId: 'NU426765', clubNr: '113018' }\" data-original-title=\"\">Walter, Josef <\/a><\/td>\n<td class=\"balls balls-empty\"><\/td>\n<td class=\"balls balls-empty\"><\/td>\n<td class=\"balls balls-empty\"><\/td>\n<td class=\"balls balls-empty\"><\/td>\n<td class=\"balls balls-empty\"><\/td>\n<td class=\"text-center\"><\/td>\n<td class=\"text-center\"><\/td>\n<\/tr>\n<tr class=\"divider visible-md\">\n<td colspan=\"9\"><\/td>\n<\/tr>\n<tr class=\"divider visible-lg\">\n<td colspan=\"10\"><\/td>\n<\/tr>\n<tr class=\"divider visible-xl\">\n<td colspan=\"12\"><\/td>\n<\/tr>\n<tr>\n<td class=\"match-name hidden-md\">D1-D1<\/td>\n<td class=\"victory hidden-md hidden-lg\"><\/td>\n<td class=\"players\"><a tabindex=\"0\" title=\"\" role=\"button\" href=\"https:\/\/www.mytischtennis.de\/clicktt\/WTTV\/19-20\/ligen\/Herren-Bezirksklasse-Gruppe-5\/gruppe\/357192\/spielbericht\/11643324\/TuS-Sundern-III-vs-TuS-Bruchhausen-II\/#\" data-bind=\"playerPopover: { personId: 'NU281589', clubNr: '113023' }\" data-original-title=\"\">Sommer, Heinz <\/a>\/<br \/>\n<a tabindex=\"0\" title=\"\" role=\"button\" href=\"https:\/\/www.mytischtennis.de\/clicktt\/WTTV\/19-20\/ligen\/Herren-Bezirksklasse-Gruppe-5\/gruppe\/357192\/spielbericht\/11643324\/TuS-Sundern-III-vs-TuS-Bruchhausen-II\/#\" data-bind=\"playerPopover: { personId: 'NU1587620', clubNr: '113023' }\" data-original-title=\"\">Santolaya Cruz, Santiago <\/a><\/td>\n<td class=\"victory hidden-md hidden-lg\"><\/td>\n<td class=\"players\"><a tabindex=\"0\" title=\"\" role=\"button\" href=\"https:\/\/www.mytischtennis.de\/clicktt\/WTTV\/19-20\/ligen\/Herren-Bezirksklasse-Gruppe-5\/gruppe\/357192\/spielbericht\/11643324\/TuS-Sundern-III-vs-TuS-Bruchhausen-II\/#\" data-bind=\"playerPopover: { personId: 'NU424904', clubNr: '113018' }\" data-original-title=\"\">Macioszek, Christian <\/a>\/<br \/>\n<a tabindex=\"0\" title=\"\" role=\"button\" href=\"https:\/\/www.mytischtennis.de\/clicktt\/WTTV\/19-20\/ligen\/Herren-Bezirksklasse-Gruppe-5\/gruppe\/357192\/spielbericht\/11643324\/TuS-Sundern-III-vs-TuS-Bruchhausen-II\/#\" data-bind=\"playerPopover: { personId: 'NU426957', clubNr: '113018' }\" data-original-title=\"\">Willeke, Fabian <\/a><\/td>\n<td class=\"balls balls-empty\"><\/td>\n<td class=\"balls balls-empty\"><\/td>\n<td class=\"balls balls-empty\"><\/td>\n<td class=\"balls balls-empty\"><\/td>\n<td class=\"balls balls-empty\"><\/td>\n<td class=\"text-center\"><\/td>\n<td class=\"text-center\"><\/td>\n<\/tr>\n<tr class=\"summary\">\n<td class=\"visible-md\" colspan=\"2\"><\/td>\n<td class=\"visible-lg\" colspan=\"3\"><\/td>\n<td class=\"visible-xl visible-sm\" colspan=\"5\"><\/td>\n<td class=\"text-center\" colspan=\"5\">B\u00e4lle 493:532<\/td>\n<td class=\"text-center\">22:30<\/td>\n<td class=\"text-center\">5:9<\/td>\n<\/tr>\n<\/tbody>\n<\/table>\n<p>&nbsp;<\/p>\n<table class=\"table table-mytt table-striped table-bordered table-mini-xs table-mini-sm table-mini-md\">\n<thead>\n<tr>\n<th class=\"only-icon\"><\/th>\n<th class=\"visible-lg visible-xl text-center\">Rang<\/th>\n<th>Mannschaft<\/th>\n<th class=\"hidden-xs text-center\"><abbr title=\"Begegnungen\">Beg.<\/abbr><\/th>\n<th class=\"text-center\">S<\/th>\n<th class=\"text-center\">U<\/th>\n<th class=\"text-center\">N<\/th>\n<th class=\"hidden-xss text-center\">Spiele<\/th>\n<th class=\"hidden-xs hidden-md text-center\">+\/-<\/th>\n<th class=\"text-center\">Punkte<\/th>\n<\/tr>\n<\/thead>\n<tbody>\n<tr>\n<td class=\"only-icon text-center\"><\/td>\n<td class=\"visible-lg visible-xl text-center\">1<\/td>\n<td><span class=\"hidden-lg hidden-xl\">1.<\/span><a href=\"https:\/\/www.mytischtennis.de\/clicktt\/WTTV\/19-20\/ligen\/Herren-Bezirksklasse-Gruppe-5\/gruppe\/357192\/mannschaft\/2233019\/TuS-Warstein\/spielerbilanzen\/rr\/\">TuS Warstein<\/a><\/td>\n<td class=\"hidden-xs text-center\">17<\/td>\n<td class=\"text-center\">17<\/td>\n<td class=\"text-center\">0<\/td>\n<td class=\"text-center\">0<\/td>\n<td class=\"hidden-xss text-center\"><a id=\"settooltip830404D3-A462-46DD-BEE9CD54E1B36AD2\"><\/a>153:31<em class=\"visible-xs-block\">+122<\/em><\/td>\n<td class=\"hidden-xs hidden-md text-center\">+122<\/td>\n<td class=\"text-center\">34:0<\/td>\n<\/tr>\n<tr>\n<td class=\"only-icon text-center\"><\/td>\n<td class=\"visible-lg visible-xl text-center\">2<\/td>\n<td><span class=\"hidden-lg hidden-xl\">2.<\/span><a href=\"https:\/\/www.mytischtennis.de\/clicktt\/WTTV\/19-20\/ligen\/Herren-Bezirksklasse-Gruppe-5\/gruppe\/357192\/mannschaft\/2230984\/TuS-Bad-Sassendorf-II\/spielerbilanzen\/rr\/\">TuS Bad Sassendorf II<\/a><\/td>\n<td class=\"hidden-xs text-center\">17<\/td>\n<td class=\"text-center\">13<\/td>\n<td class=\"text-center\">2<\/td>\n<td class=\"text-center\">2<\/td>\n<td class=\"hidden-xss text-center\"><a id=\"settooltip9D615014-2985-42A3-BC3E1EEF5E1FBD91\"><\/a>136:90<em class=\"visible-xs-block\">+46<\/em><\/td>\n<td class=\"hidden-xs hidden-md text-center\">+46<\/td>\n<td class=\"text-center\">28:6<\/td>\n<\/tr>\n<tr>\n<td class=\"only-icon text-center\"><\/td>\n<td class=\"visible-lg visible-xl text-center\">3<\/td>\n<td><span class=\"hidden-lg hidden-xl\">3.<\/span><a href=\"https:\/\/www.mytischtennis.de\/clicktt\/WTTV\/19-20\/ligen\/Herren-Bezirksklasse-Gruppe-5\/gruppe\/357192\/mannschaft\/2228524\/TTC-turflon-Werl-II\/spielerbilanzen\/rr\/\">TTC turflon Werl II<\/a><\/td>\n<td class=\"hidden-xs text-center\">17<\/td>\n<td class=\"text-center\">11<\/td>\n<td class=\"text-center\">0<\/td>\n<td class=\"text-center\">6<\/td>\n<td class=\"hidden-xss text-center\"><a id=\"settooltip1BBD4B5D-AB2C-4150-98DC5CD8C6282A80\"><\/a>120:87<em class=\"visible-xs-block\">+33<\/em><\/td>\n<td class=\"hidden-xs hidden-md text-center\">+33<\/td>\n<td class=\"text-center\">22:12<\/td>\n<\/tr>\n<tr>\n<td class=\"only-icon text-center\"><\/td>\n<td class=\"visible-lg visible-xl text-center\">4<\/td>\n<td><span class=\"hidden-lg hidden-xl\">4.<\/span><a href=\"https:\/\/www.mytischtennis.de\/clicktt\/WTTV\/19-20\/ligen\/Herren-Bezirksklasse-Gruppe-5\/gruppe\/357192\/mannschaft\/2227773\/DJK-Erwitte\/spielerbilanzen\/rr\/\">DJK Erwitte<\/a><\/td>\n<td class=\"hidden-xs text-center\">17<\/td>\n<td class=\"text-center\">9<\/td>\n<td class=\"text-center\">1<\/td>\n<td class=\"text-center\">7<\/td>\n<td class=\"hidden-xss text-center\"><a id=\"settooltipCF997595-470F-430A-8237863BA4AC80C3\"><\/a>116:109<em class=\"visible-xs-block\">+7<\/em><\/td>\n<td class=\"hidden-xs hidden-md text-center\">+7<\/td>\n<td class=\"text-center\">19:15<\/td>\n<\/tr>\n<tr>\n<td class=\"only-icon text-center\"><\/td>\n<td class=\"visible-lg visible-xl text-center\">5<\/td>\n<td><span class=\"hidden-lg hidden-xl\">5.<\/span><a href=\"https:\/\/www.mytischtennis.de\/clicktt\/WTTV\/19-20\/ligen\/Herren-Bezirksklasse-Gruppe-5\/gruppe\/357192\/mannschaft\/2227975\/TV-Fredeburg-II\/spielerbilanzen\/rr\/\">TV Fredeburg II<\/a><\/td>\n<td class=\"hidden-xs text-center\">17<\/td>\n<td class=\"text-center\">9<\/td>\n<td class=\"text-center\">0<\/td>\n<td class=\"text-center\">8<\/td>\n<td class=\"hidden-xss text-center\"><a id=\"settooltip7DB9C115-935B-4606-9447D6B89A34B283\"><\/a>114:96<em class=\"visible-xs-block\">+18<\/em><\/td>\n<td class=\"hidden-xs hidden-md text-center\">+18<\/td>\n<td class=\"text-center\">18:16<\/td>\n<\/tr>\n<tr>\n<td class=\"only-icon text-center\"><\/td>\n<td class=\"visible-lg visible-xl text-center\">6<\/td>\n<td><span class=\"hidden-lg hidden-xl\">6.<\/span><a href=\"https:\/\/www.mytischtennis.de\/clicktt\/WTTV\/19-20\/ligen\/Herren-Bezirksklasse-Gruppe-5\/gruppe\/357192\/mannschaft\/2232863\/DJK-SR-Cappel-II\/spielerbilanzen\/rr\/\">DJK SR Cappel II<\/a><\/td>\n<td class=\"hidden-xs text-center\">17<\/td>\n<td class=\"text-center\">7<\/td>\n<td class=\"text-center\">3<\/td>\n<td class=\"text-center\">7<\/td>\n<td class=\"hidden-xss text-center\"><a id=\"settooltip183D7A74-2174-4E69-B7947140AE607A20\"><\/a>114:124<em class=\"visible-xs-block\">-10<\/em><\/td>\n<td class=\"hidden-xs hidden-md text-center\">-10<\/td>\n<td class=\"text-center\">17:17<\/td>\n<\/tr>\n<tr>\n<td class=\"only-icon text-center\"><\/td>\n<td class=\"visible-lg visible-xl text-center\">7<\/td>\n<td><span class=\"hidden-lg hidden-xl\">7.<\/span><a href=\"https:\/\/www.mytischtennis.de\/clicktt\/WTTV\/19-20\/ligen\/Herren-Bezirksklasse-Gruppe-5\/gruppe\/357192\/mannschaft\/2229230\/TTV-Neheim-Huesten-III\/spielerbilanzen\/rr\/\">TTV Neheim-H\u00fcsten III<\/a><\/td>\n<td class=\"hidden-xs text-center\">17<\/td>\n<td class=\"text-center\">8<\/td>\n<td class=\"text-center\">1<\/td>\n<td class=\"text-center\">8<\/td>\n<td class=\"hidden-xss text-center\"><a id=\"settooltip19FDFFE0-FDB2-4FD8-A2EB8AFBEBCFBD5B\"><\/a>101:111<em class=\"visible-xs-block\">-10<\/em><\/td>\n<td class=\"hidden-xs hidden-md text-center\">-10<\/td>\n<td class=\"text-center\">17:17<\/td>\n<\/tr>\n<tr>\n<td class=\"only-icon text-center\"><\/td>\n<td class=\"visible-lg visible-xl text-center\">8<\/td>\n<td><span class=\"hidden-lg hidden-xl\">8.<\/span><a href=\"https:\/\/www.mytischtennis.de\/clicktt\/WTTV\/19-20\/ligen\/Herren-Bezirksklasse-Gruppe-5\/gruppe\/357192\/mannschaft\/2228156\/SV-RW-Westoennen\/spielerbilanzen\/rr\/\">SV RW West\u00f6nnen<\/a><\/td>\n<td class=\"hidden-xs text-center\">17<\/td>\n<td class=\"text-center\">7<\/td>\n<td class=\"text-center\">1<\/td>\n<td class=\"text-center\">9<\/td>\n<td class=\"hidden-xss text-center\"><a id=\"settooltip6B642DD5-8C0A-4947-82F1E4E82A4FD96A\"><\/a>108:117<em class=\"visible-xs-block\">-9<\/em><\/td>\n<td class=\"hidden-xs hidden-md text-center\">-9<\/td>\n<td class=\"text-center\">15:19<\/td>\n<\/tr>\n<tr>\n<td class=\"only-icon text-center\"><\/td>\n<td class=\"visible-lg visible-xl text-center\">9<\/td>\n<td><span class=\"hidden-lg hidden-xl\">9.<\/span><a href=\"https:\/\/www.mytischtennis.de\/clicktt\/WTTV\/19-20\/ligen\/Herren-Bezirksklasse-Gruppe-5\/gruppe\/357192\/mannschaft\/2229419\/SV-BW-Eickelborn\/spielerbilanzen\/rr\/\">SV BW Eickelborn<\/a><\/td>\n<td class=\"hidden-xs text-center\">17<\/td>\n<td class=\"text-center\">6<\/td>\n<td class=\"text-center\">1<\/td>\n<td class=\"text-center\">10<\/td>\n<td class=\"hidden-xss text-center\"><a id=\"settooltip7A8A5F03-5CF0-4EE3-A4C4CDF53BD337B2\"><\/a>103:131<em class=\"visible-xs-block\">-28<\/em><\/td>\n<td class=\"hidden-xs hidden-md text-center\">-28<\/td>\n<td class=\"text-center\">13:21<\/td>\n<\/tr>\n<tr>\n<td class=\"only-icon text-center\"><\/td>\n<td class=\"visible-lg visible-xl text-center\">10<\/td>\n<td><span class=\"hidden-lg hidden-xl\">10.<\/span><a href=\"https:\/\/www.mytischtennis.de\/clicktt\/WTTV\/19-20\/ligen\/Herren-Bezirksklasse-Gruppe-5\/gruppe\/357192\/mannschaft\/2229121\/TuS-Sundern-III\/spielerbilanzen\/rr\/\">TuS Sundern III<\/a><\/td>\n<td class=\"hidden-xs text-center\">17<\/td>\n<td class=\"text-center\">5<\/td>\n<td class=\"text-center\">0<\/td>\n<td class=\"text-center\">12<\/td>\n<td class=\"hidden-xss text-center\"><a id=\"settooltip97EA1CF8-3E37-445C-8F79E6D78A8A9552\"><\/a>99:137<em class=\"visible-xs-block\">-38<\/em><\/td>\n<td class=\"hidden-xs hidden-md text-center\">-38<\/td>\n<td class=\"text-center\">10:24<\/td>\n<\/tr>\n<tr>\n<td class=\"only-icon text-center\"><\/td>\n<td class=\"visible-lg visible-xl text-center\">11<\/td>\n<td><span class=\"hidden-lg hidden-xl\">11.<\/span><a href=\"https:\/\/www.mytischtennis.de\/clicktt\/WTTV\/19-20\/ligen\/Herren-Bezirksklasse-Gruppe-5\/gruppe\/357192\/mannschaft\/2231303\/TuS-Bruchhausen-II\/spielerbilanzen\/rr\/\">TuS Bruchhausen II<\/a><\/td>\n<td class=\"hidden-xs text-center\">17<\/td>\n<td class=\"text-center\">3<\/td>\n<td class=\"text-center\">1<\/td>\n<td class=\"text-center\">13<\/td>\n<td class=\"hidden-xss text-center\"><a id=\"settooltipC75F986D-4752-472E-8C213BCDF842101E\"><\/a>92:143<em class=\"visible-xs-block\">-51<\/em><\/td>\n<td class=\"hidden-xs hidden-md text-center\">-51<\/td>\n<td class=\"text-center\">7:27<\/td>\n<\/tr>\n<tr>\n<td class=\"only-icon text-center\"><\/td>\n<td class=\"visible-lg visible-xl text-center\">12<\/td>\n<td><span class=\"hidden-lg hidden-xl\">12.<\/span><a href=\"https:\/\/www.mytischtennis.de\/clicktt\/WTTV\/19-20\/ligen\/Herren-Bezirksklasse-Gruppe-5\/gruppe\/357192\/mannschaft\/2229991\/TV-Wickede\/spielerbilanzen\/rr\/\">TV Wickede<\/a><\/td>\n<td class=\"hidden-xs text-center\">17<\/td>\n<td class=\"text-center\">2<\/td>\n<td class=\"text-center\">0<\/td>\n<td class=\"text-center\">15<\/td>\n<td class=\"hidden-xss text-center\"><a id=\"settooltip9A221E0D-825D-44C4-85A686E6B0535BBD\"><\/a>68:148<em class=\"visible-xs-block\">-80<\/em><\/td>\n<td class=\"hidden-xs hidden-md text-center\">-80<\/td>\n<td class=\"text-center\">4:30<\/td>\n<\/tr>\n<\/tbody>\n<\/table>\n<p>&nbsp;<\/p>\n<p>&nbsp;<\/p>\n<p>&nbsp;<\/p>\n<p>&nbsp;<\/p>\n<p>&nbsp;<\/p>\n<p>&nbsp;<\/p>\n<p>&nbsp;<\/p>\n<p>&nbsp;<\/p>\n<p>&nbsp;<\/p>\n","protected":false},"excerpt":{"rendered":"<p>Zu einem Endspiel im Abstiegskampf kam es f\u00fcr die Zweite am aktuellen Spieltag in Sundern. Wollte man noch eine minimale Chance haben die Klasse zu  [&#8230;]<\/p>\n","protected":false},"author":4,"featured_media":1562,"comment_status":"closed","ping_status":"closed","sticky":false,"template":"","format":"standard","meta":{"kia_subtitle":"Wichtige Punkte im Abstiegskampf","_themeisle_gutenberg_block_has_review":false,"footnotes":""},"categories":[4],"tags":[],"class_list":["post-5258","post","type-post","status-publish","format-standard","has-post-thumbnail","hentry","category-2-mannschaft"],"yoast_head":"<!-- This site is optimized with the Yoast SEO plugin v28.4 - https:\/\/yoast.com\/product\/yoast-seo-wordpress\/ -->\n<title>Zweite gewinnt in Sundern - TuS Bruchhausen 02 - TT Abteilung<\/title>\n<meta name=\"robots\" content=\"index, follow, max-snippet:-1, max-image-preview:large, max-video-preview:-1\" \/>\n<link rel=\"canonical\" href=\"http:\/\/tt-bruchhausen.de\/Web\/zweite-gewinnt-in-sundern\/\" \/>\n<meta property=\"og:locale\" content=\"de_DE\" \/>\n<meta property=\"og:type\" content=\"article\" \/>\n<meta property=\"og:title\" content=\"Zweite gewinnt in Sundern - TuS Bruchhausen 02 - TT Abteilung\" \/>\n<meta property=\"og:description\" content=\"Zu einem Endspiel im Abstiegskampf kam es f\u00fcr die Zweite am aktuellen Spieltag in Sundern. Wollte man noch eine minimale Chance haben die Klasse zu [...]\" \/>\n<meta property=\"og:url\" content=\"http:\/\/tt-bruchhausen.de\/Web\/zweite-gewinnt-in-sundern\/\" \/>\n<meta property=\"og:site_name\" content=\"TuS Bruchhausen 02 - TT Abteilung\" \/>\n<meta property=\"article:published_time\" content=\"2020-03-01T16:18:20+00:00\" \/>\n<meta property=\"article:modified_time\" content=\"2020-03-01T16:18:32+00:00\" \/>\n<meta property=\"og:image\" content=\"http:\/\/tt-bruchhausen.de\/Web\/wp-content\/uploads\/2015\/03\/netz_ball1000pix.jpg\" \/>\n\t<meta property=\"og:image:width\" content=\"1000\" \/>\n\t<meta property=\"og:image:height\" content=\"666\" \/>\n\t<meta property=\"og:image:type\" content=\"image\/jpeg\" \/>\n<meta name=\"author\" content=\"Fabian Willeke\" \/>\n<meta name=\"twitter:card\" content=\"summary_large_image\" \/>\n<meta name=\"twitter:label1\" content=\"Verfasst von\" \/>\n\t<meta name=\"twitter:data1\" content=\"Fabian Willeke\" \/>\n\t<meta name=\"twitter:label2\" content=\"Gesch\u00e4tzte Lesezeit\" \/>\n\t<meta name=\"twitter:data2\" content=\"4\u00a0Minuten\" \/>\n<script type=\"application\/ld+json\" class=\"yoast-schema-graph\">{\"@context\":\"https:\\\/\\\/schema.org\",\"@graph\":[{\"@type\":\"Article\",\"@id\":\"http:\\\/\\\/tt-bruchhausen.de\\\/Web\\\/zweite-gewinnt-in-sundern\\\/#article\",\"isPartOf\":{\"@id\":\"http:\\\/\\\/tt-bruchhausen.de\\\/Web\\\/zweite-gewinnt-in-sundern\\\/\"},\"author\":{\"name\":\"Fabian Willeke\",\"@id\":\"http:\\\/\\\/tt-bruchhausen.de\\\/Web\\\/#\\\/schema\\\/person\\\/7c735958f443bed6480f227cb3676192\"},\"headline\":\"Zweite gewinnt in Sundern\",\"datePublished\":\"2020-03-01T16:18:20+00:00\",\"dateModified\":\"2020-03-01T16:18:32+00:00\",\"mainEntityOfPage\":{\"@id\":\"http:\\\/\\\/tt-bruchhausen.de\\\/Web\\\/zweite-gewinnt-in-sundern\\\/\"},\"wordCount\":733,\"image\":{\"@id\":\"http:\\\/\\\/tt-bruchhausen.de\\\/Web\\\/zweite-gewinnt-in-sundern\\\/#primaryimage\"},\"thumbnailUrl\":\"http:\\\/\\\/tt-bruchhausen.de\\\/Web\\\/wp-content\\\/uploads\\\/2015\\\/03\\\/netz_ball1000pix.jpg\",\"articleSection\":[\"2. Mannschaft\"],\"inLanguage\":\"de\"},{\"@type\":\"WebPage\",\"@id\":\"http:\\\/\\\/tt-bruchhausen.de\\\/Web\\\/zweite-gewinnt-in-sundern\\\/\",\"url\":\"http:\\\/\\\/tt-bruchhausen.de\\\/Web\\\/zweite-gewinnt-in-sundern\\\/\",\"name\":\"Zweite gewinnt in Sundern - TuS Bruchhausen 02 - TT Abteilung\",\"isPartOf\":{\"@id\":\"http:\\\/\\\/tt-bruchhausen.de\\\/Web\\\/#website\"},\"primaryImageOfPage\":{\"@id\":\"http:\\\/\\\/tt-bruchhausen.de\\\/Web\\\/zweite-gewinnt-in-sundern\\\/#primaryimage\"},\"image\":{\"@id\":\"http:\\\/\\\/tt-bruchhausen.de\\\/Web\\\/zweite-gewinnt-in-sundern\\\/#primaryimage\"},\"thumbnailUrl\":\"http:\\\/\\\/tt-bruchhausen.de\\\/Web\\\/wp-content\\\/uploads\\\/2015\\\/03\\\/netz_ball1000pix.jpg\",\"datePublished\":\"2020-03-01T16:18:20+00:00\",\"dateModified\":\"2020-03-01T16:18:32+00:00\",\"author\":{\"@id\":\"http:\\\/\\\/tt-bruchhausen.de\\\/Web\\\/#\\\/schema\\\/person\\\/7c735958f443bed6480f227cb3676192\"},\"breadcrumb\":{\"@id\":\"http:\\\/\\\/tt-bruchhausen.de\\\/Web\\\/zweite-gewinnt-in-sundern\\\/#breadcrumb\"},\"inLanguage\":\"de\",\"potentialAction\":[{\"@type\":\"ReadAction\",\"target\":[\"http:\\\/\\\/tt-bruchhausen.de\\\/Web\\\/zweite-gewinnt-in-sundern\\\/\"]}]},{\"@type\":\"ImageObject\",\"inLanguage\":\"de\",\"@id\":\"http:\\\/\\\/tt-bruchhausen.de\\\/Web\\\/zweite-gewinnt-in-sundern\\\/#primaryimage\",\"url\":\"http:\\\/\\\/tt-bruchhausen.de\\\/Web\\\/wp-content\\\/uploads\\\/2015\\\/03\\\/netz_ball1000pix.jpg\",\"contentUrl\":\"http:\\\/\\\/tt-bruchhausen.de\\\/Web\\\/wp-content\\\/uploads\\\/2015\\\/03\\\/netz_ball1000pix.jpg\",\"width\":1000,\"height\":666},{\"@type\":\"BreadcrumbList\",\"@id\":\"http:\\\/\\\/tt-bruchhausen.de\\\/Web\\\/zweite-gewinnt-in-sundern\\\/#breadcrumb\",\"itemListElement\":[{\"@type\":\"ListItem\",\"position\":1,\"name\":\"Start\",\"item\":\"http:\\\/\\\/tt-bruchhausen.de\\\/Web\\\/\"},{\"@type\":\"ListItem\",\"position\":2,\"name\":\"Zweite gewinnt in Sundern\"}]},{\"@type\":\"WebSite\",\"@id\":\"http:\\\/\\\/tt-bruchhausen.de\\\/Web\\\/#website\",\"url\":\"http:\\\/\\\/tt-bruchhausen.de\\\/Web\\\/\",\"name\":\"TuS Bruchhausen 02 - TT Abteilung\",\"description\":\"Tischtennis im Entondorf\",\"potentialAction\":[{\"@type\":\"SearchAction\",\"target\":{\"@type\":\"EntryPoint\",\"urlTemplate\":\"http:\\\/\\\/tt-bruchhausen.de\\\/Web\\\/?s={search_term_string}\"},\"query-input\":{\"@type\":\"PropertyValueSpecification\",\"valueRequired\":true,\"valueName\":\"search_term_string\"}}],\"inLanguage\":\"de\"},{\"@type\":\"Person\",\"@id\":\"http:\\\/\\\/tt-bruchhausen.de\\\/Web\\\/#\\\/schema\\\/person\\\/7c735958f443bed6480f227cb3676192\",\"name\":\"Fabian Willeke\",\"image\":{\"@type\":\"ImageObject\",\"inLanguage\":\"de\",\"@id\":\"https:\\\/\\\/secure.gravatar.com\\\/avatar\\\/af5e7cc9f1c13b7bf8b459810c41d1270d104693cd0048ec11a10acb24a19def?s=96&d=mm&r=g\",\"url\":\"https:\\\/\\\/secure.gravatar.com\\\/avatar\\\/af5e7cc9f1c13b7bf8b459810c41d1270d104693cd0048ec11a10acb24a19def?s=96&d=mm&r=g\",\"contentUrl\":\"https:\\\/\\\/secure.gravatar.com\\\/avatar\\\/af5e7cc9f1c13b7bf8b459810c41d1270d104693cd0048ec11a10acb24a19def?s=96&d=mm&r=g\",\"caption\":\"Fabian Willeke\"},\"sameAs\":[\"http:\\\/\\\/TT-Bruchhausen.de\"],\"url\":\"http:\\\/\\\/tt-bruchhausen.de\\\/Web\\\/author\\\/fabian\\\/\"}]}<\/script>\n<!-- \/ Yoast SEO plugin. -->","yoast_head_json":{"title":"Zweite gewinnt in Sundern - TuS Bruchhausen 02 - TT Abteilung","robots":{"index":"index","follow":"follow","max-snippet":"max-snippet:-1","max-image-preview":"max-image-preview:large","max-video-preview":"max-video-preview:-1"},"canonical":"http:\/\/tt-bruchhausen.de\/Web\/zweite-gewinnt-in-sundern\/","og_locale":"de_DE","og_type":"article","og_title":"Zweite gewinnt in Sundern - TuS Bruchhausen 02 - TT Abteilung","og_description":"Zu einem Endspiel im Abstiegskampf kam es f\u00fcr die Zweite am aktuellen Spieltag in Sundern. Wollte man noch eine minimale Chance haben die Klasse zu [...]","og_url":"http:\/\/tt-bruchhausen.de\/Web\/zweite-gewinnt-in-sundern\/","og_site_name":"TuS Bruchhausen 02 - TT Abteilung","article_published_time":"2020-03-01T16:18:20+00:00","article_modified_time":"2020-03-01T16:18:32+00:00","og_image":[{"width":1000,"height":666,"url":"http:\/\/tt-bruchhausen.de\/Web\/wp-content\/uploads\/2015\/03\/netz_ball1000pix.jpg","type":"image\/jpeg"}],"author":"Fabian Willeke","twitter_card":"summary_large_image","twitter_misc":{"Verfasst von":"Fabian Willeke","Gesch\u00e4tzte Lesezeit":"4\u00a0Minuten"},"schema":{"@context":"https:\/\/schema.org","@graph":[{"@type":"Article","@id":"http:\/\/tt-bruchhausen.de\/Web\/zweite-gewinnt-in-sundern\/#article","isPartOf":{"@id":"http:\/\/tt-bruchhausen.de\/Web\/zweite-gewinnt-in-sundern\/"},"author":{"name":"Fabian Willeke","@id":"http:\/\/tt-bruchhausen.de\/Web\/#\/schema\/person\/7c735958f443bed6480f227cb3676192"},"headline":"Zweite gewinnt in Sundern","datePublished":"2020-03-01T16:18:20+00:00","dateModified":"2020-03-01T16:18:32+00:00","mainEntityOfPage":{"@id":"http:\/\/tt-bruchhausen.de\/Web\/zweite-gewinnt-in-sundern\/"},"wordCount":733,"image":{"@id":"http:\/\/tt-bruchhausen.de\/Web\/zweite-gewinnt-in-sundern\/#primaryimage"},"thumbnailUrl":"http:\/\/tt-bruchhausen.de\/Web\/wp-content\/uploads\/2015\/03\/netz_ball1000pix.jpg","articleSection":["2. Mannschaft"],"inLanguage":"de"},{"@type":"WebPage","@id":"http:\/\/tt-bruchhausen.de\/Web\/zweite-gewinnt-in-sundern\/","url":"http:\/\/tt-bruchhausen.de\/Web\/zweite-gewinnt-in-sundern\/","name":"Zweite gewinnt in Sundern - TuS Bruchhausen 02 - TT Abteilung","isPartOf":{"@id":"http:\/\/tt-bruchhausen.de\/Web\/#website"},"primaryImageOfPage":{"@id":"http:\/\/tt-bruchhausen.de\/Web\/zweite-gewinnt-in-sundern\/#primaryimage"},"image":{"@id":"http:\/\/tt-bruchhausen.de\/Web\/zweite-gewinnt-in-sundern\/#primaryimage"},"thumbnailUrl":"http:\/\/tt-bruchhausen.de\/Web\/wp-content\/uploads\/2015\/03\/netz_ball1000pix.jpg","datePublished":"2020-03-01T16:18:20+00:00","dateModified":"2020-03-01T16:18:32+00:00","author":{"@id":"http:\/\/tt-bruchhausen.de\/Web\/#\/schema\/person\/7c735958f443bed6480f227cb3676192"},"breadcrumb":{"@id":"http:\/\/tt-bruchhausen.de\/Web\/zweite-gewinnt-in-sundern\/#breadcrumb"},"inLanguage":"de","potentialAction":[{"@type":"ReadAction","target":["http:\/\/tt-bruchhausen.de\/Web\/zweite-gewinnt-in-sundern\/"]}]},{"@type":"ImageObject","inLanguage":"de","@id":"http:\/\/tt-bruchhausen.de\/Web\/zweite-gewinnt-in-sundern\/#primaryimage","url":"http:\/\/tt-bruchhausen.de\/Web\/wp-content\/uploads\/2015\/03\/netz_ball1000pix.jpg","contentUrl":"http:\/\/tt-bruchhausen.de\/Web\/wp-content\/uploads\/2015\/03\/netz_ball1000pix.jpg","width":1000,"height":666},{"@type":"BreadcrumbList","@id":"http:\/\/tt-bruchhausen.de\/Web\/zweite-gewinnt-in-sundern\/#breadcrumb","itemListElement":[{"@type":"ListItem","position":1,"name":"Start","item":"http:\/\/tt-bruchhausen.de\/Web\/"},{"@type":"ListItem","position":2,"name":"Zweite gewinnt in Sundern"}]},{"@type":"WebSite","@id":"http:\/\/tt-bruchhausen.de\/Web\/#website","url":"http:\/\/tt-bruchhausen.de\/Web\/","name":"TuS Bruchhausen 02 - TT Abteilung","description":"Tischtennis im Entondorf","potentialAction":[{"@type":"SearchAction","target":{"@type":"EntryPoint","urlTemplate":"http:\/\/tt-bruchhausen.de\/Web\/?s={search_term_string}"},"query-input":{"@type":"PropertyValueSpecification","valueRequired":true,"valueName":"search_term_string"}}],"inLanguage":"de"},{"@type":"Person","@id":"http:\/\/tt-bruchhausen.de\/Web\/#\/schema\/person\/7c735958f443bed6480f227cb3676192","name":"Fabian Willeke","image":{"@type":"ImageObject","inLanguage":"de","@id":"https:\/\/secure.gravatar.com\/avatar\/af5e7cc9f1c13b7bf8b459810c41d1270d104693cd0048ec11a10acb24a19def?s=96&d=mm&r=g","url":"https:\/\/secure.gravatar.com\/avatar\/af5e7cc9f1c13b7bf8b459810c41d1270d104693cd0048ec11a10acb24a19def?s=96&d=mm&r=g","contentUrl":"https:\/\/secure.gravatar.com\/avatar\/af5e7cc9f1c13b7bf8b459810c41d1270d104693cd0048ec11a10acb24a19def?s=96&d=mm&r=g","caption":"Fabian Willeke"},"sameAs":["http:\/\/TT-Bruchhausen.de"],"url":"http:\/\/tt-bruchhausen.de\/Web\/author\/fabian\/"}]}},"_links":{"self":[{"href":"http:\/\/tt-bruchhausen.de\/Web\/wp-json\/wp\/v2\/posts\/5258","targetHints":{"allow":["GET"]}}],"collection":[{"href":"http:\/\/tt-bruchhausen.de\/Web\/wp-json\/wp\/v2\/posts"}],"about":[{"href":"http:\/\/tt-bruchhausen.de\/Web\/wp-json\/wp\/v2\/types\/post"}],"author":[{"embeddable":true,"href":"http:\/\/tt-bruchhausen.de\/Web\/wp-json\/wp\/v2\/users\/4"}],"replies":[{"embeddable":true,"href":"http:\/\/tt-bruchhausen.de\/Web\/wp-json\/wp\/v2\/comments?post=5258"}],"version-history":[{"count":4,"href":"http:\/\/tt-bruchhausen.de\/Web\/wp-json\/wp\/v2\/posts\/5258\/revisions"}],"predecessor-version":[{"id":5269,"href":"http:\/\/tt-bruchhausen.de\/Web\/wp-json\/wp\/v2\/posts\/5258\/revisions\/5269"}],"wp:featuredmedia":[{"embeddable":true,"href":"http:\/\/tt-bruchhausen.de\/Web\/wp-json\/wp\/v2\/media\/1562"}],"wp:attachment":[{"href":"http:\/\/tt-bruchhausen.de\/Web\/wp-json\/wp\/v2\/media?parent=5258"}],"wp:term":[{"taxonomy":"category","embeddable":true,"href":"http:\/\/tt-bruchhausen.de\/Web\/wp-json\/wp\/v2\/categories?post=5258"},{"taxonomy":"post_tag","embeddable":true,"href":"http:\/\/tt-bruchhausen.de\/Web\/wp-json\/wp\/v2\/tags?post=5258"}],"curies":[{"name":"wp","href":"https:\/\/api.w.org\/{rel}","templated":true}]}}