{"id":5067,"date":"2019-10-06T09:16:12","date_gmt":"2019-10-06T07:16:12","guid":{"rendered":"http:\/\/tt-bruchhausen.de\/Web\/?p=5067"},"modified":"2019-10-13T11:49:49","modified_gmt":"2019-10-13T09:49:49","slug":"zweite-verliert-bei-aufstiegsaspirant","status":"publish","type":"post","link":"http:\/\/tt-bruchhausen.de\/Web\/zweite-verliert-bei-aufstiegsaspirant\/","title":{"rendered":"Zweite verliert bei Aufstiegsaspirant"},"content":{"rendered":"<p>Ohne Dirk K\u00f6sling und Frank Storm, daf\u00fcr mit Josef Walter und Janik van Bargen trat die Zweite zur schweren Ausw\u00e4rtsaufgabe in Bad Fredeburg an. Fredeburg geh\u00f6rt nominell zu den st\u00e4rksten Teams der Klasse, aber auch sie waren an diesem Tag ersatzgest\u00e4rkt an die Platten getreten.<\/p>\n<table width=\"576\">\n<tbody>\n<tr>\n<td colspan=\"2\" width=\"237\">TV Fredeburg II<\/td>\n<td width=\"60\">Doppel<\/td>\n<td width=\"31\"><\/td>\n<td colspan=\"2\" width=\"188\">TUS Bruchhausen II<\/td>\n<td width=\"60\">Doppel<\/td>\n<\/tr>\n<tr>\n<td>Linn<\/td>\n<td>Frank<\/td>\n<td style=\"text-align: center;\">2<\/td>\n<td><\/td>\n<td>Macioszek<\/td>\n<td>Christian<\/td>\n<td style=\"text-align: center;\">1<\/td>\n<\/tr>\n<tr>\n<td>Mertens<\/td>\n<td>Florian<\/td>\n<td style=\"text-align: center;\">3<\/td>\n<td><\/td>\n<td>Volpert<\/td>\n<td>Dieter<\/td>\n<td style=\"text-align: center;\">2<\/td>\n<\/tr>\n<tr>\n<td>Schn\u00fcpke<\/td>\n<td>Lars<\/td>\n<td style=\"text-align: center;\">1<\/td>\n<td><\/td>\n<td>Niemand<\/td>\n<td>Benedikt<\/td>\n<td style=\"text-align: center;\">2<\/td>\n<\/tr>\n<tr>\n<td>V\u00f6llmecke<\/td>\n<td>Joschka<\/td>\n<td style=\"text-align: center;\">1<\/td>\n<td><\/td>\n<td>Walter<\/td>\n<td>Josef<\/td>\n<td style=\"text-align: center;\">3<\/td>\n<\/tr>\n<tr>\n<td>Linn<\/td>\n<td>Sebastian<\/td>\n<td style=\"text-align: center;\">3<\/td>\n<td><\/td>\n<td>Willeke<\/td>\n<td>Fabian<\/td>\n<td style=\"text-align: center;\">1<\/td>\n<\/tr>\n<tr>\n<td>Heckmann<\/td>\n<td>Nadine<\/td>\n<td style=\"text-align: center;\">2<\/td>\n<td><\/td>\n<td>van Bargen<\/td>\n<td>Janik<\/td>\n<td style=\"text-align: center;\">3<\/td>\n<\/tr>\n<\/tbody>\n<\/table>\n<p>Das Topdoppel Macioszek\/Willeke l\u00f6ste seine Aufgabe relativ sicher. Es gelang ihnen sehr gut Frank Linn aus dem Spiel zu nehmen und so zum Erfolg zu kommen. Ebenfalls erfolgreich waren Walter\/van Bargen. Beide taten sich zu Anfang schwer, aber nachdem Walter sich selbst mehr und mehr zur\u00fccknahm und seinem jungen Mitstreiter das punkten \u00fcberlie\u00df, war der Sieg f\u00fcr die Zweite sicher. Schwer taten sich dagegen Volpert und Niemand. Gegen das eingespielte Doppel der Gastgeber hatten sie an diesem Tag nicht viel zu bestellen und gaben ab.<\/p>\n<p>Die Geschichte der Einzel in der ersten Halbserie ist schnell erz\u00e4hlt. Oberes und mittleres Paarkreuz ging v\u00f6llig verdient und absolut souver\u00e4n an die Gastgeber. Hier zeigte sich, wer die st\u00e4rkeren Einzelakteure in seinen Reihen hat. Unten konnte man jedoch Spiele auf Augenh\u00f6he erwarten. Van Bargen hielt gegen Linn gut mit, machte sich aber teilweise selbst das Leben schwer, wurde zum Ende hin fahriger und gab in f\u00fcnf S\u00e4tzen ab. Willeke gewann die S\u00e4tze eins, drei und f\u00fcnf klar und souver\u00e4n, warum er sich in den S\u00e4tzen zwei und vier eine gedankliche Pause nahm um &#8222;Blinde-Kuh&#8220; zu spielen wird wohl sein Geheimnis bleiben.<\/p>\n<p>3:6 zur Halbzeit lie\u00df es fast unm\u00f6glich erscheinen hier noch etwas z\u00e4hlbares mitzunehmen.<\/p>\n<p>Im Duell der Topleute hielt Macioszek teils gut mit, konnte sogar einen Satz gewinnen. Am Ende setze sich jedoch das st\u00e4rkere Spiel von Linn durch. Volpert f\u00fchrte gleichzeitig ein enges Gefecht gegen Mertens. Immer wieder gelang es Dieter, sein Spiel durchzusetzen. Nach einem katastrophalen 0:5-Start im Entscheidungssatz neigte sich das Pendel jedoch zu Gunsten der Gastgeber.<\/p>\n<p>Niemand musste anschlie\u00dfend gegen Schn\u00fcpke an die Platte. Benedikt machte seine Sache sehr gut, konnte das Spiel bis zuletzt offen halten und musste sich erst im Entscheidungssatz geschlagen geben.<\/p>\n<p>Somit eine recht deutliche, aber auch zu erwartende 3:9-Schlappe aus Sicht des TUS. Die erforderlichen Punkte gegen den Abstieg m\u00fcssen an einem anderen Tag gewonnen werden.<\/p>\n<table class=\"hidden-xs table table-mytt table-striped table-mini table-game-report\">\n<thead>\n<tr>\n<th class=\"hidden-md\"><\/th>\n<th class=\"hidden-lg hidden-md\"><\/th>\n<th title=\"TV Fredeburg II\">Heim<\/th>\n<th class=\"hidden-lg hidden-md\"><\/th>\n<th title=\"TuS Bruchhausen II\">Gast<\/th>\n<th class=\"text-center\">S1<\/th>\n<th class=\"text-center\">S2<\/th>\n<th class=\"text-center\">S3<\/th>\n<th class=\"text-center\">S4<\/th>\n<th class=\"text-center\">S5<\/th>\n<th>S\u00e4tze<\/th>\n<th><span class=\"hidden-md\">Gesamt<\/span><span class=\"visible-md\" title=\"Gesamt\">Ges.<\/span><\/th>\n<\/tr>\n<\/thead>\n<tbody>\n<tr>\n<td class=\"match-name hidden-md\">D1-D2<\/td>\n<td class=\"victory hidden-md hidden-lg\"><\/td>\n<td class=\"players\"><a tabindex=\"0\" title=\"\" role=\"button\" href=\"https:\/\/www.mytischtennis.de\/clicktt\/WTTV\/19-20\/ligen\/Herren-Bezirksklasse-Gruppe-5\/gruppe\/357192\/spielbericht\/11643306\/TV-Fredeburg-II-vs-TuS-Bruchhausen-II\/#\" data-bind=\"playerPopover: { personId: 'NU276471', clubNr: '113009' }\" data-original-title=\"\">Schn\u00fcpke, Lars <\/a>\/<br \/>\n<a tabindex=\"0\" title=\"\" role=\"button\" href=\"https:\/\/www.mytischtennis.de\/clicktt\/WTTV\/19-20\/ligen\/Herren-Bezirksklasse-Gruppe-5\/gruppe\/357192\/spielbericht\/11643306\/TV-Fredeburg-II-vs-TuS-Bruchhausen-II\/#\" data-bind=\"playerPopover: { personId: 'NU290068', clubNr: '113009' }\" data-original-title=\"\">V\u00f6llmecke, Joschka <\/a><\/td>\n<td class=\"victory hidden-md hidden-lg\"><\/td>\n<td class=\"players\"><a tabindex=\"0\" title=\"\" role=\"button\" href=\"https:\/\/www.mytischtennis.de\/clicktt\/WTTV\/19-20\/ligen\/Herren-Bezirksklasse-Gruppe-5\/gruppe\/357192\/spielbericht\/11643306\/TV-Fredeburg-II-vs-TuS-Bruchhausen-II\/#\" data-bind=\"playerPopover: { personId: 'NU290124', clubNr: '113018' }\" data-original-title=\"\">Volpert, Dieter <\/a>\/<br \/>\n<a tabindex=\"0\" title=\"\" role=\"button\" href=\"https:\/\/www.mytischtennis.de\/clicktt\/WTTV\/19-20\/ligen\/Herren-Bezirksklasse-Gruppe-5\/gruppe\/357192\/spielbericht\/11643306\/TV-Fredeburg-II-vs-TuS-Bruchhausen-II\/#\" data-bind=\"playerPopover: { personId: 'NU425312', clubNr: '113018' }\" data-original-title=\"\">Niemand, Benedikt <\/a><\/td>\n<td class=\"balls \">11:8<\/td>\n<td class=\"balls \">11:8<\/td>\n<td class=\"balls \">11:7<\/td>\n<td class=\"balls balls-empty\"><\/td>\n<td class=\"balls balls-empty\"><\/td>\n<td class=\"text-center\">3:0<\/td>\n<td class=\"text-center\">1:0<\/td>\n<\/tr>\n<tr>\n<td class=\"match-name hidden-md\">D2-D1<\/td>\n<td class=\"victory hidden-md hidden-lg\"><\/td>\n<td class=\"players\"><a tabindex=\"0\" title=\"\" role=\"button\" href=\"https:\/\/www.mytischtennis.de\/clicktt\/WTTV\/19-20\/ligen\/Herren-Bezirksklasse-Gruppe-5\/gruppe\/357192\/spielbericht\/11643306\/TV-Fredeburg-II-vs-TuS-Bruchhausen-II\/#\" data-bind=\"playerPopover: { personId: 'NU251749', clubNr: '113009' }\" data-original-title=\"\">Linn, Frank <\/a>\/<br \/>\n<a tabindex=\"0\" title=\"\" role=\"button\" href=\"https:\/\/www.mytischtennis.de\/clicktt\/WTTV\/19-20\/ligen\/Herren-Bezirksklasse-Gruppe-5\/gruppe\/357192\/spielbericht\/11643306\/TV-Fredeburg-II-vs-TuS-Bruchhausen-II\/#\" data-bind=\"playerPopover: { personId: 'NU231102', clubNr: '113009' }\" data-original-title=\"\">Heckmann, Nadine <\/a><\/td>\n<td class=\"victory hidden-md hidden-lg\"><\/td>\n<td class=\"players\"><a tabindex=\"0\" title=\"\" role=\"button\" href=\"https:\/\/www.mytischtennis.de\/clicktt\/WTTV\/19-20\/ligen\/Herren-Bezirksklasse-Gruppe-5\/gruppe\/357192\/spielbericht\/11643306\/TV-Fredeburg-II-vs-TuS-Bruchhausen-II\/#\" data-bind=\"playerPopover: { personId: 'NU424904', clubNr: '113018' }\" data-original-title=\"\">Macioszek, Christian <\/a>\/<br \/>\n<a tabindex=\"0\" title=\"\" role=\"button\" href=\"https:\/\/www.mytischtennis.de\/clicktt\/WTTV\/19-20\/ligen\/Herren-Bezirksklasse-Gruppe-5\/gruppe\/357192\/spielbericht\/11643306\/TV-Fredeburg-II-vs-TuS-Bruchhausen-II\/#\" data-bind=\"playerPopover: { personId: 'NU426957', clubNr: '113018' }\" data-original-title=\"\">Willeke, Fabian <\/a><\/td>\n<td class=\"balls \">9:11<\/td>\n<td class=\"balls in-deuce\">10:12<\/td>\n<td class=\"balls \">6:11<\/td>\n<td class=\"balls balls-empty\"><\/td>\n<td class=\"balls balls-empty\"><\/td>\n<td class=\"text-center\">0:3<\/td>\n<td class=\"text-center\">1:1<\/td>\n<\/tr>\n<tr>\n<td class=\"match-name hidden-md\">D3-D3<\/td>\n<td class=\"victory hidden-md hidden-lg\"><\/td>\n<td class=\"players\"><a tabindex=\"0\" title=\"\" role=\"button\" href=\"https:\/\/www.mytischtennis.de\/clicktt\/WTTV\/19-20\/ligen\/Herren-Bezirksklasse-Gruppe-5\/gruppe\/357192\/spielbericht\/11643306\/TV-Fredeburg-II-vs-TuS-Bruchhausen-II\/#\" data-bind=\"playerPopover: { personId: 'NU255977', clubNr: '113009' }\" data-original-title=\"\">Mertens, Florian <\/a>\/<br \/>\n<a tabindex=\"0\" title=\"\" role=\"button\" href=\"https:\/\/www.mytischtennis.de\/clicktt\/WTTV\/19-20\/ligen\/Herren-Bezirksklasse-Gruppe-5\/gruppe\/357192\/spielbericht\/11643306\/TV-Fredeburg-II-vs-TuS-Bruchhausen-II\/#\" data-bind=\"playerPopover: { personId: 'NU424911', clubNr: '113009' }\" data-original-title=\"\">Linn, Sebastian <\/a><\/td>\n<td class=\"victory hidden-md hidden-lg\"><\/td>\n<td class=\"players\"><a tabindex=\"0\" title=\"\" role=\"button\" href=\"https:\/\/www.mytischtennis.de\/clicktt\/WTTV\/19-20\/ligen\/Herren-Bezirksklasse-Gruppe-5\/gruppe\/357192\/spielbericht\/11643306\/TV-Fredeburg-II-vs-TuS-Bruchhausen-II\/#\" data-bind=\"playerPopover: { personId: 'NU426765', clubNr: '113018' }\" data-original-title=\"\">Walter, Josef <\/a>\/<br \/>\n<a tabindex=\"0\" title=\"\" role=\"button\" href=\"https:\/\/www.mytischtennis.de\/clicktt\/WTTV\/19-20\/ligen\/Herren-Bezirksklasse-Gruppe-5\/gruppe\/357192\/spielbericht\/11643306\/TV-Fredeburg-II-vs-TuS-Bruchhausen-II\/#\" data-bind=\"playerPopover: { personId: 'NU1498519', clubNr: '113018' }\" data-original-title=\"\">Bargen, Janik van <\/a><\/td>\n<td class=\"balls \">7:11<\/td>\n<td class=\"balls in-deuce\">13:11<\/td>\n<td class=\"balls \">4:11<\/td>\n<td class=\"balls \">8:11<\/td>\n<td class=\"balls balls-empty\"><\/td>\n<td class=\"text-center\">1:3<\/td>\n<td class=\"text-center\">1:2<\/td>\n<\/tr>\n<tr class=\"divider visible-md\">\n<td colspan=\"9\"><\/td>\n<\/tr>\n<tr class=\"divider visible-lg\">\n<td colspan=\"10\"><\/td>\n<\/tr>\n<tr class=\"divider visible-xl\">\n<td colspan=\"12\"><\/td>\n<\/tr>\n<tr>\n<td class=\"match-name hidden-md\">1-2<\/td>\n<td class=\"victory hidden-md hidden-lg\"><\/td>\n<td class=\"players\"><a tabindex=\"0\" title=\"\" role=\"button\" href=\"https:\/\/www.mytischtennis.de\/clicktt\/WTTV\/19-20\/ligen\/Herren-Bezirksklasse-Gruppe-5\/gruppe\/357192\/spielbericht\/11643306\/TV-Fredeburg-II-vs-TuS-Bruchhausen-II\/#\" data-bind=\"playerPopover: { personId: 'NU251749', clubNr: '113009' }\" data-original-title=\"\">Linn, Frank <\/a><\/td>\n<td class=\"victory hidden-md hidden-lg\"><\/td>\n<td class=\"players\"><a tabindex=\"0\" title=\"\" role=\"button\" href=\"https:\/\/www.mytischtennis.de\/clicktt\/WTTV\/19-20\/ligen\/Herren-Bezirksklasse-Gruppe-5\/gruppe\/357192\/spielbericht\/11643306\/TV-Fredeburg-II-vs-TuS-Bruchhausen-II\/#\" data-bind=\"playerPopover: { personId: 'NU290124', clubNr: '113018' }\" data-original-title=\"\">Volpert, Dieter <\/a><\/td>\n<td class=\"balls \">11:6<\/td>\n<td class=\"balls \">11:8<\/td>\n<td class=\"balls \">11:8<\/td>\n<td class=\"balls balls-empty\"><\/td>\n<td class=\"balls balls-empty\"><\/td>\n<td class=\"text-center\">3:0<\/td>\n<td class=\"text-center\">2:2<\/td>\n<\/tr>\n<tr>\n<td class=\"match-name hidden-md\">2-1<\/td>\n<td class=\"victory hidden-md hidden-lg\"><\/td>\n<td class=\"players\"><a tabindex=\"0\" title=\"\" role=\"button\" href=\"https:\/\/www.mytischtennis.de\/clicktt\/WTTV\/19-20\/ligen\/Herren-Bezirksklasse-Gruppe-5\/gruppe\/357192\/spielbericht\/11643306\/TV-Fredeburg-II-vs-TuS-Bruchhausen-II\/#\" data-bind=\"playerPopover: { personId: 'NU255977', clubNr: '113009' }\" data-original-title=\"\">Mertens, Florian <\/a><\/td>\n<td class=\"victory hidden-md hidden-lg\"><\/td>\n<td class=\"players\"><a tabindex=\"0\" title=\"\" role=\"button\" href=\"https:\/\/www.mytischtennis.de\/clicktt\/WTTV\/19-20\/ligen\/Herren-Bezirksklasse-Gruppe-5\/gruppe\/357192\/spielbericht\/11643306\/TV-Fredeburg-II-vs-TuS-Bruchhausen-II\/#\" data-bind=\"playerPopover: { personId: 'NU424904', clubNr: '113018' }\" data-original-title=\"\">Macioszek, Christian <\/a><\/td>\n<td class=\"balls \">11:5<\/td>\n<td class=\"balls \">11:9<\/td>\n<td class=\"balls in-deuce\">13:11<\/td>\n<td class=\"balls balls-empty\"><\/td>\n<td class=\"balls balls-empty\"><\/td>\n<td class=\"text-center\">3:0<\/td>\n<td class=\"text-center\">3:2<\/td>\n<\/tr>\n<tr>\n<td class=\"match-name hidden-md\">3-4<\/td>\n<td class=\"victory hidden-md hidden-lg\"><\/td>\n<td class=\"players\"><a tabindex=\"0\" title=\"\" role=\"button\" href=\"https:\/\/www.mytischtennis.de\/clicktt\/WTTV\/19-20\/ligen\/Herren-Bezirksklasse-Gruppe-5\/gruppe\/357192\/spielbericht\/11643306\/TV-Fredeburg-II-vs-TuS-Bruchhausen-II\/#\" data-bind=\"playerPopover: { personId: 'NU276471', clubNr: '113009' }\" data-original-title=\"\">Schn\u00fcpke, Lars <\/a><\/td>\n<td class=\"victory hidden-md hidden-lg\"><\/td>\n<td class=\"players\"><a tabindex=\"0\" title=\"\" role=\"button\" href=\"https:\/\/www.mytischtennis.de\/clicktt\/WTTV\/19-20\/ligen\/Herren-Bezirksklasse-Gruppe-5\/gruppe\/357192\/spielbericht\/11643306\/TV-Fredeburg-II-vs-TuS-Bruchhausen-II\/#\" data-bind=\"playerPopover: { personId: 'NU426765', clubNr: '113018' }\" data-original-title=\"\">Walter, Josef <\/a><\/td>\n<td class=\"balls \">11:5<\/td>\n<td class=\"balls \">11:8<\/td>\n<td class=\"balls \">11:5<\/td>\n<td class=\"balls balls-empty\"><\/td>\n<td class=\"balls balls-empty\"><\/td>\n<td class=\"text-center\">3:0<\/td>\n<td class=\"text-center\">4:2<\/td>\n<\/tr>\n<tr>\n<td class=\"match-name hidden-md\">4-3<\/td>\n<td class=\"victory hidden-md hidden-lg\"><\/td>\n<td class=\"players\"><a tabindex=\"0\" title=\"\" role=\"button\" href=\"https:\/\/www.mytischtennis.de\/clicktt\/WTTV\/19-20\/ligen\/Herren-Bezirksklasse-Gruppe-5\/gruppe\/357192\/spielbericht\/11643306\/TV-Fredeburg-II-vs-TuS-Bruchhausen-II\/#\" data-bind=\"playerPopover: { personId: 'NU290068', clubNr: '113009' }\" data-original-title=\"\">V\u00f6llmecke, Joschka <\/a><\/td>\n<td class=\"victory hidden-md hidden-lg\"><\/td>\n<td class=\"players\"><a tabindex=\"0\" title=\"\" role=\"button\" href=\"https:\/\/www.mytischtennis.de\/clicktt\/WTTV\/19-20\/ligen\/Herren-Bezirksklasse-Gruppe-5\/gruppe\/357192\/spielbericht\/11643306\/TV-Fredeburg-II-vs-TuS-Bruchhausen-II\/#\" data-bind=\"playerPopover: { personId: 'NU425312', clubNr: '113018' }\" data-original-title=\"\">Niemand, Benedikt <\/a><\/td>\n<td class=\"balls \">11:4<\/td>\n<td class=\"balls \">11:5<\/td>\n<td class=\"balls \">11:8<\/td>\n<td class=\"balls balls-empty\"><\/td>\n<td class=\"balls balls-empty\"><\/td>\n<td class=\"text-center\">3:0<\/td>\n<td class=\"text-center\">5:2<\/td>\n<\/tr>\n<tr>\n<td class=\"match-name hidden-md\">5-6<\/td>\n<td class=\"victory hidden-md hidden-lg\"><\/td>\n<td class=\"players\"><a tabindex=\"0\" title=\"\" role=\"button\" href=\"https:\/\/www.mytischtennis.de\/clicktt\/WTTV\/19-20\/ligen\/Herren-Bezirksklasse-Gruppe-5\/gruppe\/357192\/spielbericht\/11643306\/TV-Fredeburg-II-vs-TuS-Bruchhausen-II\/#\" data-bind=\"playerPopover: { personId: 'NU424911', clubNr: '113009' }\" data-original-title=\"\">Linn, Sebastian <\/a><\/td>\n<td class=\"victory hidden-md hidden-lg\"><\/td>\n<td class=\"players\"><a tabindex=\"0\" title=\"\" role=\"button\" href=\"https:\/\/www.mytischtennis.de\/clicktt\/WTTV\/19-20\/ligen\/Herren-Bezirksklasse-Gruppe-5\/gruppe\/357192\/spielbericht\/11643306\/TV-Fredeburg-II-vs-TuS-Bruchhausen-II\/#\" data-bind=\"playerPopover: { personId: 'NU1498519', clubNr: '113018' }\" data-original-title=\"\">Bargen, Janik van <\/a><\/td>\n<td class=\"balls \">11:9<\/td>\n<td class=\"balls \">9:11<\/td>\n<td class=\"balls \">7:11<\/td>\n<td class=\"balls \">11:8<\/td>\n<td class=\"balls \">11:5<\/td>\n<td class=\"text-center\">3:2<\/td>\n<td class=\"text-center\">6:2<\/td>\n<\/tr>\n<tr>\n<td class=\"match-name hidden-md\">6-5<\/td>\n<td class=\"victory hidden-md hidden-lg\"><\/td>\n<td class=\"players\"><a tabindex=\"0\" title=\"\" role=\"button\" href=\"https:\/\/www.mytischtennis.de\/clicktt\/WTTV\/19-20\/ligen\/Herren-Bezirksklasse-Gruppe-5\/gruppe\/357192\/spielbericht\/11643306\/TV-Fredeburg-II-vs-TuS-Bruchhausen-II\/#\" data-bind=\"playerPopover: { personId: 'NU231102', clubNr: '113009' }\" data-original-title=\"\">Heckmann, Nadine <\/a><\/td>\n<td class=\"victory hidden-md hidden-lg\"><\/td>\n<td class=\"players\"><a tabindex=\"0\" title=\"\" role=\"button\" href=\"https:\/\/www.mytischtennis.de\/clicktt\/WTTV\/19-20\/ligen\/Herren-Bezirksklasse-Gruppe-5\/gruppe\/357192\/spielbericht\/11643306\/TV-Fredeburg-II-vs-TuS-Bruchhausen-II\/#\" data-bind=\"playerPopover: { personId: 'NU426957', clubNr: '113018' }\" data-original-title=\"\">Willeke, Fabian <\/a><\/td>\n<td class=\"balls \">4:11<\/td>\n<td class=\"balls \">11:6<\/td>\n<td class=\"balls \">3:11<\/td>\n<td class=\"balls in-deuce\">13:11<\/td>\n<td class=\"balls \">4:11<\/td>\n<td class=\"text-center\">2:3<\/td>\n<td class=\"text-center\">6:3<\/td>\n<\/tr>\n<tr>\n<td class=\"match-name hidden-md\">1-1<\/td>\n<td class=\"victory hidden-md hidden-lg\"><\/td>\n<td class=\"players\"><a tabindex=\"0\" title=\"\" role=\"button\" href=\"https:\/\/www.mytischtennis.de\/clicktt\/WTTV\/19-20\/ligen\/Herren-Bezirksklasse-Gruppe-5\/gruppe\/357192\/spielbericht\/11643306\/TV-Fredeburg-II-vs-TuS-Bruchhausen-II\/#\" data-bind=\"playerPopover: { personId: 'NU251749', clubNr: '113009' }\" data-original-title=\"\">Linn, Frank <\/a><\/td>\n<td class=\"victory hidden-md hidden-lg\"><\/td>\n<td class=\"players\"><a tabindex=\"0\" title=\"\" role=\"button\" href=\"https:\/\/www.mytischtennis.de\/clicktt\/WTTV\/19-20\/ligen\/Herren-Bezirksklasse-Gruppe-5\/gruppe\/357192\/spielbericht\/11643306\/TV-Fredeburg-II-vs-TuS-Bruchhausen-II\/#\" data-bind=\"playerPopover: { personId: 'NU424904', clubNr: '113018' }\" data-original-title=\"\">Macioszek, Christian <\/a><\/td>\n<td class=\"balls \">11:6<\/td>\n<td class=\"balls in-deuce\">11:13<\/td>\n<td class=\"balls \">11:8<\/td>\n<td class=\"balls \">11:7<\/td>\n<td class=\"balls balls-empty\"><\/td>\n<td class=\"text-center\">3:1<\/td>\n<td class=\"text-center\">7:3<\/td>\n<\/tr>\n<tr>\n<td class=\"match-name hidden-md\">2-2<\/td>\n<td class=\"victory hidden-md hidden-lg\"><\/td>\n<td class=\"players\"><a tabindex=\"0\" title=\"\" role=\"button\" href=\"https:\/\/www.mytischtennis.de\/clicktt\/WTTV\/19-20\/ligen\/Herren-Bezirksklasse-Gruppe-5\/gruppe\/357192\/spielbericht\/11643306\/TV-Fredeburg-II-vs-TuS-Bruchhausen-II\/#\" data-bind=\"playerPopover: { personId: 'NU255977', clubNr: '113009' }\" data-original-title=\"\">Mertens, Florian <\/a><\/td>\n<td class=\"victory hidden-md hidden-lg\"><\/td>\n<td class=\"players\"><a tabindex=\"0\" title=\"\" role=\"button\" href=\"https:\/\/www.mytischtennis.de\/clicktt\/WTTV\/19-20\/ligen\/Herren-Bezirksklasse-Gruppe-5\/gruppe\/357192\/spielbericht\/11643306\/TV-Fredeburg-II-vs-TuS-Bruchhausen-II\/#\" data-bind=\"playerPopover: { personId: 'NU290124', clubNr: '113018' }\" data-original-title=\"\">Volpert, Dieter <\/a><\/td>\n<td class=\"balls \">11:8<\/td>\n<td class=\"balls \">6:11<\/td>\n<td class=\"balls \">11:2<\/td>\n<td class=\"balls in-deuce\">10:12<\/td>\n<td class=\"balls \">11:6<\/td>\n<td class=\"text-center\">3:2<\/td>\n<td class=\"text-center\">8:3<\/td>\n<\/tr>\n<tr>\n<td class=\"match-name hidden-md\">3-3<\/td>\n<td class=\"victory hidden-md hidden-lg\"><\/td>\n<td class=\"players\"><a tabindex=\"0\" title=\"\" role=\"button\" href=\"https:\/\/www.mytischtennis.de\/clicktt\/WTTV\/19-20\/ligen\/Herren-Bezirksklasse-Gruppe-5\/gruppe\/357192\/spielbericht\/11643306\/TV-Fredeburg-II-vs-TuS-Bruchhausen-II\/#\" data-bind=\"playerPopover: { personId: 'NU276471', clubNr: '113009' }\" data-original-title=\"\">Schn\u00fcpke, Lars <\/a><\/td>\n<td class=\"victory hidden-md hidden-lg\"><\/td>\n<td class=\"players\"><a tabindex=\"0\" title=\"\" role=\"button\" href=\"https:\/\/www.mytischtennis.de\/clicktt\/WTTV\/19-20\/ligen\/Herren-Bezirksklasse-Gruppe-5\/gruppe\/357192\/spielbericht\/11643306\/TV-Fredeburg-II-vs-TuS-Bruchhausen-II\/#\" data-bind=\"playerPopover: { personId: 'NU425312', clubNr: '113018' }\" data-original-title=\"\">Niemand, Benedikt <\/a><\/td>\n<td class=\"balls \">11:9<\/td>\n<td class=\"balls \">7:11<\/td>\n<td class=\"balls \">11:6<\/td>\n<td class=\"balls \">7:11<\/td>\n<td class=\"balls \">11:8<\/td>\n<td class=\"text-center\">3:2<\/td>\n<td class=\"text-center\">9:3<\/td>\n<\/tr>\n<tr>\n<td class=\"match-name hidden-md\">4-4<\/td>\n<td class=\"victory hidden-md hidden-lg\"><\/td>\n<td class=\"players\"><a tabindex=\"0\" title=\"\" role=\"button\" href=\"https:\/\/www.mytischtennis.de\/clicktt\/WTTV\/19-20\/ligen\/Herren-Bezirksklasse-Gruppe-5\/gruppe\/357192\/spielbericht\/11643306\/TV-Fredeburg-II-vs-TuS-Bruchhausen-II\/#\" data-bind=\"playerPopover: { personId: 'NU290068', clubNr: '113009' }\" data-original-title=\"\">V\u00f6llmecke, Joschka <\/a><\/td>\n<td class=\"victory hidden-md hidden-lg\"><\/td>\n<td class=\"players\"><a tabindex=\"0\" title=\"\" role=\"button\" href=\"https:\/\/www.mytischtennis.de\/clicktt\/WTTV\/19-20\/ligen\/Herren-Bezirksklasse-Gruppe-5\/gruppe\/357192\/spielbericht\/11643306\/TV-Fredeburg-II-vs-TuS-Bruchhausen-II\/#\" data-bind=\"playerPopover: { personId: 'NU426765', clubNr: '113018' }\" data-original-title=\"\">Walter, Josef <\/a><\/td>\n<td class=\"balls balls-empty\"><\/td>\n<td class=\"balls balls-empty\"><\/td>\n<td class=\"balls balls-empty\"><\/td>\n<td class=\"balls balls-empty\"><\/td>\n<td class=\"balls balls-empty\"><\/td>\n<td class=\"text-center\"><\/td>\n<td class=\"text-center\"><\/td>\n<\/tr>\n<tr>\n<td class=\"match-name hidden-md\">5-5<\/td>\n<td class=\"victory hidden-md hidden-lg\"><\/td>\n<td class=\"players\"><a tabindex=\"0\" title=\"\" role=\"button\" href=\"https:\/\/www.mytischtennis.de\/clicktt\/WTTV\/19-20\/ligen\/Herren-Bezirksklasse-Gruppe-5\/gruppe\/357192\/spielbericht\/11643306\/TV-Fredeburg-II-vs-TuS-Bruchhausen-II\/#\" data-bind=\"playerPopover: { personId: 'NU424911', clubNr: '113009' }\" data-original-title=\"\">Linn, Sebastian <\/a><\/td>\n<td class=\"victory hidden-md hidden-lg\"><\/td>\n<td class=\"players\"><a tabindex=\"0\" title=\"\" role=\"button\" href=\"https:\/\/www.mytischtennis.de\/clicktt\/WTTV\/19-20\/ligen\/Herren-Bezirksklasse-Gruppe-5\/gruppe\/357192\/spielbericht\/11643306\/TV-Fredeburg-II-vs-TuS-Bruchhausen-II\/#\" data-bind=\"playerPopover: { personId: 'NU426957', clubNr: '113018' }\" data-original-title=\"\">Willeke, Fabian <\/a><\/td>\n<td class=\"balls balls-empty\"><\/td>\n<td class=\"balls balls-empty\"><\/td>\n<td class=\"balls balls-empty\"><\/td>\n<td class=\"balls balls-empty\"><\/td>\n<td class=\"balls balls-empty\"><\/td>\n<td class=\"text-center\"><\/td>\n<td class=\"text-center\"><\/td>\n<\/tr>\n<tr>\n<td class=\"match-name hidden-md\">6-6<\/td>\n<td class=\"victory hidden-md hidden-lg\"><\/td>\n<td class=\"players\"><a tabindex=\"0\" title=\"\" role=\"button\" href=\"https:\/\/www.mytischtennis.de\/clicktt\/WTTV\/19-20\/ligen\/Herren-Bezirksklasse-Gruppe-5\/gruppe\/357192\/spielbericht\/11643306\/TV-Fredeburg-II-vs-TuS-Bruchhausen-II\/#\" data-bind=\"playerPopover: { personId: 'NU231102', clubNr: '113009' }\" data-original-title=\"\">Heckmann, Nadine <\/a><\/td>\n<td class=\"victory hidden-md hidden-lg\"><\/td>\n<td class=\"players\"><a tabindex=\"0\" title=\"\" role=\"button\" href=\"https:\/\/www.mytischtennis.de\/clicktt\/WTTV\/19-20\/ligen\/Herren-Bezirksklasse-Gruppe-5\/gruppe\/357192\/spielbericht\/11643306\/TV-Fredeburg-II-vs-TuS-Bruchhausen-II\/#\" data-bind=\"playerPopover: { personId: 'NU1498519', clubNr: '113018' }\" data-original-title=\"\">Bargen, Janik van <\/a><\/td>\n<td class=\"balls balls-empty\"><\/td>\n<td class=\"balls balls-empty\"><\/td>\n<td class=\"balls balls-empty\"><\/td>\n<td class=\"balls balls-empty\"><\/td>\n<td class=\"balls balls-empty\"><\/td>\n<td class=\"text-center\"><\/td>\n<td class=\"text-center\"><\/td>\n<\/tr>\n<tr class=\"divider visible-md\">\n<td colspan=\"9\"><\/td>\n<\/tr>\n<tr class=\"divider visible-lg\">\n<td colspan=\"10\"><\/td>\n<\/tr>\n<tr class=\"divider visible-xl\">\n<td colspan=\"12\"><\/td>\n<\/tr>\n<tr>\n<td class=\"match-name hidden-md\">D1-D1<\/td>\n<td class=\"victory hidden-md hidden-lg\"><\/td>\n<td class=\"players\"><a tabindex=\"0\" title=\"\" role=\"button\" href=\"https:\/\/www.mytischtennis.de\/clicktt\/WTTV\/19-20\/ligen\/Herren-Bezirksklasse-Gruppe-5\/gruppe\/357192\/spielbericht\/11643306\/TV-Fredeburg-II-vs-TuS-Bruchhausen-II\/#\" data-bind=\"playerPopover: { personId: 'NU276471', clubNr: '113009' }\" data-original-title=\"\">Schn\u00fcpke, Lars <\/a>\/<br \/>\n<a tabindex=\"0\" title=\"\" role=\"button\" href=\"https:\/\/www.mytischtennis.de\/clicktt\/WTTV\/19-20\/ligen\/Herren-Bezirksklasse-Gruppe-5\/gruppe\/357192\/spielbericht\/11643306\/TV-Fredeburg-II-vs-TuS-Bruchhausen-II\/#\" data-bind=\"playerPopover: { personId: 'NU290068', clubNr: '113009' }\" data-original-title=\"\">V\u00f6llmecke, Joschka <\/a><\/td>\n<td class=\"victory hidden-md hidden-lg\"><\/td>\n<td class=\"players\"><a tabindex=\"0\" title=\"\" role=\"button\" href=\"https:\/\/www.mytischtennis.de\/clicktt\/WTTV\/19-20\/ligen\/Herren-Bezirksklasse-Gruppe-5\/gruppe\/357192\/spielbericht\/11643306\/TV-Fredeburg-II-vs-TuS-Bruchhausen-II\/#\" data-bind=\"playerPopover: { personId: 'NU424904', clubNr: '113018' }\" data-original-title=\"\">Macioszek, Christian <\/a>\/<br \/>\n<a tabindex=\"0\" title=\"\" role=\"button\" href=\"https:\/\/www.mytischtennis.de\/clicktt\/WTTV\/19-20\/ligen\/Herren-Bezirksklasse-Gruppe-5\/gruppe\/357192\/spielbericht\/11643306\/TV-Fredeburg-II-vs-TuS-Bruchhausen-II\/#\" data-bind=\"playerPopover: { personId: 'NU426957', clubNr: '113018' }\" data-original-title=\"\">Willeke, Fabian <\/a><\/td>\n<td class=\"balls balls-empty\"><\/td>\n<td class=\"balls balls-empty\"><\/td>\n<td class=\"balls balls-empty\"><\/td>\n<td class=\"balls balls-empty\"><\/td>\n<td class=\"balls balls-empty\"><\/td>\n<td class=\"text-center\"><\/td>\n<td class=\"text-center\"><\/td>\n<\/tr>\n<tr class=\"summary\">\n<td class=\"visible-md\" colspan=\"2\"><\/td>\n<td class=\"visible-lg\" colspan=\"3\"><\/td>\n<td class=\"visible-xl visible-sm\" colspan=\"5\"><\/td>\n<td class=\"text-center\" colspan=\"5\">B\u00e4lle 448:395<\/td>\n<td class=\"text-center\">30:16<\/td>\n<td class=\"text-center\">9:3<\/td>\n<\/tr>\n<\/tbody>\n<\/table>\n<p>&nbsp;<\/p>\n<table class=\"table table-mytt table-striped table-bordered table-mini-xs table-mini-sm table-mini-md\">\n<thead>\n<tr>\n<th class=\"only-icon\"><\/th>\n<th class=\"visible-lg visible-xl text-center\">Rang<\/th>\n<th>Mannschaft<\/th>\n<th class=\"hidden-xs text-center\"><abbr title=\"Begegnungen\">Beg.<\/abbr><\/th>\n<th class=\"text-center\">S<\/th>\n<th class=\"text-center\">U<\/th>\n<th class=\"text-center\">N<\/th>\n<th class=\"hidden-xss text-center\">Spiele<\/th>\n<th class=\"hidden-xs hidden-md text-center\">+\/-<\/th>\n<th class=\"text-center\">Punkte<\/th>\n<\/tr>\n<\/thead>\n<tbody>\n<tr>\n<td class=\"only-icon text-center\"><\/td>\n<td class=\"visible-lg visible-xl text-center\">1<\/td>\n<td><span class=\"hidden-lg hidden-xl\">1.<\/span><a href=\"https:\/\/www.mytischtennis.de\/clicktt\/WTTV\/19-20\/ligen\/Herren-Bezirksklasse-Gruppe-5\/gruppe\/357192\/mannschaft\/2233019\/TuS-Warstein\/spielerbilanzen\/vr\/\">TuS Warstein<\/a><\/td>\n<td class=\"hidden-xs text-center\">5<\/td>\n<td class=\"text-center\">5<\/td>\n<td class=\"text-center\">0<\/td>\n<td class=\"text-center\">0<\/td>\n<td class=\"hidden-xss text-center\"><a id=\"settooltip9F1AE224-BA7D-422D-90563ED045950F59\"><\/a>45:6<em class=\"visible-xs-block\">+39<\/em><\/td>\n<td class=\"hidden-xs hidden-md text-center\">+39<\/td>\n<td class=\"text-center\">10:0<\/td>\n<\/tr>\n<tr>\n<td class=\"only-icon text-center\"><\/td>\n<td class=\"visible-lg visible-xl text-center\">2<\/td>\n<td><span class=\"hidden-lg hidden-xl\">2.<\/span><a href=\"https:\/\/www.mytischtennis.de\/clicktt\/WTTV\/19-20\/ligen\/Herren-Bezirksklasse-Gruppe-5\/gruppe\/357192\/mannschaft\/2227773\/DJK-Erwitte\/spielerbilanzen\/vr\/\">DJK Erwitte<\/a><\/td>\n<td class=\"hidden-xs text-center\">6<\/td>\n<td class=\"text-center\">4<\/td>\n<td class=\"text-center\">0<\/td>\n<td class=\"text-center\">2<\/td>\n<td class=\"hidden-xss text-center\"><a id=\"settooltip2227F7CD-4913-4768-95ADAB85722F797D\"><\/a>46:36<em class=\"visible-xs-block\">+10<\/em><\/td>\n<td class=\"hidden-xs hidden-md text-center\">+10<\/td>\n<td class=\"text-center\">8:4<\/td>\n<\/tr>\n<tr>\n<td class=\"only-icon text-center\"><\/td>\n<td class=\"visible-lg visible-xl text-center\">3<\/td>\n<td><span class=\"hidden-lg hidden-xl\">3.<\/span><a href=\"https:\/\/www.mytischtennis.de\/clicktt\/WTTV\/19-20\/ligen\/Herren-Bezirksklasse-Gruppe-5\/gruppe\/357192\/mannschaft\/2232863\/DJK-SR-Cappel-II\/spielerbilanzen\/vr\/\">DJK SR Cappel II<\/a><\/td>\n<td class=\"hidden-xs text-center\">5<\/td>\n<td class=\"text-center\">3<\/td>\n<td class=\"text-center\">1<\/td>\n<td class=\"text-center\">1<\/td>\n<td class=\"hidden-xss text-center\"><a id=\"settooltipDCB76DF8-7B11-464F-B4F0E8D0AE21D07B\"><\/a>39:34<em class=\"visible-xs-block\">+5<\/em><\/td>\n<td class=\"hidden-xs hidden-md text-center\">+5<\/td>\n<td class=\"text-center\">7:3<\/td>\n<\/tr>\n<tr>\n<td class=\"only-icon text-center\"><\/td>\n<td class=\"visible-lg visible-xl text-center\">4<\/td>\n<td><span class=\"hidden-lg hidden-xl\">4.<\/span><a href=\"https:\/\/www.mytischtennis.de\/clicktt\/WTTV\/19-20\/ligen\/Herren-Bezirksklasse-Gruppe-5\/gruppe\/357192\/mannschaft\/2228524\/TTC-turflon-Werl-II\/spielerbilanzen\/vr\/\">TTC turflon Werl II<\/a><\/td>\n<td class=\"hidden-xs text-center\">5<\/td>\n<td class=\"text-center\">3<\/td>\n<td class=\"text-center\">0<\/td>\n<td class=\"text-center\">2<\/td>\n<td class=\"hidden-xss text-center\"><a id=\"settooltip7E8C8127-93F9-471F-AE65F0C2BF26E067\"><\/a>32:33<em class=\"visible-xs-block\">-1<\/em><\/td>\n<td class=\"hidden-xs hidden-md text-center\">-1<\/td>\n<td class=\"text-center\">6:4<\/td>\n<\/tr>\n<tr>\n<td class=\"only-icon text-center\"><\/td>\n<td class=\"visible-lg visible-xl text-center\">5<\/td>\n<td><span class=\"hidden-lg hidden-xl\">5.<\/span><a href=\"https:\/\/www.mytischtennis.de\/clicktt\/WTTV\/19-20\/ligen\/Herren-Bezirksklasse-Gruppe-5\/gruppe\/357192\/mannschaft\/2230984\/TuS-Bad-Sassendorf-II\/spielerbilanzen\/vr\/\">TuS Bad Sassendorf II<\/a><\/td>\n<td class=\"hidden-xs text-center\">2<\/td>\n<td class=\"text-center\">2<\/td>\n<td class=\"text-center\">0<\/td>\n<td class=\"text-center\">0<\/td>\n<td class=\"hidden-xss text-center\"><a id=\"settooltip8F6D2862-A0A0-43F4-AB15CD55F508D103\"><\/a>18:10<em class=\"visible-xs-block\">+8<\/em><\/td>\n<td class=\"hidden-xs hidden-md text-center\">+8<\/td>\n<td class=\"text-center\">4:0<\/td>\n<\/tr>\n<tr>\n<td class=\"only-icon text-center\"><\/td>\n<td class=\"visible-lg visible-xl text-center\">6<\/td>\n<td><span class=\"hidden-lg hidden-xl\">6.<\/span><a href=\"https:\/\/www.mytischtennis.de\/clicktt\/WTTV\/19-20\/ligen\/Herren-Bezirksklasse-Gruppe-5\/gruppe\/357192\/mannschaft\/2227975\/TV-Fredeburg-II\/spielerbilanzen\/vr\/\">TV Fredeburg II<\/a><\/td>\n<td class=\"hidden-xs text-center\">4<\/td>\n<td class=\"text-center\">2<\/td>\n<td class=\"text-center\">0<\/td>\n<td class=\"text-center\">2<\/td>\n<td class=\"hidden-xss text-center\"><a id=\"settooltip59383380-DB7F-4F7F-9F8E336C6C667FDE\"><\/a>25:22<em class=\"visible-xs-block\">+3<\/em><\/td>\n<td class=\"hidden-xs hidden-md text-center\">+3<\/td>\n<td class=\"text-center\">4:4<\/td>\n<\/tr>\n<tr>\n<td class=\"only-icon text-center\"><\/td>\n<td class=\"visible-lg visible-xl text-center\">7<\/td>\n<td><span class=\"hidden-lg hidden-xl\">7.<\/span><a href=\"https:\/\/www.mytischtennis.de\/clicktt\/WTTV\/19-20\/ligen\/Herren-Bezirksklasse-Gruppe-5\/gruppe\/357192\/mannschaft\/2229121\/TuS-Sundern-III\/spielerbilanzen\/vr\/\">TuS Sundern III<\/a><\/td>\n<td class=\"hidden-xs text-center\">4<\/td>\n<td class=\"text-center\">2<\/td>\n<td class=\"text-center\">0<\/td>\n<td class=\"text-center\">2<\/td>\n<td class=\"hidden-xss text-center\"><a id=\"settooltip8B6F49DC-962A-445B-AE5833A83800982C\"><\/a>29:29<em class=\"visible-xs-block\">+0<\/em><\/td>\n<td class=\"hidden-xs hidden-md text-center\">+0<\/td>\n<td class=\"text-center\">4:4<\/td>\n<\/tr>\n<tr>\n<td class=\"only-icon text-center\"><\/td>\n<td class=\"visible-lg visible-xl text-center\">8<\/td>\n<td><span class=\"hidden-lg hidden-xl\">8.<\/span><a href=\"https:\/\/www.mytischtennis.de\/clicktt\/WTTV\/19-20\/ligen\/Herren-Bezirksklasse-Gruppe-5\/gruppe\/357192\/mannschaft\/2229230\/TTV-Neheim-Huesten-III\/spielerbilanzen\/vr\/\">TTV Neheim-H\u00fcsten III<\/a><\/td>\n<td class=\"hidden-xs text-center\">4<\/td>\n<td class=\"text-center\">2<\/td>\n<td class=\"text-center\">0<\/td>\n<td class=\"text-center\">2<\/td>\n<td class=\"hidden-xss text-center\"><a id=\"settooltipC79562C3-920B-4950-B0260C551D8CB0E6\"><\/a>24:27<em class=\"visible-xs-block\">-3<\/em><\/td>\n<td class=\"hidden-xs hidden-md text-center\">-3<\/td>\n<td class=\"text-center\">4:4<\/td>\n<\/tr>\n<tr>\n<td class=\"only-icon text-center\"><\/td>\n<td class=\"visible-lg visible-xl text-center\">9<\/td>\n<td><span class=\"hidden-lg hidden-xl\">9.<\/span><a href=\"https:\/\/www.mytischtennis.de\/clicktt\/WTTV\/19-20\/ligen\/Herren-Bezirksklasse-Gruppe-5\/gruppe\/357192\/mannschaft\/2228156\/SV-RW-Westoennen\/spielerbilanzen\/vr\/\">SV RW West\u00f6nnen<\/a><\/td>\n<td class=\"hidden-xs text-center\">5<\/td>\n<td class=\"text-center\">2<\/td>\n<td class=\"text-center\">0<\/td>\n<td class=\"text-center\">3<\/td>\n<td class=\"hidden-xss text-center\"><a id=\"settooltip34AC2D58-6F3A-4536-9F5E8251A2D45E25\"><\/a>29:33<em class=\"visible-xs-block\">-4<\/em><\/td>\n<td class=\"hidden-xs hidden-md text-center\">-4<\/td>\n<td class=\"text-center\">4:6<\/td>\n<\/tr>\n<tr>\n<td class=\"only-icon text-center\"><\/td>\n<td class=\"visible-lg visible-xl text-center\">10<\/td>\n<td><span class=\"hidden-lg hidden-xl\">10.<\/span><a href=\"https:\/\/www.mytischtennis.de\/clicktt\/WTTV\/19-20\/ligen\/Herren-Bezirksklasse-Gruppe-5\/gruppe\/357192\/mannschaft\/2229419\/SV-BW-Eickelborn\/spielerbilanzen\/vr\/\">SV BW Eickelborn<\/a><\/td>\n<td class=\"hidden-xs text-center\">5<\/td>\n<td class=\"text-center\">1<\/td>\n<td class=\"text-center\">1<\/td>\n<td class=\"text-center\">3<\/td>\n<td class=\"hidden-xss text-center\"><a id=\"settooltip89157C3C-1526-42E8-AAF61E97EB5F27DE\"><\/a>26:41<em class=\"visible-xs-block\">-15<\/em><\/td>\n<td class=\"hidden-xs hidden-md text-center\">-15<\/td>\n<td class=\"text-center\">3:7<\/td>\n<\/tr>\n<tr>\n<td class=\"only-icon text-center\"><\/td>\n<td class=\"visible-lg visible-xl text-center\">11<\/td>\n<td><span class=\"hidden-lg hidden-xl\">11.<\/span><a href=\"https:\/\/www.mytischtennis.de\/clicktt\/WTTV\/19-20\/ligen\/Herren-Bezirksklasse-Gruppe-5\/gruppe\/357192\/mannschaft\/2231303\/TuS-Bruchhausen-II\/spielerbilanzen\/vr\/\">TuS Bruchhausen II<\/a><\/td>\n<td class=\"hidden-xs text-center\">4<\/td>\n<td class=\"text-center\">0<\/td>\n<td class=\"text-center\">0<\/td>\n<td class=\"text-center\">4<\/td>\n<td class=\"hidden-xss text-center\"><a id=\"settooltipC889B0D0-C827-42F6-873FDBFC970D3095\"><\/a>19:36<em class=\"visible-xs-block\">-17<\/em><\/td>\n<td class=\"hidden-xs hidden-md text-center\">-17<\/td>\n<td class=\"text-center\">0:8<\/td>\n<\/tr>\n<tr>\n<td class=\"only-icon text-center\"><\/td>\n<td class=\"visible-lg visible-xl text-center\">12<\/td>\n<td><span class=\"hidden-lg hidden-xl\">12.<\/span><a href=\"https:\/\/www.mytischtennis.de\/clicktt\/WTTV\/19-20\/ligen\/Herren-Bezirksklasse-Gruppe-5\/gruppe\/357192\/mannschaft\/2229991\/TV-Wickede\/spielerbilanzen\/vr\/\">TV Wickede<\/a><\/td>\n<td class=\"hidden-xs text-center\">5<\/td>\n<td class=\"text-center\">0<\/td>\n<td class=\"text-center\">0<\/td>\n<td class=\"text-center\">5<\/td>\n<td class=\"hidden-xss text-center\"><a id=\"settooltip8B7903DC-9408-4C65-B3D4B870169E5EC2\"><\/a>20:45<em class=\"visible-xs-block\">-25<\/em><\/td>\n<td class=\"hidden-xs hidden-md text-center\">-25<\/td>\n<td class=\"text-center\">0:10<\/td>\n<\/tr>\n<\/tbody>\n<\/table>\n<p>&nbsp;<\/p>\n<p>&nbsp;<\/p>\n<p>&nbsp;<\/p>\n<p>&nbsp;<\/p>\n<p>&nbsp;<\/p>\n<p>&nbsp;<\/p>\n<p>&nbsp;<\/p>\n<p>&nbsp;<\/p>\n<p>&nbsp;<\/p>\n<p>&nbsp;<\/p>\n<p>&nbsp;<\/p>\n<p>&nbsp;<\/p>\n<p>&nbsp;<\/p>\n<p>&nbsp;<\/p>\n<p>&nbsp;<\/p>\n<p>&nbsp;<\/p>\n<p>&nbsp;<\/p>\n","protected":false},"excerpt":{"rendered":"<p>Ohne Dirk K\u00f6sling und Frank Storm, daf\u00fcr mit Josef Walter und Janik van Bargen trat die Zweite zur schweren Ausw\u00e4rtsaufgabe in Bad Fredeburg an. Fredeburg  [&#8230;]<\/p>\n","protected":false},"author":4,"featured_media":3215,"comment_status":"closed","ping_status":"closed","sticky":false,"template":"","format":"standard","meta":{"kia_subtitle":"Keine Chance in Fredeburg","_themeisle_gutenberg_block_has_review":false,"footnotes":""},"categories":[4],"tags":[],"class_list":["post-5067","post","type-post","status-publish","format-standard","has-post-thumbnail","hentry","category-2-mannschaft"],"yoast_head":"<!-- This site is optimized with the Yoast SEO plugin v28.4 - https:\/\/yoast.com\/product\/yoast-seo-wordpress\/ -->\n<title>Zweite verliert bei Aufstiegsaspirant - TuS Bruchhausen 02 - TT Abteilung<\/title>\n<meta name=\"robots\" content=\"index, follow, max-snippet:-1, max-image-preview:large, max-video-preview:-1\" \/>\n<link rel=\"canonical\" href=\"http:\/\/tt-bruchhausen.de\/Web\/zweite-verliert-bei-aufstiegsaspirant\/\" \/>\n<meta property=\"og:locale\" content=\"de_DE\" \/>\n<meta property=\"og:type\" content=\"article\" \/>\n<meta property=\"og:title\" content=\"Zweite verliert bei Aufstiegsaspirant - TuS Bruchhausen 02 - TT Abteilung\" \/>\n<meta property=\"og:description\" content=\"Ohne Dirk K\u00f6sling und Frank Storm, daf\u00fcr mit Josef Walter und Janik van Bargen trat die Zweite zur schweren Ausw\u00e4rtsaufgabe in Bad Fredeburg an. Fredeburg [...]\" \/>\n<meta property=\"og:url\" content=\"http:\/\/tt-bruchhausen.de\/Web\/zweite-verliert-bei-aufstiegsaspirant\/\" \/>\n<meta property=\"og:site_name\" content=\"TuS Bruchhausen 02 - TT Abteilung\" \/>\n<meta property=\"article:published_time\" content=\"2019-10-06T07:16:12+00:00\" \/>\n<meta property=\"article:modified_time\" content=\"2019-10-13T09:49:49+00:00\" \/>\n<meta property=\"og:image\" content=\"http:\/\/tt-bruchhausen.de\/Web\/wp-content\/uploads\/2017\/02\/netz_ball1000pix.jpg\" \/>\n\t<meta property=\"og:image:width\" content=\"1000\" \/>\n\t<meta property=\"og:image:height\" content=\"666\" \/>\n\t<meta property=\"og:image:type\" content=\"image\/jpeg\" \/>\n<meta name=\"author\" content=\"Fabian Willeke\" \/>\n<meta name=\"twitter:card\" content=\"summary_large_image\" \/>\n<meta name=\"twitter:label1\" content=\"Verfasst von\" \/>\n\t<meta name=\"twitter:data1\" content=\"Fabian Willeke\" \/>\n\t<meta name=\"twitter:label2\" content=\"Gesch\u00e4tzte Lesezeit\" \/>\n\t<meta name=\"twitter:data2\" content=\"3\u00a0Minuten\" \/>\n<script type=\"application\/ld+json\" class=\"yoast-schema-graph\">{\"@context\":\"https:\\\/\\\/schema.org\",\"@graph\":[{\"@type\":\"Article\",\"@id\":\"http:\\\/\\\/tt-bruchhausen.de\\\/Web\\\/zweite-verliert-bei-aufstiegsaspirant\\\/#article\",\"isPartOf\":{\"@id\":\"http:\\\/\\\/tt-bruchhausen.de\\\/Web\\\/zweite-verliert-bei-aufstiegsaspirant\\\/\"},\"author\":{\"name\":\"Fabian Willeke\",\"@id\":\"http:\\\/\\\/tt-bruchhausen.de\\\/Web\\\/#\\\/schema\\\/person\\\/7c735958f443bed6480f227cb3676192\"},\"headline\":\"Zweite verliert bei Aufstiegsaspirant\",\"datePublished\":\"2019-10-06T07:16:12+00:00\",\"dateModified\":\"2019-10-13T09:49:49+00:00\",\"mainEntityOfPage\":{\"@id\":\"http:\\\/\\\/tt-bruchhausen.de\\\/Web\\\/zweite-verliert-bei-aufstiegsaspirant\\\/\"},\"wordCount\":624,\"image\":{\"@id\":\"http:\\\/\\\/tt-bruchhausen.de\\\/Web\\\/zweite-verliert-bei-aufstiegsaspirant\\\/#primaryimage\"},\"thumbnailUrl\":\"http:\\\/\\\/tt-bruchhausen.de\\\/Web\\\/wp-content\\\/uploads\\\/2017\\\/02\\\/netz_ball1000pix.jpg\",\"articleSection\":[\"2. Mannschaft\"],\"inLanguage\":\"de\"},{\"@type\":\"WebPage\",\"@id\":\"http:\\\/\\\/tt-bruchhausen.de\\\/Web\\\/zweite-verliert-bei-aufstiegsaspirant\\\/\",\"url\":\"http:\\\/\\\/tt-bruchhausen.de\\\/Web\\\/zweite-verliert-bei-aufstiegsaspirant\\\/\",\"name\":\"Zweite verliert bei Aufstiegsaspirant - TuS Bruchhausen 02 - TT Abteilung\",\"isPartOf\":{\"@id\":\"http:\\\/\\\/tt-bruchhausen.de\\\/Web\\\/#website\"},\"primaryImageOfPage\":{\"@id\":\"http:\\\/\\\/tt-bruchhausen.de\\\/Web\\\/zweite-verliert-bei-aufstiegsaspirant\\\/#primaryimage\"},\"image\":{\"@id\":\"http:\\\/\\\/tt-bruchhausen.de\\\/Web\\\/zweite-verliert-bei-aufstiegsaspirant\\\/#primaryimage\"},\"thumbnailUrl\":\"http:\\\/\\\/tt-bruchhausen.de\\\/Web\\\/wp-content\\\/uploads\\\/2017\\\/02\\\/netz_ball1000pix.jpg\",\"datePublished\":\"2019-10-06T07:16:12+00:00\",\"dateModified\":\"2019-10-13T09:49:49+00:00\",\"author\":{\"@id\":\"http:\\\/\\\/tt-bruchhausen.de\\\/Web\\\/#\\\/schema\\\/person\\\/7c735958f443bed6480f227cb3676192\"},\"breadcrumb\":{\"@id\":\"http:\\\/\\\/tt-bruchhausen.de\\\/Web\\\/zweite-verliert-bei-aufstiegsaspirant\\\/#breadcrumb\"},\"inLanguage\":\"de\",\"potentialAction\":[{\"@type\":\"ReadAction\",\"target\":[\"http:\\\/\\\/tt-bruchhausen.de\\\/Web\\\/zweite-verliert-bei-aufstiegsaspirant\\\/\"]}]},{\"@type\":\"ImageObject\",\"inLanguage\":\"de\",\"@id\":\"http:\\\/\\\/tt-bruchhausen.de\\\/Web\\\/zweite-verliert-bei-aufstiegsaspirant\\\/#primaryimage\",\"url\":\"http:\\\/\\\/tt-bruchhausen.de\\\/Web\\\/wp-content\\\/uploads\\\/2017\\\/02\\\/netz_ball1000pix.jpg\",\"contentUrl\":\"http:\\\/\\\/tt-bruchhausen.de\\\/Web\\\/wp-content\\\/uploads\\\/2017\\\/02\\\/netz_ball1000pix.jpg\",\"width\":1000,\"height\":666,\"caption\":\"SAMSUNG CSC\"},{\"@type\":\"BreadcrumbList\",\"@id\":\"http:\\\/\\\/tt-bruchhausen.de\\\/Web\\\/zweite-verliert-bei-aufstiegsaspirant\\\/#breadcrumb\",\"itemListElement\":[{\"@type\":\"ListItem\",\"position\":1,\"name\":\"Start\",\"item\":\"http:\\\/\\\/tt-bruchhausen.de\\\/Web\\\/\"},{\"@type\":\"ListItem\",\"position\":2,\"name\":\"Zweite verliert bei Aufstiegsaspirant\"}]},{\"@type\":\"WebSite\",\"@id\":\"http:\\\/\\\/tt-bruchhausen.de\\\/Web\\\/#website\",\"url\":\"http:\\\/\\\/tt-bruchhausen.de\\\/Web\\\/\",\"name\":\"TuS Bruchhausen 02 - TT Abteilung\",\"description\":\"Tischtennis im Entondorf\",\"potentialAction\":[{\"@type\":\"SearchAction\",\"target\":{\"@type\":\"EntryPoint\",\"urlTemplate\":\"http:\\\/\\\/tt-bruchhausen.de\\\/Web\\\/?s={search_term_string}\"},\"query-input\":{\"@type\":\"PropertyValueSpecification\",\"valueRequired\":true,\"valueName\":\"search_term_string\"}}],\"inLanguage\":\"de\"},{\"@type\":\"Person\",\"@id\":\"http:\\\/\\\/tt-bruchhausen.de\\\/Web\\\/#\\\/schema\\\/person\\\/7c735958f443bed6480f227cb3676192\",\"name\":\"Fabian Willeke\",\"image\":{\"@type\":\"ImageObject\",\"inLanguage\":\"de\",\"@id\":\"https:\\\/\\\/secure.gravatar.com\\\/avatar\\\/af5e7cc9f1c13b7bf8b459810c41d1270d104693cd0048ec11a10acb24a19def?s=96&d=mm&r=g\",\"url\":\"https:\\\/\\\/secure.gravatar.com\\\/avatar\\\/af5e7cc9f1c13b7bf8b459810c41d1270d104693cd0048ec11a10acb24a19def?s=96&d=mm&r=g\",\"contentUrl\":\"https:\\\/\\\/secure.gravatar.com\\\/avatar\\\/af5e7cc9f1c13b7bf8b459810c41d1270d104693cd0048ec11a10acb24a19def?s=96&d=mm&r=g\",\"caption\":\"Fabian Willeke\"},\"sameAs\":[\"http:\\\/\\\/TT-Bruchhausen.de\"],\"url\":\"http:\\\/\\\/tt-bruchhausen.de\\\/Web\\\/author\\\/fabian\\\/\"}]}<\/script>\n<!-- \/ Yoast SEO plugin. -->","yoast_head_json":{"title":"Zweite verliert bei Aufstiegsaspirant - TuS Bruchhausen 02 - TT Abteilung","robots":{"index":"index","follow":"follow","max-snippet":"max-snippet:-1","max-image-preview":"max-image-preview:large","max-video-preview":"max-video-preview:-1"},"canonical":"http:\/\/tt-bruchhausen.de\/Web\/zweite-verliert-bei-aufstiegsaspirant\/","og_locale":"de_DE","og_type":"article","og_title":"Zweite verliert bei Aufstiegsaspirant - TuS Bruchhausen 02 - TT Abteilung","og_description":"Ohne Dirk K\u00f6sling und Frank Storm, daf\u00fcr mit Josef Walter und Janik van Bargen trat die Zweite zur schweren Ausw\u00e4rtsaufgabe in Bad Fredeburg an. Fredeburg [...]","og_url":"http:\/\/tt-bruchhausen.de\/Web\/zweite-verliert-bei-aufstiegsaspirant\/","og_site_name":"TuS Bruchhausen 02 - TT Abteilung","article_published_time":"2019-10-06T07:16:12+00:00","article_modified_time":"2019-10-13T09:49:49+00:00","og_image":[{"width":1000,"height":666,"url":"http:\/\/tt-bruchhausen.de\/Web\/wp-content\/uploads\/2017\/02\/netz_ball1000pix.jpg","type":"image\/jpeg"}],"author":"Fabian Willeke","twitter_card":"summary_large_image","twitter_misc":{"Verfasst von":"Fabian Willeke","Gesch\u00e4tzte Lesezeit":"3\u00a0Minuten"},"schema":{"@context":"https:\/\/schema.org","@graph":[{"@type":"Article","@id":"http:\/\/tt-bruchhausen.de\/Web\/zweite-verliert-bei-aufstiegsaspirant\/#article","isPartOf":{"@id":"http:\/\/tt-bruchhausen.de\/Web\/zweite-verliert-bei-aufstiegsaspirant\/"},"author":{"name":"Fabian Willeke","@id":"http:\/\/tt-bruchhausen.de\/Web\/#\/schema\/person\/7c735958f443bed6480f227cb3676192"},"headline":"Zweite verliert bei Aufstiegsaspirant","datePublished":"2019-10-06T07:16:12+00:00","dateModified":"2019-10-13T09:49:49+00:00","mainEntityOfPage":{"@id":"http:\/\/tt-bruchhausen.de\/Web\/zweite-verliert-bei-aufstiegsaspirant\/"},"wordCount":624,"image":{"@id":"http:\/\/tt-bruchhausen.de\/Web\/zweite-verliert-bei-aufstiegsaspirant\/#primaryimage"},"thumbnailUrl":"http:\/\/tt-bruchhausen.de\/Web\/wp-content\/uploads\/2017\/02\/netz_ball1000pix.jpg","articleSection":["2. Mannschaft"],"inLanguage":"de"},{"@type":"WebPage","@id":"http:\/\/tt-bruchhausen.de\/Web\/zweite-verliert-bei-aufstiegsaspirant\/","url":"http:\/\/tt-bruchhausen.de\/Web\/zweite-verliert-bei-aufstiegsaspirant\/","name":"Zweite verliert bei Aufstiegsaspirant - TuS Bruchhausen 02 - TT Abteilung","isPartOf":{"@id":"http:\/\/tt-bruchhausen.de\/Web\/#website"},"primaryImageOfPage":{"@id":"http:\/\/tt-bruchhausen.de\/Web\/zweite-verliert-bei-aufstiegsaspirant\/#primaryimage"},"image":{"@id":"http:\/\/tt-bruchhausen.de\/Web\/zweite-verliert-bei-aufstiegsaspirant\/#primaryimage"},"thumbnailUrl":"http:\/\/tt-bruchhausen.de\/Web\/wp-content\/uploads\/2017\/02\/netz_ball1000pix.jpg","datePublished":"2019-10-06T07:16:12+00:00","dateModified":"2019-10-13T09:49:49+00:00","author":{"@id":"http:\/\/tt-bruchhausen.de\/Web\/#\/schema\/person\/7c735958f443bed6480f227cb3676192"},"breadcrumb":{"@id":"http:\/\/tt-bruchhausen.de\/Web\/zweite-verliert-bei-aufstiegsaspirant\/#breadcrumb"},"inLanguage":"de","potentialAction":[{"@type":"ReadAction","target":["http:\/\/tt-bruchhausen.de\/Web\/zweite-verliert-bei-aufstiegsaspirant\/"]}]},{"@type":"ImageObject","inLanguage":"de","@id":"http:\/\/tt-bruchhausen.de\/Web\/zweite-verliert-bei-aufstiegsaspirant\/#primaryimage","url":"http:\/\/tt-bruchhausen.de\/Web\/wp-content\/uploads\/2017\/02\/netz_ball1000pix.jpg","contentUrl":"http:\/\/tt-bruchhausen.de\/Web\/wp-content\/uploads\/2017\/02\/netz_ball1000pix.jpg","width":1000,"height":666,"caption":"SAMSUNG CSC"},{"@type":"BreadcrumbList","@id":"http:\/\/tt-bruchhausen.de\/Web\/zweite-verliert-bei-aufstiegsaspirant\/#breadcrumb","itemListElement":[{"@type":"ListItem","position":1,"name":"Start","item":"http:\/\/tt-bruchhausen.de\/Web\/"},{"@type":"ListItem","position":2,"name":"Zweite verliert bei Aufstiegsaspirant"}]},{"@type":"WebSite","@id":"http:\/\/tt-bruchhausen.de\/Web\/#website","url":"http:\/\/tt-bruchhausen.de\/Web\/","name":"TuS Bruchhausen 02 - TT Abteilung","description":"Tischtennis im Entondorf","potentialAction":[{"@type":"SearchAction","target":{"@type":"EntryPoint","urlTemplate":"http:\/\/tt-bruchhausen.de\/Web\/?s={search_term_string}"},"query-input":{"@type":"PropertyValueSpecification","valueRequired":true,"valueName":"search_term_string"}}],"inLanguage":"de"},{"@type":"Person","@id":"http:\/\/tt-bruchhausen.de\/Web\/#\/schema\/person\/7c735958f443bed6480f227cb3676192","name":"Fabian Willeke","image":{"@type":"ImageObject","inLanguage":"de","@id":"https:\/\/secure.gravatar.com\/avatar\/af5e7cc9f1c13b7bf8b459810c41d1270d104693cd0048ec11a10acb24a19def?s=96&d=mm&r=g","url":"https:\/\/secure.gravatar.com\/avatar\/af5e7cc9f1c13b7bf8b459810c41d1270d104693cd0048ec11a10acb24a19def?s=96&d=mm&r=g","contentUrl":"https:\/\/secure.gravatar.com\/avatar\/af5e7cc9f1c13b7bf8b459810c41d1270d104693cd0048ec11a10acb24a19def?s=96&d=mm&r=g","caption":"Fabian Willeke"},"sameAs":["http:\/\/TT-Bruchhausen.de"],"url":"http:\/\/tt-bruchhausen.de\/Web\/author\/fabian\/"}]}},"_links":{"self":[{"href":"http:\/\/tt-bruchhausen.de\/Web\/wp-json\/wp\/v2\/posts\/5067","targetHints":{"allow":["GET"]}}],"collection":[{"href":"http:\/\/tt-bruchhausen.de\/Web\/wp-json\/wp\/v2\/posts"}],"about":[{"href":"http:\/\/tt-bruchhausen.de\/Web\/wp-json\/wp\/v2\/types\/post"}],"author":[{"embeddable":true,"href":"http:\/\/tt-bruchhausen.de\/Web\/wp-json\/wp\/v2\/users\/4"}],"replies":[{"embeddable":true,"href":"http:\/\/tt-bruchhausen.de\/Web\/wp-json\/wp\/v2\/comments?post=5067"}],"version-history":[{"count":7,"href":"http:\/\/tt-bruchhausen.de\/Web\/wp-json\/wp\/v2\/posts\/5067\/revisions"}],"predecessor-version":[{"id":5075,"href":"http:\/\/tt-bruchhausen.de\/Web\/wp-json\/wp\/v2\/posts\/5067\/revisions\/5075"}],"wp:featuredmedia":[{"embeddable":true,"href":"http:\/\/tt-bruchhausen.de\/Web\/wp-json\/wp\/v2\/media\/3215"}],"wp:attachment":[{"href":"http:\/\/tt-bruchhausen.de\/Web\/wp-json\/wp\/v2\/media?parent=5067"}],"wp:term":[{"taxonomy":"category","embeddable":true,"href":"http:\/\/tt-bruchhausen.de\/Web\/wp-json\/wp\/v2\/categories?post=5067"},{"taxonomy":"post_tag","embeddable":true,"href":"http:\/\/tt-bruchhausen.de\/Web\/wp-json\/wp\/v2\/tags?post=5067"}],"curies":[{"name":"wp","href":"https:\/\/api.w.org\/{rel}","templated":true}]}}