{"id":2978,"date":"2017-01-12T11:14:34","date_gmt":"2017-01-12T09:14:34","guid":{"rendered":"http:\/\/tt-bruchhausen.de\/Web\/?p=2978"},"modified":"2017-01-12T11:23:12","modified_gmt":"2017-01-12T09:23:12","slug":"es-geht-wieder-an-die-tische","status":"publish","type":"post","link":"http:\/\/tt-bruchhausen.de\/Web\/es-geht-wieder-an-die-tische\/","title":{"rendered":"Es geht wieder an die Tische"},"content":{"rendered":"<p style=\"text-align: justify;\">Die 2. und 3. Herren muss am Freitag den 13. und die 1. am Samstag den 14.01.2017 an die Platten. Die R\u00fcckrunde steht an, in der es unterschiedliche Ziele zu erreichen gilt.<\/p>\n<p style=\"text-align: justify;\">Die 1. m\u00f6chte weiter Bezirksligist bleiben und konnte sich durch Jens. Drescher (unten links)\u00a0verst\u00e4rken. Trotz einer Pause von zwei Jahren zeigte er beim ersten Trainig ansprechendes Tisch Tennis. Er wird das Team gegen Bad Westerkotten erstmals unterst\u00fctzen. (Ein herzliches Willkommen an dieser Stelle).<\/p>\n<p><img loading=\"lazy\" decoding=\"async\" class=\"alignnone size-full wp-image-2980\" src=\"http:\/\/tt-bruchhausen.de\/Web\/wp-content\/uploads\/2017\/01\/martin_drescher2017.jpg\" alt=\"\" width=\"640\" height=\"426\" srcset=\"http:\/\/tt-bruchhausen.de\/Web\/wp-content\/uploads\/2017\/01\/martin_drescher2017.jpg 640w, http:\/\/tt-bruchhausen.de\/Web\/wp-content\/uploads\/2017\/01\/martin_drescher2017-300x200.jpg 300w\" sizes=\"auto, (max-width: 640px) 100vw, 640px\" \/><\/p>\n<p style=\"text-align: justify;\">Die 2. steht ganz unten und kann wieder auf H. Coels zur\u00fcckgreifen, der seine Karriere noch einmal verl\u00e4ngert. Ohne Sport geht es auch f\u00fcr ihn nicht.<\/p>\n<p style=\"text-align: justify;\">Die 3. m\u00f6chte aufsteigen, hat aber schon in Fredeburg arge Personaln\u00f6te. H. Coels, der in der 3. gemeldet ist, muss direkt gegen Bad Sassendorf in der 2. aushelfen; Christoph Henneb\u00f6hl steht krankheitsbedingt nicht zur Verf\u00fcgung.<\/p>\n","protected":false},"excerpt":{"rendered":"<p>Die 2. und 3. Herren muss am Freitag den 13. und die 1. am Samstag den 14.01.2017 an die Platten.<\/p>\n","protected":false},"author":1,"featured_media":2979,"comment_status":"closed","ping_status":"closed","sticky":false,"template":"","format":"standard","meta":{"kia_subtitle":"Freitag der 13. soll kein schlechtes Omen sein","footnotes":""},"categories":[1,15],"tags":[],"class_list":["post-2978","post","type-post","status-publish","format-standard","has-post-thumbnail","hentry","category-1-allgemein","category-1-termine"],"_links":{"self":[{"href":"http:\/\/tt-bruchhausen.de\/Web\/wp-json\/wp\/v2\/posts\/2978","targetHints":{"allow":["GET"]}}],"collection":[{"href":"http:\/\/tt-bruchhausen.de\/Web\/wp-json\/wp\/v2\/posts"}],"about":[{"href":"http:\/\/tt-bruchhausen.de\/Web\/wp-json\/wp\/v2\/types\/post"}],"author":[{"embeddable":true,"href":"http:\/\/tt-bruchhausen.de\/Web\/wp-json\/wp\/v2\/users\/1"}],"replies":[{"embeddable":true,"href":"http:\/\/tt-bruchhausen.de\/Web\/wp-json\/wp\/v2\/comments?post=2978"}],"version-history":[{"count":3,"href":"http:\/\/tt-bruchhausen.de\/Web\/wp-json\/wp\/v2\/posts\/2978\/revisions"}],"predecessor-version":[{"id":2983,"href":"http:\/\/tt-bruchhausen.de\/Web\/wp-json\/wp\/v2\/posts\/2978\/revisions\/2983"}],"wp:featuredmedia":[{"embeddable":true,"href":"http:\/\/tt-bruchhausen.de\/Web\/wp-json\/wp\/v2\/media\/2979"}],"wp:attachment":[{"href":"http:\/\/tt-bruchhausen.de\/Web\/wp-json\/wp\/v2\/media?parent=2978"}],"wp:term":[{"taxonomy":"category","embeddable":true,"href":"http:\/\/tt-bruchhausen.de\/Web\/wp-json\/wp\/v2\/categories?post=2978"},{"taxonomy":"post_tag","embeddable":true,"href":"http:\/\/tt-bruchhausen.de\/Web\/wp-json\/wp\/v2\/tags?post=2978"}],"curies":[{"name":"wp","href":"https:\/\/api.w.org\/{rel}","templated":true}]}}